{"id":40023,"date":"2026-08-22T16:06:00","date_gmt":"2026-08-22T14:06:00","guid":{"rendered":"https:\/\/euapp01.newsmemory.com\/lamarseillaise\/news\/?p=40023"},"modified":"2026-08-27T09:14:17","modified_gmt":"2026-08-27T07:14:17","slug":"kalliste-et-des-enfers-surgirent-les-diables-rouges-3-3","status":"publish","type":"post","link":"https:\/\/euapp01.newsmemory.com\/lamarseillaise\/news\/2026\/08\/22\/kalliste-et-des-enfers-surgirent-les-diables-rouges-3-3\/","title":{"rendered":"[Kallist\u00e9] Et des enfers surgirent les Diables rouges (3\/3)"},"content":{"rendered":"<div class=\"paragraph\">\n<p>Trois\u00a0ans plus tard, cette reconstruction commence \u00e0 produire ses premiers effets visibles. Apr\u00e8s son retour en National 3 au printemps 2025, le Gaz vient de disputer une saison complexe mais salvatrice. Longtemps install\u00e9 dans le haut du classement apr\u00e8s un d\u00e9but de saison particuli\u00e8rement encourageant, le club a lutt\u00e9 pour assurer son maintien, objectif affich\u00e9 depuis le d\u00e9part, avec la volont\u00e9 de stabiliser durablement son retour \u00e0 ce niveau. Car personne, au club, ne souhaite verser dans la pr\u00e9cipitation. Le discours est prudent. Le Gaz sait ce que co\u00fbte l\u2019emballement.<\/p>\n<p>Ce qui frappe surtout, en parlant avec eux, c\u2019est cette constance dans les mots qui reviennent\u00a0: famille, travail, humilit\u00e9, transmission. Des mots simples, des mots presque banals mais qui, ici, semblent encore avoir du sens.<\/p>\n<p>Jean-Philippe me disait, quelques jours plus t\u00f4t, que le football \u00e9tait presque secondaire. Que ce qu\u2019il venait chercher au Gaz, m\u00eame en R\u00e9gional 2 ou en R\u00e9gional 1, c\u2019\u00e9tait d\u2019abord un sentiment d\u2019appartenance. En voyant ce soir-l\u00e0 ces quelques centaines de personnes venues pour un simple match amical de pr\u00e9paration, je comprends mieux ce qu\u2019il voulait dire. Personne n\u2019est l\u00e0 pour le prestige. Ils sont l\u00e0 parce que c\u2019est leur club. Ils sont l\u00e0 parce que dans une \u00e9poque o\u00f9 le football semble souvent se d\u00e9tacher de ses racines populaires, le Gaz continue de faire vivre quelque chose de plus ancien, de plus simple, de plus vrai.<\/p>\n<p>\u00c0 Ajaccio, le Gaz\u00e9lec n\u2019a jamais \u00e9t\u00e9 le club le plus riche. Mais il reste, pour beaucoup, l\u2019un des plus profond\u00e9ment enracin\u00e9s dans la ville. Peut-\u00eatre parce qu\u2019il lui ressemble. Avec ses exc\u00e8s, ses blessures, ses fid\u00e9lit\u00e9s.<\/p>\n<p>Il y a une \u00e2me ici<\/p>\n<p>En quittant le stade ce soir-l\u00e0, je repense \u00e0 cette phrase de Jean-Philippe\u00a0: \u00ab\u00a0Il y a une \u00e2me ici.\u00a0\u00bb C\u2019est peut-\u00eatre cela, au fond, que le Gaz a r\u00e9ussi \u00e0 sauver en 2023. Pas seulement une structure. Pas seulement une \u00e9quipe. Mais une \u00e2me. Et dans le football moderne, c\u2019est sans doute ce qu\u2019il y a de plus rare.<\/p>\n<\/p><\/div>\n","protected":false},"excerpt":{"rendered":"Trois&nbsp;ans plus tard, cette reconstruction commence &agrave; produire ses premiers effets visibles. Apr&egrave;s son retour en National 3 au printemps 2025, le Gaz vient de disputer une saison complexe mais salvatrice. Longtemps install&eacute; &#8230;","protected":false},"author":1,"featured_media":40024,"comment_status":"open","ping_status":"open","sticky":false,"template":"","format":"standard","meta":{"footnotes":""},"categories":[3926,3925,32],"tags":[],"news-destination":[3944],"news-source":[475],"is_homepage":[],"ta_other":[],"class_list":["post-40023","post","type-post","status-publish","format-standard","has-post-thumbnail","hentry","category-accueil-merge","category-accueil-third","category-culture","news-destination-homepage","news-source-website"],"_links":{"self":[{"href":"https:\/\/euapp01.newsmemory.com\/lamarseillaise\/news\/wp-json\/wp\/v2\/posts\/40023","targetHints":{"allow":["GET"]}}],"collection":[{"href":"https:\/\/euapp01.newsmemory.com\/lamarseillaise\/news\/wp-json\/wp\/v2\/posts"}],"about":[{"href":"https:\/\/euapp01.newsmemory.com\/lamarseillaise\/news\/wp-json\/wp\/v2\/types\/post"}],"author":[{"embeddable":true,"href":"https:\/\/euapp01.newsmemory.com\/lamarseillaise\/news\/wp-json\/wp\/v2\/users\/1"}],"replies":[{"embeddable":true,"href":"https:\/\/euapp01.newsmemory.com\/lamarseillaise\/news\/wp-json\/wp\/v2\/comments?post=40023"}],"version-history":[{"count":1,"href":"https:\/\/euapp01.newsmemory.com\/lamarseillaise\/news\/wp-json\/wp\/v2\/posts\/40023\/revisions"}],"predecessor-version":[{"id":40025,"href":"https:\/\/euapp01.newsmemory.com\/lamarseillaise\/news\/wp-json\/wp\/v2\/posts\/40023\/revisions\/40025"}],"wp:featuredmedia":[{"embeddable":true,"href":"https:\/\/euapp01.newsmemory.com\/lamarseillaise\/news\/wp-json\/wp\/v2\/media\/40024"}],"wp:attachment":[{"href":"https:\/\/euapp01.newsmemory.com\/lamarseillaise\/news\/wp-json\/wp\/v2\/media?parent=40023"}],"wp:term":[{"taxonomy":"category","embeddable":true,"href":"https:\/\/euapp01.newsmemory.com\/lamarseillaise\/news\/wp-json\/wp\/v2\/categories?post=40023"},{"taxonomy":"post_tag","embeddable":true,"href":"https:\/\/euapp01.newsmemory.com\/lamarseillaise\/news\/wp-json\/wp\/v2\/tags?post=40023"},{"taxonomy":"news-destination","embeddable":true,"href":"https:\/\/euapp01.newsmemory.com\/lamarseillaise\/news\/wp-json\/wp\/v2\/news-destination?post=40023"},{"taxonomy":"news-source","embeddable":true,"href":"https:\/\/euapp01.newsmemory.com\/lamarseillaise\/news\/wp-json\/wp\/v2\/news-source?post=40023"},{"taxonomy":"is_homepage","embeddable":true,"href":"https:\/\/euapp01.newsmemory.com\/lamarseillaise\/news\/wp-json\/wp\/v2\/is_homepage?post=40023"},{"taxonomy":"ta_other","embeddable":true,"href":"https:\/\/euapp01.newsmemory.com\/lamarseillaise\/news\/wp-json\/wp\/v2\/ta_other?post=40023"}],"curies":[{"name":"wp","href":"https:\/\/api.w.org\/{rel}","templated":true}]}}