{"id":40021,"date":"2026-08-22T16:10:00","date_gmt":"2026-08-22T14:10:00","guid":{"rendered":"https:\/\/euapp01.newsmemory.com\/lamarseillaise\/news\/?p=40021"},"modified":"2026-08-27T09:27:05","modified_gmt":"2026-08-27T07:27:05","slug":"memoire-ouvriere-lucien-molino-toutes-les-corporations-en-greve","status":"publish","type":"post","link":"https:\/\/euapp01.newsmemory.com\/lamarseillaise\/news\/2026\/08\/22\/memoire-ouvriere-lucien-molino-toutes-les-corporations-en-greve\/","title":{"rendered":"[M\u00e9moire ouvri\u00e8re] Lucien Molino, toutes les corporations en gr\u00e8ve"},"content":{"rendered":"<div class=\"paragraph\">\n<p>C&#8217;est ainsi que 80\u00a0000\u00a0repas par jour furent distribu\u00e9s par des cuisines roulantes dans les quartiers. Toute une organisation \u00e9tait sur pied pour ravitailler en l\u00e9gumes et en viandes. Pour les l\u00e9gumes, nous devons rendre hommage aux paysans qui nous livraient \u00e0 bas prix et qui parfois nous en faisaient cadeau. De plus, j&#8217;avais donn\u00e9 des ordres pour r\u00e9quisitionner le ravitaillent transport\u00e9 par la SNCF. C&#8217;est ainsi qu\u2019\u00e0 Miramas, tous les trains de pommes de terre, l\u00e9gumes et fruits, \u00e9taient arr\u00eat\u00e9s et r\u00e9cup\u00e9r\u00e9s par l\u2019Union locale. Nous avons r\u00e9quisitionn\u00e9 aussi de l\u2019huile, des mati\u00e8res grasses et du lait pour les enfants.<\/p>\n<p>Notre ravitaillement de la population nous attirait des sympathies. Quelle joie pour les travailleurs du port lorsqu\u2019ils re\u00e7urent Aragon et Elsa Triolet\u00a0: tous deux ont visit\u00e9 toutes les cuisines roulantes dans les quartiers.<\/p>\n<p>Nous recevions des t\u00e9l\u00e9grammes de nombreux intellectuels nous encourageant dans ce combat \u00e9conomique. \u00c0 l\u2019inverse, la police interceptait nos v\u00e9hicules. Nous sommes intervenus aupr\u00e8s du pr\u00e9fet\u00a0: nous garantissons le ravitaillement, \u00e0 une condition, que vous cessiez d\u2019entraver la circulation de nos v\u00e9hicules et notre plan. Le pr\u00e9fet ne pouvait refuser nos arguments car il \u00e9tait effray\u00e9 de la tournure que prendraient les \u00e9v\u00e9nements, si le ravitaillement n&#8217;\u00e9tait plus assur\u00e9.<\/p>\n<p>La police et les gardes mobiles sillonnaient les quartiers pour effrayer la population et les gr\u00e9vistes. Nous avons pris des dispositions pour g\u00eaner leur circulation et nous avons obtenu des succ\u00e8s gr\u00e2ce aux crampons m\u00e9talliques. Cela nous prit une nuit enti\u00e8re pour les forger. Lorsqu\u2019un crampon \u00e9tait r\u00e9alis\u00e9 il \u00e9tait jet\u00e9 \u00e0 terre pour s\u2019assurer qu\u2019un pneu de voiture ne le ferait pas tourner. Apr\u00e8s maints essais nous avons r\u00e9ussi un syst\u00e8me inattaquable. Par centaines, ils furent jet\u00e9s dans les grandes art\u00e8res, en faisant conna\u00eetre aux chauffeurs de nos camionnettes assurant le transport les endroits o\u00f9 les crochets \u00e9taient jet\u00e9s. Quel plaisir d\u2019entendre les pneus des voitures de police qui rendaient l\u2019\u00e2me\u00a0! Les camions fran\u00e7ais et \u00e9trangers \u00e9taient immobilis\u00e9s par les crampons qui parsemaient les grandes art\u00e8res. Mercury, secr\u00e9taire r\u00e9gional de la police, fit la chasse aux semeurs de crampons mais jamais la police ne put conna\u00eetre les lieux o\u00f9 ils \u00e9taient fabriqu\u00e9s et les jets continu\u00e8rent. Le 18\u00a0novembre, on bloquait avec les cheminots une locomotive \u00e0 la gare de la Blancarde. Le 21 septembre, des camarades furent arr\u00eat\u00e9s pour menaces contre les employeurs et quelques non-gr\u00e9vistes. Du 19 au 20\u00a0novembre, le gouvernement Ramadier passait la main et cherchait une solution de 3<sup>e<\/sup> force inaugur\u00e9e en catastrophe le 22 avec le gouvernement de Robert Shuman.\u00a0Toutes les corporations \u00e9taient en gr\u00e8ve, y compris les services publics si malmen\u00e9s par l\u2019inflation.<\/p>\n<p><i>\u00e0 suivre la semaine prochaine&#8230;<\/i><\/p>\n<\/p><\/div>\n","protected":false},"excerpt":{"rendered":"C&#8217;est ainsi que 80&nbsp;000&nbsp;repas par jour furent distribu&eacute;s par des cuisines roulantes dans les quartiers. Toute une organisation &eacute;tait sur pied pour ravitailler en l&eacute;gumes et en viandes. Pour les l&eacute;gumes, nous &#8230;","protected":false},"author":1,"featured_media":38860,"comment_status":"open","ping_status":"open","sticky":false,"template":"","format":"standard","meta":{"footnotes":""},"categories":[3926,3925,32],"tags":[],"news-destination":[3944],"news-source":[475],"is_homepage":[],"ta_other":[],"class_list":["post-40021","post","type-post","status-publish","format-standard","has-post-thumbnail","hentry","category-accueil-merge","category-accueil-third","category-culture","news-destination-homepage","news-source-website"],"_links":{"self":[{"href":"https:\/\/euapp01.newsmemory.com\/lamarseillaise\/news\/wp-json\/wp\/v2\/posts\/40021","targetHints":{"allow":["GET"]}}],"collection":[{"href":"https:\/\/euapp01.newsmemory.com\/lamarseillaise\/news\/wp-json\/wp\/v2\/posts"}],"about":[{"href":"https:\/\/euapp01.newsmemory.com\/lamarseillaise\/news\/wp-json\/wp\/v2\/types\/post"}],"author":[{"embeddable":true,"href":"https:\/\/euapp01.newsmemory.com\/lamarseillaise\/news\/wp-json\/wp\/v2\/users\/1"}],"replies":[{"embeddable":true,"href":"https:\/\/euapp01.newsmemory.com\/lamarseillaise\/news\/wp-json\/wp\/v2\/comments?post=40021"}],"version-history":[{"count":1,"href":"https:\/\/euapp01.newsmemory.com\/lamarseillaise\/news\/wp-json\/wp\/v2\/posts\/40021\/revisions"}],"predecessor-version":[{"id":40022,"href":"https:\/\/euapp01.newsmemory.com\/lamarseillaise\/news\/wp-json\/wp\/v2\/posts\/40021\/revisions\/40022"}],"wp:featuredmedia":[{"embeddable":true,"href":"https:\/\/euapp01.newsmemory.com\/lamarseillaise\/news\/wp-json\/wp\/v2\/media\/38860"}],"wp:attachment":[{"href":"https:\/\/euapp01.newsmemory.com\/lamarseillaise\/news\/wp-json\/wp\/v2\/media?parent=40021"}],"wp:term":[{"taxonomy":"category","embeddable":true,"href":"https:\/\/euapp01.newsmemory.com\/lamarseillaise\/news\/wp-json\/wp\/v2\/categories?post=40021"},{"taxonomy":"post_tag","embeddable":true,"href":"https:\/\/euapp01.newsmemory.com\/lamarseillaise\/news\/wp-json\/wp\/v2\/tags?post=40021"},{"taxonomy":"news-destination","embeddable":true,"href":"https:\/\/euapp01.newsmemory.com\/lamarseillaise\/news\/wp-json\/wp\/v2\/news-destination?post=40021"},{"taxonomy":"news-source","embeddable":true,"href":"https:\/\/euapp01.newsmemory.com\/lamarseillaise\/news\/wp-json\/wp\/v2\/news-source?post=40021"},{"taxonomy":"is_homepage","embeddable":true,"href":"https:\/\/euapp01.newsmemory.com\/lamarseillaise\/news\/wp-json\/wp\/v2\/is_homepage?post=40021"},{"taxonomy":"ta_other","embeddable":true,"href":"https:\/\/euapp01.newsmemory.com\/lamarseillaise\/news\/wp-json\/wp\/v2\/ta_other?post=40021"}],"curies":[{"name":"wp","href":"https:\/\/api.w.org\/{rel}","templated":true}]}}