{"id":40012,"date":"2026-08-22T16:48:00","date_gmt":"2026-08-22T14:48:00","guid":{"rendered":"https:\/\/euapp01.newsmemory.com\/lamarseillaise\/news\/?p=40012"},"modified":"2026-08-27T10:34:45","modified_gmt":"2026-08-27T08:34:45","slug":"dernieres-seances-en-plein-air-et-pour-tous","status":"publish","type":"post","link":"https:\/\/euapp01.newsmemory.com\/lamarseillaise\/news\/2026\/08\/22\/dernieres-seances-en-plein-air-et-pour-tous\/","title":{"rendered":"Derni\u00e8res s\u00e9ances en plein air et pour tous \u00e0 Marseille"},"content":{"rendered":"<div class=\"paragraph\">\n<p>C\u2019est <i>Peau d\u2019\u00e2ne<\/i>, de Jacques Demy, qui a ouvert la 31<sup>e<\/sup>\u00a0\u00e9dition du festival Cin\u00e9 Plein Air, le 30\u00a0juin dernier. Pendant plus de deux mois, un total de 42\u00a0films a \u00e9t\u00e9 programm\u00e9 dans 26\u00a0lieux diff\u00e9rents. \u00ab\u00a0<i>La programmation propose des films tr\u00e8s vari\u00e9s en termes d\u2019\u00e9poque d\u2019origine, pour un public tr\u00e8s large. \u00c7a va des films tr\u00e8s populaires, assez cultes, \u00e0 des films un peu plus <\/i>&#8220;<i>cin\u00e9ma d\u2019auteur&#8221;<\/i>\u00a0\u00bb, d\u00e9taille Z\u00e9lie Cougourdan, coordinatrice du festival. Un ensemble de dix films \u00e9tait pr\u00e9vu sp\u00e9cialement pour les enfants.<\/p>\n<p>L\u2019ensemble des s\u00e9ances est enti\u00e8rement gratuit et ne n\u00e9cessite aucune r\u00e9servation. Il est toujours possible d\u2019y assister lors des prochaines s\u00e9ances \u00e0 venir. Ce samedi 22\u00a0ao\u00fbt, on retrouve le film d\u2019animation <i>Wall-E<\/i> \u00e0 21\u00a0heures, au parc du Grand S\u00e9minaire. Dimanche 23\u00a0ao\u00fbt, c\u2019est l\u2019occasion de voir <i>Stillwater<\/i>, un film d\u2019action tourn\u00e9 \u00e0 Marseille, \u00e0 21\u00a0heures, au stade nautique Florence-Arthaud. <i>L\u2019une chante, l\u2019autre pas<\/i>, d\u2019Agn\u00e8s Varda, sera \u00e0 retrouver le 26 ao\u00fbt, au Mus\u00e9um, \u00e0 21h15. En plus de ces trois films, cinq autres sont \u00e9galement \u00e0 venir. Les d\u00e9tails complets sont \u00e0 retrouver sur<a rel=\"nofollow noopener noreferrer\" href=\"https:\/\/seances-speciales.fr\/\" target=\"_blank\"> leur site internet. <\/a><\/p>\n<p>\u00ab\u00a0<i>Cette ann\u00e9e, on a eu pas mal de jauges de fr\u00e9quentation atteintes, selon les lieux. Le bilan est pour l\u2019instant positif, m\u00eame si on a eu des soucis d\u2019annulation \u00e0 cause de la m\u00e9t\u00e9o<\/i>\u00a0\u00bb, r\u00e9v\u00e8le la coordinatrice de l\u2019\u00e9v\u00e9nement. Deux films ont \u00e9t\u00e9 annul\u00e9s et deux sont report\u00e9s\u00a0: <i>El Sett<\/i>, ce jeudi 27\u00a0ao\u00fbt, et le film d\u2019animation <i>Rio<\/i>, ce dimanche 30\u00a0ao\u00fbt.<\/p>\n<p>\u00ab\u00a0On programme en lien avec les lieux\u00a0\u00bb<\/p>\n<p>\u00ab\u00a0<i>On a un gros partenariat avec le Mucem. Chaque mercredi, depuis le d\u00e9but du festival, un film est projet\u00e9, ce qui fait un total de neuf films qui sont tous en lien avec l\u2019exposition temporaire &#8220;Bonnes M\u00e8res&#8221;<\/i><i>\u00a0<\/i>\u00bb, explique Z\u00e9lie Cougourdan. Cela vaut pour tous les autres mus\u00e9es partenaires\u00a0: \u00ab\u00a0<i>Ce sont toujours des films en r\u00e9sonance avec les expositions en cours<\/i>\u00a0\u00bb, rajoute-t-elle.<\/p>\n<p>De plus de nombreuses s\u00e9ances ont \u00e9t\u00e9 propos\u00e9es en collaboration avec d\u2019autres festivals, comme le FID, le Festival de Marseille ou encore le festival Kouss-Kouss.<\/p>\n<\/p><\/div>\n<div class=\"paragraph\">\n<p><i>Plus d\u2019infos sur <a rel=\"nofollow noopener noreferrer\" href=\"https:\/\/seances-speciales.fr\/\" target=\"_blank\">seances-speciales.fr<\/a><\/i><\/p>\n<\/p><\/div>\n","protected":false},"excerpt":{"rendered":"C&rsquo;est Peau d&rsquo;&acirc;ne, de Jacques Demy, qui a ouvert la 31e&nbsp;&eacute;dition du festival Cin&eacute; Plein Air, le 30&nbsp;juin dernier. Pendant plus de deux mois, un total de 42&nbsp;films a &eacute;t&eacute; programm&eacute; dans &#8230;","protected":false},"author":1,"featured_media":40013,"comment_status":"open","ping_status":"open","sticky":false,"template":"","format":"standard","meta":{"footnotes":""},"categories":[3926,3925,32],"tags":[10,397,1315,1083,16,78],"news-destination":[3944],"news-source":[475],"is_homepage":[],"ta_other":[],"class_list":["post-40012","post","type-post","status-publish","format-standard","has-post-thumbnail","hentry","category-accueil-merge","category-accueil-third","category-culture","tag-bouches-du-rhone","tag-festivals","tag-films","tag-gratuit","tag-marseille","tag-projection","news-destination-homepage","news-source-website"],"_links":{"self":[{"href":"https:\/\/euapp01.newsmemory.com\/lamarseillaise\/news\/wp-json\/wp\/v2\/posts\/40012","targetHints":{"allow":["GET"]}}],"collection":[{"href":"https:\/\/euapp01.newsmemory.com\/lamarseillaise\/news\/wp-json\/wp\/v2\/posts"}],"about":[{"href":"https:\/\/euapp01.newsmemory.com\/lamarseillaise\/news\/wp-json\/wp\/v2\/types\/post"}],"author":[{"embeddable":true,"href":"https:\/\/euapp01.newsmemory.com\/lamarseillaise\/news\/wp-json\/wp\/v2\/users\/1"}],"replies":[{"embeddable":true,"href":"https:\/\/euapp01.newsmemory.com\/lamarseillaise\/news\/wp-json\/wp\/v2\/comments?post=40012"}],"version-history":[{"count":3,"href":"https:\/\/euapp01.newsmemory.com\/lamarseillaise\/news\/wp-json\/wp\/v2\/posts\/40012\/revisions"}],"predecessor-version":[{"id":40029,"href":"https:\/\/euapp01.newsmemory.com\/lamarseillaise\/news\/wp-json\/wp\/v2\/posts\/40012\/revisions\/40029"}],"wp:featuredmedia":[{"embeddable":true,"href":"https:\/\/euapp01.newsmemory.com\/lamarseillaise\/news\/wp-json\/wp\/v2\/media\/40013"}],"wp:attachment":[{"href":"https:\/\/euapp01.newsmemory.com\/lamarseillaise\/news\/wp-json\/wp\/v2\/media?parent=40012"}],"wp:term":[{"taxonomy":"category","embeddable":true,"href":"https:\/\/euapp01.newsmemory.com\/lamarseillaise\/news\/wp-json\/wp\/v2\/categories?post=40012"},{"taxonomy":"post_tag","embeddable":true,"href":"https:\/\/euapp01.newsmemory.com\/lamarseillaise\/news\/wp-json\/wp\/v2\/tags?post=40012"},{"taxonomy":"news-destination","embeddable":true,"href":"https:\/\/euapp01.newsmemory.com\/lamarseillaise\/news\/wp-json\/wp\/v2\/news-destination?post=40012"},{"taxonomy":"news-source","embeddable":true,"href":"https:\/\/euapp01.newsmemory.com\/lamarseillaise\/news\/wp-json\/wp\/v2\/news-source?post=40012"},{"taxonomy":"is_homepage","embeddable":true,"href":"https:\/\/euapp01.newsmemory.com\/lamarseillaise\/news\/wp-json\/wp\/v2\/is_homepage?post=40012"},{"taxonomy":"ta_other","embeddable":true,"href":"https:\/\/euapp01.newsmemory.com\/lamarseillaise\/news\/wp-json\/wp\/v2\/ta_other?post=40012"}],"curies":[{"name":"wp","href":"https:\/\/api.w.org\/{rel}","templated":true}]}}