{"id":40009,"date":"2026-08-22T15:44:00","date_gmt":"2026-08-22T13:44:00","guid":{"rendered":"https:\/\/euapp01.newsmemory.com\/lamarseillaise\/news\/?p=40009"},"modified":"2026-08-27T08:36:04","modified_gmt":"2026-08-27T06:36:04","slug":"un-ete-au-camping-lhippocampe-a-volonne-un-camping-a-la-gestion-familiale","status":"publish","type":"post","link":"https:\/\/euapp01.newsmemory.com\/lamarseillaise\/news\/2026\/08\/22\/un-ete-au-camping-lhippocampe-a-volonne-un-camping-a-la-gestion-familiale\/","title":{"rendered":"[Un \u00e9t\u00e9 au camping] L\u2019Hippocampe \u00e0 Volonne, un camping \u00e0 la gestion familiale"},"content":{"rendered":"<div class=\"paragraph\">\n<p>Si l\u2019art de camper n\u2019est pas apparu au XXe si\u00e8cle, son d\u00e9veloppementen France d\u00e9bute en 1936 avec l\u2019instauration des cong\u00e9s pay\u00e9s. Les destinations c\u00f4ti\u00e8res deviennent accessibles \u00e0 tous. Aujourd\u2019hui, l\u2019offre s\u2019est consid\u00e9rablement diversifi\u00e9e mais le camping familial reste le symbole de vacances simples, \u00e9conomiques et populaires.<\/p>\n<p><i>I<\/i><i>l n\u2019y a pas de barri\u00e8re, on est to<\/i><i>us pareils, tous log\u00e9s \u00e0 la m\u00eame enseigne<\/i><i>\u00a0<\/i>\u00bb\u00a0: pour ses vacances d\u2019\u00e9t\u00e9, G\u00e9raldine Bonnici a choisi le camping l\u2019Hippocampe, \u00e0 cheval entre les deux communes de Volonne et de Ch\u00e2teau-Arnoux-Saint-Auban. \u00ab\u00a0<i>L\u2019ambiance camping et l\u2019ambiance location, \u00e7a n\u2019a rien \u00e0 voir<\/i><i>\u00a0<\/i>\u00bb, constate celle qui a r\u00e9serv\u00e9 un emplacement avec toute sa petite famille, habitu\u00e9e au camping.<\/p>\n<p>L\u2019\u00e9tablissement de 17\u00a0hectares compte 100\u00a0employ\u00e9s en haute saison, et 500\u00a0emplacements\u00a0: 300\u00a0h\u00e9bergements locatifs (mobil-homes, chalets, h\u00e9bergement toil\u00e9) et 200\u00a0emplacements de camping. Une extension a ouvert en\u00a02024 avec uniquement des places de camping, de l\u2019autre c\u00f4t\u00e9 de la Durance, c\u00f4t\u00e9 Ch\u00e2teau-Arnoux-Saint-Auban. \u00ab\u00a0<i>Ce n\u2019est pas la m\u00eame mentalit\u00e9, la client\u00e8le camping et la client\u00e8le mobil-home. Les clients qui sont l\u00e0-bas qu\u2019en camping sont contents d\u2019avoir un espace plus calme, plus naturel, plus zen<\/i><i>\u00a0<\/i>\u00bb, explique Alys Bravay, directrice de l\u2019\u00e9tablissement. \u00ab\u00a0<i>Je pr\u00e9f\u00e8re le calme. L\u2019autre partie, c\u2019est beaucoup plus festif<\/i><i>\u00a0<\/i>\u00bb, abonde G\u00e9raldine Bonnici. \u00ab\u00a0<i>On reviendra l\u2019ann\u00e9e prochaine<\/i><i>\u00a0<\/i><i>! C\u2019est un cadre apaisant, relaxant, aux portes des Alpes<\/i><i>\u00a0<\/i>\u00bb, conclut-elle.<\/p>\n<p>Le camping a \u00e9t\u00e9 cr\u00e9\u00e9 en\u00a01965, par le grand-p\u00e8re d\u2019Alys Bravay, ancien travailleur \u00e0 l\u2019usine Arkema. Son p\u00e8re et son oncle l\u2019ont ensuite repris dans les ann\u00e9es\u00a01980, et elle est arriv\u00e9e en\u00a02018. Elle g\u00e8re encore l\u2019\u00e9tablissement aux c\u00f4t\u00e9s de son p\u00e8re, de son oncle et de sa tante.<\/p>\n<p>Historiquement, le camping s\u2019est construit autour de la discoth\u00e8que, ouverte en\u00a01966. \u00ab\u00a0<i>On a achet\u00e9 les terrains au fur et \u00e0 mesure<\/i>\u00a0\u00bb, explique Alys Bravay. La discoth\u00e8que propose d\u00e9sormais des soir\u00e9es adapt\u00e9es aux mineurs, sans d\u00e9bit de boisson, pour les adolescents de l\u2019\u00e9tablissement qui peuvent en profiter jusqu\u2019\u00e0 2h du matin.<\/p>\n<p>La cr\u00e9ation du camping a \u00e9galement \u00e9t\u00e9 encourag\u00e9e par la construction d\u2019un barrage sur la Durance, qui cr\u00e9a \u00e0 l\u2019\u00e9poque un lac artificiel de 110\u00a0hectares, et donna au grand-p\u00e8re d\u2019Alys l\u2019id\u00e9e d\u2019ouvrir une guinguette avec location de p\u00e9dalos.<\/p>\n<p>Des vacances \u00e0 petit budget<\/p>\n<p>\u00ab\u00a0<i>Dans les gorges du Verdon, tous les campings \u00e9taient d\u00e9j\u00e0 complets, et c\u2019\u00e9tait beaucoup plus cher<\/i>\u00a0\u00bb, t\u00e9moigne Sabrina Lebrun, venue de l\u2019Aisne avec sa fille adolescente et la meilleure amie de cette derni\u00e8re, Lovely et Tim\u00e9lia. La petite famille a fait le choix de louer un emplacement o\u00f9 poser deux tentes, pour leur premi\u00e8re exp\u00e9rience en camping. \u00ab\u00a0<i>Un emplacement mobil-home, \u00e7a fait super cher. Il a fallu s\u2019\u00e9quiper, c\u2019est un p\u00e9riple<\/i><i>\u00a0<\/i><i>! C\u2019est un investissement, j\u2019ai tout achet\u00e9 sur Leboncoin<\/i><i>\u00a0<\/i><i>: la rallonge \u00e9lectrique, un r\u00e9chaud, des cartouches de gaz, une petite armoire de camping&#8230; Mine de rien, \u00e7a va vite, pour une semaine, \u00e7a chiffre<\/i><i>\u00a0<\/i><i>!<\/i><i>\u00a0<\/i>\u00bb, lance Sabrina. Pour \u00e9conomiser, elle lave son linge \u00e0 la main et \u00e9vite de prendre l\u2019autoroute. \u00ab\u00a0<i>De chez nous, c\u2019est 100<\/i><i>\u00a0<\/i><i>euros le p\u00e9age<\/i><i>\u00a0<\/i><i>! Avec l\u2019essence, \u00e7a nous fait 400<\/i><i>\u00a0<\/i><i>euros l\u2019aller-retour<\/i><i>\u00a0<\/i>\u00bb, d\u00e9plore-t-elle.<\/p>\n<p>\u00ab\u00a0<i>On est attentifs \u00e0 ce que le personnel fasse le maximum pour bien accueillir les clients qui ont \u00e9conomis\u00e9 toute l\u2019ann\u00e9e pour partir en vacances, et donc on fait le maximum pour que \u00e7a se passe bien<\/i><i>\u00a0<\/i>\u00bb, avance Alys Bravay.<\/p>\n<p>Le camping accueille environ 60% de Fran\u00e7ais, majoritairement de la R\u00e9gion Paca et du Nord, et 40% d\u2019\u00e9trangers, majoritairement hollandais et belges.<\/p>\n<\/p><\/div>\n","protected":false},"excerpt":{"rendered":"Si l&rsquo;art de camper n&rsquo;est pas apparu au XXe si&egrave;cle, son d&eacute;veloppementen France d&eacute;bute en 1936 avec l&rsquo;instauration des cong&eacute;s pay&eacute;s. Les destinations c&ocirc;ti&egrave;res deviennent accessibles &#8230;","protected":false},"author":1,"featured_media":40010,"comment_status":"open","ping_status":"open","sticky":false,"template":"","format":"standard","meta":{"footnotes":""},"categories":[3926,3925,20],"tags":[4768,4467,430,6085,5238,1862,57,336,58,2371,672,51,394,1361],"news-destination":[3944],"news-source":[475],"is_homepage":[],"ta_other":[],"class_list":["post-40009","post","type-post","status-publish","format-standard","has-post-thumbnail","hentry","category-accueil-merge","category-accueil-third","category-societe","tag-alpes","tag-alpes-de-haute-provence","tag-budget","tag-cest-lete","tag-camping","tag-economies","tag-enfants","tag-ete","tag-famille","tag-jeux","tag-piscine","tag-societe","tag-sport","tag-vacances","news-destination-homepage","news-source-website"],"_links":{"self":[{"href":"https:\/\/euapp01.newsmemory.com\/lamarseillaise\/news\/wp-json\/wp\/v2\/posts\/40009","targetHints":{"allow":["GET"]}}],"collection":[{"href":"https:\/\/euapp01.newsmemory.com\/lamarseillaise\/news\/wp-json\/wp\/v2\/posts"}],"about":[{"href":"https:\/\/euapp01.newsmemory.com\/lamarseillaise\/news\/wp-json\/wp\/v2\/types\/post"}],"author":[{"embeddable":true,"href":"https:\/\/euapp01.newsmemory.com\/lamarseillaise\/news\/wp-json\/wp\/v2\/users\/1"}],"replies":[{"embeddable":true,"href":"https:\/\/euapp01.newsmemory.com\/lamarseillaise\/news\/wp-json\/wp\/v2\/comments?post=40009"}],"version-history":[{"count":1,"href":"https:\/\/euapp01.newsmemory.com\/lamarseillaise\/news\/wp-json\/wp\/v2\/posts\/40009\/revisions"}],"predecessor-version":[{"id":40011,"href":"https:\/\/euapp01.newsmemory.com\/lamarseillaise\/news\/wp-json\/wp\/v2\/posts\/40009\/revisions\/40011"}],"wp:featuredmedia":[{"embeddable":true,"href":"https:\/\/euapp01.newsmemory.com\/lamarseillaise\/news\/wp-json\/wp\/v2\/media\/40010"}],"wp:attachment":[{"href":"https:\/\/euapp01.newsmemory.com\/lamarseillaise\/news\/wp-json\/wp\/v2\/media?parent=40009"}],"wp:term":[{"taxonomy":"category","embeddable":true,"href":"https:\/\/euapp01.newsmemory.com\/lamarseillaise\/news\/wp-json\/wp\/v2\/categories?post=40009"},{"taxonomy":"post_tag","embeddable":true,"href":"https:\/\/euapp01.newsmemory.com\/lamarseillaise\/news\/wp-json\/wp\/v2\/tags?post=40009"},{"taxonomy":"news-destination","embeddable":true,"href":"https:\/\/euapp01.newsmemory.com\/lamarseillaise\/news\/wp-json\/wp\/v2\/news-destination?post=40009"},{"taxonomy":"news-source","embeddable":true,"href":"https:\/\/euapp01.newsmemory.com\/lamarseillaise\/news\/wp-json\/wp\/v2\/news-source?post=40009"},{"taxonomy":"is_homepage","embeddable":true,"href":"https:\/\/euapp01.newsmemory.com\/lamarseillaise\/news\/wp-json\/wp\/v2\/is_homepage?post=40009"},{"taxonomy":"ta_other","embeddable":true,"href":"https:\/\/euapp01.newsmemory.com\/lamarseillaise\/news\/wp-json\/wp\/v2\/ta_other?post=40009"}],"curies":[{"name":"wp","href":"https:\/\/api.w.org\/{rel}","templated":true}]}}