{"id":39994,"date":"2026-08-23T15:51:00","date_gmt":"2026-08-23T13:51:00","guid":{"rendered":"https:\/\/euapp01.newsmemory.com\/lamarseillaise\/news\/?p=39994"},"modified":"2026-08-27T21:41:21","modified_gmt":"2026-08-27T19:41:21","slug":"le-discours-trumpiste-de-robert-menard-indigne-a-gauche","status":"publish","type":"post","link":"https:\/\/euapp01.newsmemory.com\/lamarseillaise\/news\/2026\/08\/23\/le-discours-trumpiste-de-robert-menard-indigne-a-gauche\/","title":{"rendered":"[F\u00e9ria de B\u00e9ziers] Le discours trumpiste de Robert M\u00e9nard indigne \u00e0 gauche"},"content":{"rendered":"<div class=\"paragraph\">\n<p>C<i>e soir, nous avons tout<\/i><i>\u00a0<\/i><i>! Une messe dans les ar\u00e8nes, un d\u00e9fil\u00e9 de chars avec la Vierge Marie, notre saint patron, saint Aphrodise, et le comte de Trencavel qui nous a d\u00e9fendus jadis face au roi et au Pape. Nous avons m\u00eame eu une \u00e9clipse solaire<\/i><i>\u00a0<\/i><i>! Un signe du Ciel. Et de quoi donner le tournis aux jobards de la la\u00efcit\u00e9. Nous prierons pour eux <\/i>(&#8230;).<i> Oui, ici, dans nos rues, Marie, la Vierge, la Sainte Vierge continuera d\u2019\u00eatre port\u00e9e en procession <\/i>(&#8230;)<i>. Ici, on marie les gens qui sont en situation r\u00e9guli\u00e8re et les OQTF, on les renvoie chez eux. Oui, ici, nous continuerons \u00e0 aimer les femmes, le corps et le regard des femmes, \u00e0 notre fa\u00e7on, et tant pis aussi pour les f\u00e9ministes \u00e0 deux balles.<\/i><i>\u00a0<\/i>\u00bb<\/p>\n<p>Nous ne sommes pas sur FoxNews en direct d\u2019un meeting de Donald Trump mais bien \u00e0 la Feria de B\u00e9ziers. Le 12\u00a0ao\u00fbt, c\u2019est le maire d\u2019extr\u00eame droite Robert M\u00e9nard* qui a prononc\u00e9 ces mots lors du preg\u00f3n devant une foule r\u00e9ceptive. Face \u00e0 l\u2019indignation suscit\u00e9e depuis et au cas o\u00f9 le message ne serait pas clair,<br \/>R. M\u00e9nard a remis une pi\u00e8ce dans la machine r\u00e9actionnaire en placardant plusieurs affiches dans la cit\u00e9 de Paul Riquet. Au-dessus d\u2019une photo du maire de dos \u00e0 la tribune face \u00e0 la foule &#8211; telle une caution politique &#8211; venue festoyer, on peut lire tant\u00f4t\u00a0: \u00ab\u00a0On aime la messe, on aime les femmes, on aime les toros, on aime les flics. Et vous\u00a0?\u00a0\u00bb Tant\u00f4t\u00a0: \u00ab\u00a0Ici, nous avons des traditions\u00a0! Et tant pis pour les bureaucrates parisiens.\u00a0\u00bb<\/p>\n<p>Passons sur le co\u00fbt de cette nouvelle provocation de bas \u00e9tage doubl\u00e9e d\u2019une publicit\u00e9 personnelle dans un contexte festif peu propice \u00e0 la r\u00e9bellion populaire. Ce qui choque, c\u2019est l\u2019impunit\u00e9 avec laquelle le maire de la seconde ville de l\u2019H\u00e9rault peut se livrer \u00e0 une telle saillie aux relents rances si \u00e9loign\u00e9e des valeurs r\u00e9publicaines\u00a0: libert\u00e9, \u00e9galit\u00e9, fraternit\u00e9. Si le RN avait organis\u00e9 un Bingo \u00e0 la Feria, nul doute que R. M\u00e9nard, qui recevra le Canon fran\u00e7ais en septembre, aurait coch\u00e9 la plupart des cases. En quelques mots, tout est dit ou sugg\u00e9r\u00e9\u00a0: pros\u00e9lytisme chr\u00e9tien assum\u00e9, complotisme scientifique, rejet des \u00e9trangers au m\u00e9pris de la loi, masculinisme pour ne pas dire misogynie.<\/p>\n<p>\u00ab<i>\u00a0<\/i><i>200<\/i><i>\u00a0<\/i><i>ans de lutte pour la R\u00e9publique, la raison et la science noy\u00e9s dans un tonneau de sangria<\/i><i>\u00a0<\/i><i>; et ceux qui ne sont pas d\u2019accord avec les beauferies de l\u2019\u00e9lite, c\u2019est qu\u2019ils sont tristes et n\u2019aiment pas la f\u00eate&#8230;<\/i><i>\u00a0<\/i>\u00bb, a aussit\u00f4t comment\u00e9 la Libre Pens\u00e9e de l\u2019H\u00e9rault. Dans la foul\u00e9e, plusieurs associations et partis de gauche biterrois (LP, LDH, AFPS, LFI, G\u00e9n\u00e9ration.S, POI&#8230;) ont publi\u00e9 un communiqu\u00e9 commun d\u2019indignation contre ces \u00ab<i>\u00a0<\/i><i>propos inacceptables, orduriers, vulgaires et glauques<\/i><i>\u00a0<\/i>\u00bb, accus\u00e9s de renvoyer au \u00ab<i>\u00a0<\/i><i>r\u00e9gime de Vichy<\/i><i>\u00a0<\/i>\u00bb durant lequel l\u2019\u00c9glise avait \u00e9t\u00e9 r\u00e9habilit\u00e9e en d\u00e9pit de la loi de s\u00e9paration de 1905.<\/p>\n<\/p><\/div>\n<div class=\"intext\"> Le PCF combatif\n              <\/div>\n<div class=\"paragraph\">\n<p>De son c\u00f4t\u00e9, le PCF biterrois condamne des \u00ab<i>\u00a0<\/i><i>propos graves<\/i><i>\u00a0<\/i>\u00bb qui ne rel\u00e8vent<i> <\/i>\u00ab<i>\u00a0<\/i><i>ni de l\u2019humour ni d\u2019une simple provocation festive<\/i><i>\u00a0<\/i>\u00bb. Mais qui sont une attaque minutieuse orchestr\u00e9e contre la la\u00efcit\u00e9 ou les femmes qu\u2019on pourrait regarder \u00ab<i>\u00a0<\/i><i>\u00e0 sa fa\u00e7on<\/i><i>\u00a0<\/i>\u00bb<i>. <\/i>\u00ab<i>\u00a0<\/i><i>La la\u00efcit\u00e9 n\u2019est pas une vieille lubie. Le f\u00e9minisme n\u2019est pas une insulte. Les droits des femmes ne sont pas n\u00e9gociables. Et l\u2019extr\u00eame droite, m\u00eame lorsqu\u2019elle se cache derri\u00e8re les traditions, la f\u00eate ou l\u2019identit\u00e9 locale, doit \u00eatre combattue. \u00c0 B\u00e9ziers comme ailleurs, nous refusons que l\u2019on r\u00e9\u00e9crive notre Histoire en glorifiant ce qui doit rester dans le pass\u00e9<\/i><i>\u00a0<\/i><i>: la domination, le patriarcat, la remise en cause des libert\u00e9s et le m\u00e9pris de celles et ceux qui les d\u00e9fendent<\/i><i>\u00a0<\/i>\u00bb.<\/p>\n<p>Le PCF appelle \u00e0 un vrai d\u00e9bat public sur ces sujets et demande au maire s\u2019il assume ses propos, ce qui ne fait gu\u00e8re de doute. C\u2019est moins le cas de la pr\u00e9f\u00e8te de l\u2019H\u00e9rault. Pr\u00e9sente \u00e0 la messe d\u2019ouverture de la Feria, Chantal Mauchet estime que sa venue ne contrevient en rien au principe de la\u00efcit\u00e9 mais se garde de tout commentaire sur les propos de Robert M\u00e9nard. Nous y reviendrons en d\u00e9tail&#8230;<\/p>\n<p>Les ficelles de R.\u00a0M\u00e9nard sont grosses mais semblent fonctionner. \u00c0 l\u2019instar de la droite qui invoque souvent un pr\u00e9tendu \u00ab<i>\u00a0<\/i><i>bon sens<\/i><i>\u00a0<\/i>\u00bb pour justifier des r\u00e9gressions sociales, l\u2019extr\u00eame droite joue sur la corde populiste en flattant les instincts les plus bas. Un moment de concorde &#8211;\u00a0la f\u00eate\u00a0&#8211; est instrumentalis\u00e9 \u00e0 des fins id\u00e9ologiques. En bon communicant,<br \/>Robert M\u00e9nard y ajoute un ressort que Georges Fr\u00eache savait lui aussi utiliser\u00a0: l\u2019opposition entre les \u00e9lites bureaucratiques parisiennes et les gens du Midi, dont les traditions et l\u2019art de vivre seraient menac\u00e9s. Flatter les ego et stimuler le sentiment d\u2019appartenance pour d\u00e9fendre des \u00ab<i>\u00a0<\/i><i>valeurs<\/i><i>\u00a0<\/i>\u00bb qui vont \u00e0 l\u2019encontre de la tol\u00e9rance et du vivre ensemble. Sacr\u00e9e pirouette.<\/p>\n<\/p><\/div>\n<div class=\"paragraph\">\n<p><a rel=\"noopener noreferrer\" href=\"https:\/\/www.lamarseillaise.fr\/politique\/tribune-asterix-au-pays-des-discours-identitaires-CE20605878\" target=\"_blank\">[Tribune] Ast\u00e9rix au pays des discours identitaires<\/a><\/p>\n<\/p><\/div>\n","protected":false},"excerpt":{"rendered":"Ce soir, nous avons tout&nbsp;! Une messe dans les ar&egrave;nes, un d&eacute;fil&eacute; de chars avec la Vierge Marie, notre saint patron, saint Aphrodise, et le comte de Trencavel qui nous a d&eacute;fendus jadis face au roi et au Pape. Nous &#8230;","protected":false},"author":1,"featured_media":39995,"comment_status":"open","ping_status":"open","sticky":false,"template":"","format":"standard","meta":{"footnotes":""},"categories":[3926,3925,330],"tags":[441,387,683,466,239,681,3957,5844,2303,3857,250,440],"news-destination":[3944],"news-source":[475],"is_homepage":[],"ta_other":[],"class_list":["post-39994","post","type-post","status-publish","format-standard","has-post-thumbnail","hentry","category-accueil-merge","category-accueil-third","category-politique","tag-extreme-droite","tag-femmes","tag-feria","tag-fete","tag-herault","tag-laicite","tag-libre-pensee","tag-misogynie","tag-oqtf","tag-patriarcat","tag-pcf","tag-robert-menard","news-destination-homepage","news-source-website"],"_links":{"self":[{"href":"https:\/\/euapp01.newsmemory.com\/lamarseillaise\/news\/wp-json\/wp\/v2\/posts\/39994","targetHints":{"allow":["GET"]}}],"collection":[{"href":"https:\/\/euapp01.newsmemory.com\/lamarseillaise\/news\/wp-json\/wp\/v2\/posts"}],"about":[{"href":"https:\/\/euapp01.newsmemory.com\/lamarseillaise\/news\/wp-json\/wp\/v2\/types\/post"}],"author":[{"embeddable":true,"href":"https:\/\/euapp01.newsmemory.com\/lamarseillaise\/news\/wp-json\/wp\/v2\/users\/1"}],"replies":[{"embeddable":true,"href":"https:\/\/euapp01.newsmemory.com\/lamarseillaise\/news\/wp-json\/wp\/v2\/comments?post=39994"}],"version-history":[{"count":3,"href":"https:\/\/euapp01.newsmemory.com\/lamarseillaise\/news\/wp-json\/wp\/v2\/posts\/39994\/revisions"}],"predecessor-version":[{"id":40056,"href":"https:\/\/euapp01.newsmemory.com\/lamarseillaise\/news\/wp-json\/wp\/v2\/posts\/39994\/revisions\/40056"}],"wp:featuredmedia":[{"embeddable":true,"href":"https:\/\/euapp01.newsmemory.com\/lamarseillaise\/news\/wp-json\/wp\/v2\/media\/39995"}],"wp:attachment":[{"href":"https:\/\/euapp01.newsmemory.com\/lamarseillaise\/news\/wp-json\/wp\/v2\/media?parent=39994"}],"wp:term":[{"taxonomy":"category","embeddable":true,"href":"https:\/\/euapp01.newsmemory.com\/lamarseillaise\/news\/wp-json\/wp\/v2\/categories?post=39994"},{"taxonomy":"post_tag","embeddable":true,"href":"https:\/\/euapp01.newsmemory.com\/lamarseillaise\/news\/wp-json\/wp\/v2\/tags?post=39994"},{"taxonomy":"news-destination","embeddable":true,"href":"https:\/\/euapp01.newsmemory.com\/lamarseillaise\/news\/wp-json\/wp\/v2\/news-destination?post=39994"},{"taxonomy":"news-source","embeddable":true,"href":"https:\/\/euapp01.newsmemory.com\/lamarseillaise\/news\/wp-json\/wp\/v2\/news-source?post=39994"},{"taxonomy":"is_homepage","embeddable":true,"href":"https:\/\/euapp01.newsmemory.com\/lamarseillaise\/news\/wp-json\/wp\/v2\/is_homepage?post=39994"},{"taxonomy":"ta_other","embeddable":true,"href":"https:\/\/euapp01.newsmemory.com\/lamarseillaise\/news\/wp-json\/wp\/v2\/ta_other?post=39994"}],"curies":[{"name":"wp","href":"https:\/\/api.w.org\/{rel}","templated":true}]}}