{"id":39988,"date":"2026-08-22T08:44:00","date_gmt":"2026-08-22T06:44:00","guid":{"rendered":"https:\/\/euapp01.newsmemory.com\/lamarseillaise\/news\/?p=39988"},"modified":"2026-08-27T07:43:14","modified_gmt":"2026-08-27T05:43:14","slug":"megnan-affaire-de-premier-plan","status":"publish","type":"post","link":"https:\/\/euapp01.newsmemory.com\/lamarseillaise\/news\/2026\/08\/22\/megnan-affaire-de-premier-plan\/","title":{"rendered":"Megnan, affaire de premier plan"},"content":{"rendered":"<div class=\"paragraph\">\n<p>Il vient de poser un pied dans le monde pro, il en d\u00e9colle d\u00e9j\u00e0. Le jeune attaquant de Montpellier Lacin\u00e9 Megnan, 16 ans, avance \u00e0 la vitesse de la lumi\u00e8re et d\u00e9friche les sentiers de la pr\u00e9cocit\u00e9. Plus jeune buteur en Ligue 2, plus jeune joueur \u00e0 d\u00e9buter \u00e0 ce niveau\u00a0: l\u2019avant-centre va vite, ne laisse pas de temps au temps. Et assume devant les micros avec un certain calme et une rare maturit\u00e9.<\/p>\n<p>Il \u00e9clabousse ce d\u00e9but de saison de Montpellier, candidat \u00e0 la mont\u00e9e, et propage un espoir au sein d\u2019une \u00e9quipe rajeunie \u00e0 l\u2019intersaison. Et offre un bol d\u2019oxyg\u00e8ne \u00e0 un club, confront\u00e9 \u00e0 des soucis financiers en cette p\u00e9riode de vaches maigres et de droits t\u00e9l\u00e9s au rabais.<\/p>\n<p>Deux journ\u00e9es en Ligue 2, deux coups d\u2019\u00e9clat. Vendredi 14 ao\u00fbt \u00e0 Nancy, sur les terres ancestrales de Michel Platini, l\u2019entra\u00eeneur Zoumana Camara lance Lacin\u00e9 Megnan d\u2019entr\u00e9e \u00e0 la pointe de l\u2019attaque. Pour suppl\u00e9er la recrue malienne Mamadou Camara, bless\u00e9 \u00e0 une \u00e9paule et indisponible pour plusieurs semaines.<\/p>\n<p>Dans une rencontre verrouill\u00e9e, l\u2019avant-centre d\u00e9bloque tout. D\u2019un geste de classe. Un appel judicieux, un service parfait pour son partenaire Yanis Issoufou et une premi\u00e8re victoire pour Montpellier.<\/p>\n<p>Une semaine plus t\u00f4t, entr\u00e9 en jeu \u00e0 cinq minutes de la fin, le solide athl\u00e8te (1,87m) avait inscrit le but montpelli\u00e9rain. Avec la rage d\u2019un buteur.<\/p>\n<p>Ce but, valid\u00e9 quelques jours plus tard par le LFP, et cette passe d\u00e9cisive donnent un peu plus de cr\u00e9dit \u00e0 cette valeur montante. Et marchande. Depuis deux ou trois semaines, le Paris SG, double champion d\u2019Europe, s\u2019int\u00e9resse \u00e0 cet attaquant. \u00ab\u00a0C\u2019est le meilleur de sa g\u00e9n\u00e9ration, c\u2019est le capitaine de l\u2019\u00e9quipe de France U16\u00a0\u00bb assure le pr\u00e9sident de Montpellier. Qui ne veut pas vendre sa p\u00e9pite, qui veut pour le moins s\u2019assurer une belle plus-value.<\/p>\n<p>Paris n\u2019est pas seul sur le coup. Dans la foul\u00e9e de la signature de son premier contrat professionnel, en f\u00e9vrier, des clubs anglais, espagnols ou allemands sont aux aguets. Ils observent le ph\u00e9nom\u00e8ne, ils sont pr\u00eats \u00e0 miser sur ce nouveau talent de la formation fran\u00e7aise. En l\u2019occurrence celle de Montpellier.<\/p>\n<p>Lacin\u00e9 Megnan est n\u00e9 \u00e0 Montpellier en 2010. \u00c0 l\u2019\u00e2ge de cinq ans, le gamin, originaire des environs de P\u00e9zenas, a rejoint le club h\u00e9raultais. \u00ab\u00a0<i>Il est costaud dans sa t\u00eate, il est bien entour\u00e9, et il offre le profil d\u2019un attaquant moderne<\/i>\u00a0\u00bb, raconte-t-on du c\u00f4t\u00e9 de Grammont, le centre d\u2019entra\u00eenement.<\/p>\n<p>\u00c9ducateurs, dirigeants et proches\u00a0: personne n\u2019est surpris par sa trajectoire ascendante.<\/p>\n<p>Et le parcours en Coupe Gambardella, comp\u00e9tition d\u00e9di\u00e9e aux jeunes de moins de 18\u00a0ans et vitrine de la formation, est venu rappeler son savoir-faire. Et celui d\u2019une belle g\u00e9n\u00e9ration.<\/p>\n<p>Au printemps dernier, l\u2019\u00e9quipe dirig\u00e9e par Michel Rodriguez s\u2019est hiss\u00e9e en finale de la Coupe Gambardella. Au bout d\u2019un parcours, o\u00f9 elle a \u00e9limin\u00e9 tour \u00e0 tour Strasbourg, Nice, Rennes, tenant du titre, avant de chuter en finale au Stade de France devant le Paris SG.<\/p>\n<p>Par sa g\u00e9n\u00e9rosit\u00e9, ses qualit\u00e9s d\u2019attaquant, Lacin\u00e9 Megnan a drain\u00e9 dans son sillage une bande de gamins, dont cinq ont int\u00e9gr\u00e9 l\u2019\u00e9quipe de Zoumana Camara. Trois d\u2019entre eux\u00a0: Noah Vidal-Cartoux, Hichem Abderrebi ou Megnan ont pris part au d\u00e9but de saison. Les d\u00e9fenseurs Mathis Chambon et Tidiane Diallo, pour leur part, ont effectu\u00e9 la pr\u00e9paration et attendent leur heure.<\/p>\n<p>Megnan peut-il rejoindre Paris SG d\u00e8s cette saison\u00a0? Le club parisien fait le forcing pour s\u2019attacher les services de ce jeune joueur, d\u00e8s son \u00e9closion, plut\u00f4t que d\u2019en payer le prix fort dans six mois ou un an. \u00ab\u00a0<i>Il ne passera pas ses vingt ans chez nous<\/i>\u00a0\u00bb, l\u00e2che le pr\u00e9sident montpelli\u00e9rain.<\/p>\n<p>Selon divers m\u00e9dias, sp\u00e9cialis\u00e9s dans les transferts, le joueur, et son entourage, auraient trouv\u00e9 un accord avec le Paris SG. L\u2019indemnit\u00e9 du transfert, doubl\u00e9 d\u2019un pr\u00eat dans son club formateur, se n\u00e9gocie. Elle permettrait \u00e0 Montpellier d\u2019\u00e9quilibrer son budget actuel. Et de pr\u00e9parer la suite dans la s\u00e9r\u00e9nit\u00e9. Lacin\u00e9 Megnan, lui, pourrait voir plus haut.<\/p>\n<\/p><\/div>\n","protected":false},"excerpt":{"rendered":"Il vient de poser un pied dans le monde pro, il en d&eacute;colle d&eacute;j&agrave;. Le jeune attaquant de Montpellier Lacin&eacute; Megnan, 16 ans, avance &agrave; la vitesse de la lumi&egrave;re et d&eacute;friche les sentiers de la &#8230;","protected":false},"author":1,"featured_media":39989,"comment_status":"open","ping_status":"open","sticky":false,"template":"","format":"standard","meta":{"footnotes":""},"categories":[3926,3925,4069,7],"tags":[1201,13,239,59,3410,1835,5330,1152,3151,240,2029,5246],"news-destination":[3944],"news-source":[475],"is_homepage":[],"ta_other":[],"class_list":["post-39988","post","type-post","status-publish","format-standard","has-post-thumbnail","hentry","category-accueil-merge","category-accueil-third","category-sport","category-sports","tag-espoirs","tag-football","tag-herault","tag-jeunes","tag-jeunes-talents","tag-laurent-nicollin","tag-ligue-2","tag-mercato","tag-mhsc","tag-montpellier","tag-psg","tag-transferts","news-destination-homepage","news-source-website"],"_links":{"self":[{"href":"https:\/\/euapp01.newsmemory.com\/lamarseillaise\/news\/wp-json\/wp\/v2\/posts\/39988","targetHints":{"allow":["GET"]}}],"collection":[{"href":"https:\/\/euapp01.newsmemory.com\/lamarseillaise\/news\/wp-json\/wp\/v2\/posts"}],"about":[{"href":"https:\/\/euapp01.newsmemory.com\/lamarseillaise\/news\/wp-json\/wp\/v2\/types\/post"}],"author":[{"embeddable":true,"href":"https:\/\/euapp01.newsmemory.com\/lamarseillaise\/news\/wp-json\/wp\/v2\/users\/1"}],"replies":[{"embeddable":true,"href":"https:\/\/euapp01.newsmemory.com\/lamarseillaise\/news\/wp-json\/wp\/v2\/comments?post=39988"}],"version-history":[{"count":1,"href":"https:\/\/euapp01.newsmemory.com\/lamarseillaise\/news\/wp-json\/wp\/v2\/posts\/39988\/revisions"}],"predecessor-version":[{"id":39990,"href":"https:\/\/euapp01.newsmemory.com\/lamarseillaise\/news\/wp-json\/wp\/v2\/posts\/39988\/revisions\/39990"}],"wp:featuredmedia":[{"embeddable":true,"href":"https:\/\/euapp01.newsmemory.com\/lamarseillaise\/news\/wp-json\/wp\/v2\/media\/39989"}],"wp:attachment":[{"href":"https:\/\/euapp01.newsmemory.com\/lamarseillaise\/news\/wp-json\/wp\/v2\/media?parent=39988"}],"wp:term":[{"taxonomy":"category","embeddable":true,"href":"https:\/\/euapp01.newsmemory.com\/lamarseillaise\/news\/wp-json\/wp\/v2\/categories?post=39988"},{"taxonomy":"post_tag","embeddable":true,"href":"https:\/\/euapp01.newsmemory.com\/lamarseillaise\/news\/wp-json\/wp\/v2\/tags?post=39988"},{"taxonomy":"news-destination","embeddable":true,"href":"https:\/\/euapp01.newsmemory.com\/lamarseillaise\/news\/wp-json\/wp\/v2\/news-destination?post=39988"},{"taxonomy":"news-source","embeddable":true,"href":"https:\/\/euapp01.newsmemory.com\/lamarseillaise\/news\/wp-json\/wp\/v2\/news-source?post=39988"},{"taxonomy":"is_homepage","embeddable":true,"href":"https:\/\/euapp01.newsmemory.com\/lamarseillaise\/news\/wp-json\/wp\/v2\/is_homepage?post=39988"},{"taxonomy":"ta_other","embeddable":true,"href":"https:\/\/euapp01.newsmemory.com\/lamarseillaise\/news\/wp-json\/wp\/v2\/ta_other?post=39988"}],"curies":[{"name":"wp","href":"https:\/\/api.w.org\/{rel}","templated":true}]}}