{"id":39985,"date":"2026-08-22T08:47:00","date_gmt":"2026-08-22T06:47:00","guid":{"rendered":"https:\/\/euapp01.newsmemory.com\/lamarseillaise\/news\/?p=39985"},"modified":"2026-08-27T07:56:02","modified_gmt":"2026-08-27T05:56:02","slug":"des-toiles-pour-prolonger-lete-sous-le-ciel-cevenol","status":"publish","type":"post","link":"https:\/\/euapp01.newsmemory.com\/lamarseillaise\/news\/2026\/08\/22\/des-toiles-pour-prolonger-lete-sous-le-ciel-cevenol\/","title":{"rendered":"Des toiles pour prolonger l\u2019\u00e9t\u00e9 sous le ciel c\u00e9venol"},"content":{"rendered":"<div class=\"paragraph\">\n<p>Alors que la rentr\u00e9e se profile doucement, le territoire grand-al\u00e9sien s\u2019offre un petit rabe de plaisir estival sous les feux des projecteurs, avec un rendez-vous devenu incontournable sur le territoire\u00a0: le festival Cin\u00e9 \u00e9t\u00e9.<\/p>\n<p>Initi\u00e9e il y a 13 ans par Al\u00e8s Agglom\u00e9ration et organis\u00e9e par l\u2019association Itin\u00e9rances en partenariat avec Cineplanet, la manifestation propose des s\u00e9ances en plein air dans diff\u00e9rentes communes de l\u2019agglo, prolong\u00e9es, les deux derniers jours, par la projection de films en avant-premi\u00e8re au Cineplanet, le multiplexe art-et-essai d\u2019Al\u00e8s.<\/p>\n<p>\u00ab<i>\u00a0<\/i><i>Chaque ann\u00e9e, les villages qui souhaitent nous recevoir s\u2019inscrivent et on voyage partout dans l\u2019agglom\u00e9ration pour proposer des s\u00e9ances de projection en plein air, gratuites et familiales<\/i><i>\u00a0<\/i>\u00bb<i>,<\/i> explique Julie Plantier, charg\u00e9e de la communication d\u2019Itin\u00e9rances, qui organise \u00e9galement, chaque printemps, le festival de cin\u00e9ma d\u2019Al\u00e8s. Objectif\u00a0: offrir une culture vivante et partag\u00e9e au plus pr\u00e8s des habitants, au c\u0153ur du milieu rural. <i>\u00ab<\/i><i>\u00a0<\/i><i>L\u2019id\u00e9e est d\u2019aller vers des communes qui n\u2019ont pas forc\u00e9ment d\u2019acc\u00e8s aux grandes salles de cin\u00e9ma.<\/i><i>\u00a0<\/i><i>\u00bb <\/i><\/p>\n<p>Pour les premi\u00e8res soir\u00e9es de cette 13<sup>e<\/sup> \u00e9dition, du 24 au 29 ao\u00fbt, le festival investira les places publiques de quatre communes du territoire o\u00f9 seront projet\u00e9s, \u00e0 21h, \u00ab<i>\u00a0<\/i><i>des films coups de c\u0153ur<\/i><i>\u00a0<\/i>\u00bb<i> <\/i>adapt\u00e9s \u00e0 un public familial\u00a0: <i>Ma m\u00e8re, Dieu et Sylvie Vartan<\/i>, de Ken Scott (24 ao\u00fbt, Martignargues), <i>Vingt Dieux<\/i>, de Louise Courvoisier (25 ao\u00fbt, Branoux-les-Taillades), <i>Partir un jour<\/i>, d\u2019Am\u00e9lie Bonnin (25 ao\u00fbt, L\u00e9zan) et <i>Sur un fil<\/i>, de Reda Kateb (26 ao\u00fbt, Mons). Chaque projection, gratuite, est enrichie d\u2019animations artistiques, musicales et pr\u00e9c\u00e9d\u00e9e d\u2019un court-m\u00e9trage d\u2019animation.<\/p>\n<p>En marge de cette itin\u00e9rance territoriale, un pr\u00e9ambule exceptionnel sera propos\u00e9 d\u00e8s le vendredi 21\u00a0ao\u00fbt \u00e0 la Bambouseraie en C\u00e9vennes, \u00e0 G\u00e9n\u00e9rargues. Dans le cadre du 170<sup>e<\/sup> anniversaire du jardin botanique, le public pourra assister \u00e0 la projection en plein air du film <i>Touch\u00e9es,<\/i> r\u00e9alis\u00e9 par la Gardoise Alexandra Lamy, en pr\u00e9sence de la com\u00e9dienne et r\u00e9alisatrice. Ce long-m\u00e9trage, en partie tourn\u00e9 \u00e0 Anduze et dans les environs, raconte le parcours de trois femmes qui se reconstruisent \u00e0 travers un atelier de th\u00e9rapie par l\u2019escrime apr\u00e8s avoir \u00e9t\u00e9 victimes de violences (s\u00e9ance gratuite, sur r\u00e9servation).<\/p>\n<p>Le dernier temps fort se d\u00e9roulera au Cineplanet d\u2019Al\u00e8s les 28 et 29 ao\u00fbt, avec la projection, en avant-premi\u00e8re, de cinq films* remarqu\u00e9s lors du dernier festival de Cannes\u00a0: <i>Quelques mots d\u2019amour <\/i>(28\u00a0ao\u00fbt, 18h)<i>, \u00ab<\/i><i>\u00a0<\/i><i>une com\u00e9die dramatique juste, tendre et lumineuse sur la pudeur des sentiments familiaux<\/i><i>\u00a0<\/i><i>\u00bb<\/i>\u00a0; <i>L\u2019Esp\u00e8ce explosive <\/i>(28\u00a0ao\u00fbt, 21h),<i> \u00ab<\/i><i>\u00a0<\/i><i>un thriller rural hallucin\u00e9 entre polar et burlesque<\/i><i>\u00a0<\/i><i>\u00bb<\/i><i>\u00a0<\/i>;<i> Le Corset <\/i>(29\u00a0ao\u00fbt, 14h, \u00e0 partir de 7\u00a0ans),<i> \u00ab<\/i><i>\u00a0<\/i><i>une chronique rurale bouleversante et \u00e9pur\u00e9e<\/i><i>\u00a0<\/i><i>\u00bb<\/i><i>\u00a0<\/i>; <i>Garance <\/i>(29 ao\u00fbt, 18h)<i>, \u00ab<\/i><i>\u00a0<\/i><i>le portrait foudroyant, humain et r\u00e9parateur d&#8217;une jeune actrice trentenaire en prise avec ses d\u00e9mons et la d\u00e9pendance<\/i><i>\u00a0<\/i><i>\u00bb<\/i>\u00a0; et <i>La Bola Negra <\/i>(29\u00a0ao\u00fbt, 21h)<i>,<\/i> <i>\u00ab<\/i><i>\u00a0<\/i><i>le choc esth\u00e9tique et queer de la rentr\u00e9e<\/i><i>\u00a0<\/i><i>\u00bb<\/i>, r\u00e9compens\u00e9 par le prix de la mise en sc\u00e8ne (ex \u00e6quo). Les plus jeunes ne seront pas oubli\u00e9s, avec deux s\u00e9ances familiales programm\u00e9es le 25 ao\u00fbt autour d\u2019un programme de courts-m\u00e9trages <i>Le Rat sc\u00e9l\u00e9rat<\/i> (10h, \u00e0 partir de 3 ans) et du film d\u2019animation <i>Les Bad Guys <\/i>(14h, \u00e0 partir de 6 ans)<i>.<\/i><\/p>\n<\/p><\/div>\n<div class=\"paragraph\">\n<p><i>* 7 euros. Moins de 14<\/i><i>\u00a0<\/i><i>ans<\/i><i>\u00a0<\/i><i>: 6<\/i><i>\u00a0<\/i><i>euros. <\/i><\/p>\n<\/p><\/div>\n","protected":false},"excerpt":{"rendered":"Alors que la rentr&eacute;e se profile doucement, le territoire grand-al&eacute;sien s&rsquo;offre un petit rabe de plaisir estival sous les feux des projecteurs, avec un rendez-vous devenu incontournable sur le territoire&nbsp;: le festival &#8230;","protected":false},"author":1,"featured_media":39986,"comment_status":"open","ping_status":"open","sticky":false,"template":"","format":"standard","meta":{"footnotes":""},"categories":[3926,3925,32],"tags":[663,919,513,1315,238,5134,1940],"news-destination":[3944],"news-source":[475],"is_homepage":[],"ta_other":[],"class_list":["post-39985","post","type-post","status-publish","format-standard","has-post-thumbnail","hentry","category-accueil-merge","category-accueil-third","category-culture","tag-ales","tag-cinema","tag-communes","tag-films","tag-gard","tag-itinerances","tag-villages","news-destination-homepage","news-source-website"],"_links":{"self":[{"href":"https:\/\/euapp01.newsmemory.com\/lamarseillaise\/news\/wp-json\/wp\/v2\/posts\/39985","targetHints":{"allow":["GET"]}}],"collection":[{"href":"https:\/\/euapp01.newsmemory.com\/lamarseillaise\/news\/wp-json\/wp\/v2\/posts"}],"about":[{"href":"https:\/\/euapp01.newsmemory.com\/lamarseillaise\/news\/wp-json\/wp\/v2\/types\/post"}],"author":[{"embeddable":true,"href":"https:\/\/euapp01.newsmemory.com\/lamarseillaise\/news\/wp-json\/wp\/v2\/users\/1"}],"replies":[{"embeddable":true,"href":"https:\/\/euapp01.newsmemory.com\/lamarseillaise\/news\/wp-json\/wp\/v2\/comments?post=39985"}],"version-history":[{"count":1,"href":"https:\/\/euapp01.newsmemory.com\/lamarseillaise\/news\/wp-json\/wp\/v2\/posts\/39985\/revisions"}],"predecessor-version":[{"id":39987,"href":"https:\/\/euapp01.newsmemory.com\/lamarseillaise\/news\/wp-json\/wp\/v2\/posts\/39985\/revisions\/39987"}],"wp:featuredmedia":[{"embeddable":true,"href":"https:\/\/euapp01.newsmemory.com\/lamarseillaise\/news\/wp-json\/wp\/v2\/media\/39986"}],"wp:attachment":[{"href":"https:\/\/euapp01.newsmemory.com\/lamarseillaise\/news\/wp-json\/wp\/v2\/media?parent=39985"}],"wp:term":[{"taxonomy":"category","embeddable":true,"href":"https:\/\/euapp01.newsmemory.com\/lamarseillaise\/news\/wp-json\/wp\/v2\/categories?post=39985"},{"taxonomy":"post_tag","embeddable":true,"href":"https:\/\/euapp01.newsmemory.com\/lamarseillaise\/news\/wp-json\/wp\/v2\/tags?post=39985"},{"taxonomy":"news-destination","embeddable":true,"href":"https:\/\/euapp01.newsmemory.com\/lamarseillaise\/news\/wp-json\/wp\/v2\/news-destination?post=39985"},{"taxonomy":"news-source","embeddable":true,"href":"https:\/\/euapp01.newsmemory.com\/lamarseillaise\/news\/wp-json\/wp\/v2\/news-source?post=39985"},{"taxonomy":"is_homepage","embeddable":true,"href":"https:\/\/euapp01.newsmemory.com\/lamarseillaise\/news\/wp-json\/wp\/v2\/is_homepage?post=39985"},{"taxonomy":"ta_other","embeddable":true,"href":"https:\/\/euapp01.newsmemory.com\/lamarseillaise\/news\/wp-json\/wp\/v2\/ta_other?post=39985"}],"curies":[{"name":"wp","href":"https:\/\/api.w.org\/{rel}","templated":true}]}}