{"id":39973,"date":"2026-08-22T15:31:00","date_gmt":"2026-08-22T13:31:00","guid":{"rendered":"https:\/\/euapp01.newsmemory.com\/lamarseillaise\/news\/?p=39973"},"modified":"2026-08-30T18:26:06","modified_gmt":"2026-08-30T16:26:06","slug":"la-citadelle-de-sisteron-un-temoin-de-lhistoire","status":"publish","type":"post","link":"https:\/\/euapp01.newsmemory.com\/lamarseillaise\/news\/2026\/08\/22\/la-citadelle-de-sisteron-un-temoin-de-lhistoire\/","title":{"rendered":"[Patrimoine] La citadelle de Sisteron, un t\u00e9moin de l\u2019histoire"},"content":{"rendered":"<div class=\"paragraph\">\n<p>Lib\u00e9ration de r\u00e9sistants emprisonn\u00e9s, bombardements de Sisteron, travail forc\u00e9 de prisonniers politiques&#8230; La citadelle de Sisteron t\u00e9moigne de nombreuses pages de l\u2019histoire de France, et en particulier celle de la Seconde guerre mondiale. Des r\u00e9sistants y avaient \u00e9t\u00e9 emprisonn\u00e9s par des Allemands, qui avaient investi la citadelle pendant la guerre. \u00ab\u00a0<i>Leurs coll\u00e8gues ont us\u00e9 d\u2019un stratag\u00e8me \u00e0 la mani\u00e8re d\u2019un cheval de Troie. Ils se sont d\u00e9guis\u00e9s en gendarmes, et ils ont fait comme s\u2019ils amenaient un prisonnier \u00e0 la citadelle. Les Allemands leur ont ouvert grand les portes. D\u2019autres r\u00e9sistants cach\u00e9s dans les environs sont alors rentr\u00e9s et ont d\u00e9livr\u00e9 leurs amis<\/i><i>\u00a0<\/i>\u00bb, raconte Sylvie Normand, guide de pays depuis 23\u00a0ans. Quelques jours apr\u00e8s, le 15 ao\u00fbt 1944, la citadelle \u00e9tait accidentellement bombard\u00e9e par les Alli\u00e9s, en majeure partie d\u00e9truite, au moment du d\u00e9barquement de Provence. Leur objectif \u00e9tait de bombarder les ponts afin que les Allemands ne puissent pas s\u2019enfuir. En larguant par erreur plusieurs bombes sur la ville et ses habitations, ils ont tu\u00e9 une centaine de civils. \u00ab\u00a0<i>Le b\u00e2timent le plus important de la citadelle qui a \u00e9t\u00e9 d\u00e9truit, c\u2019\u00e9tait l\u2019\u00e9glise, qui datait du XV<\/i><i><sup>e<\/sup><\/i><i> si\u00e8cle. Cela a \u00e9t\u00e9 un massacre. Elle a \u00e9t\u00e9 reconstruite \u00e0 l\u2019identique, dans le style gothique, sur le rocher, \u00e0 partir de 1967, gr\u00e2ce \u00e0 des dons et \u00e0 des subventions<\/i><i>\u00a0<\/i>\u00bb, explique Sylvie Normand. \u00c0 l\u2019int\u00e9rieur, le ma\u00eetre verrier Claude Courageux a r\u00e9alis\u00e9 les vitraux, dont l\u2019un repr\u00e9sente une vierge envelopp\u00e9e dans la Durance et le Bu\u00ebch, les deux rivi\u00e8res qui confluent au pied de la citadelle. Aux pieds de la vierge se trouve une perle, repr\u00e9sentant Sisteron, surnomm\u00e9e \u00ab\u00a0<i>la perle de la Provence<\/i><i>\u00a0<\/i>\u00bb. Dans la pierre murale de l\u2019\u00e9glise, on trouve encore des fossiles, comme celui d\u2019un oursin.<\/p>\n<p>\u00ab\u00a0<i>Les hommes ont toujours choisi ce rocher pour faire un camp fortifi\u00e9 parce qu\u2019on y domine la Durance. On a une vue \u00e0 360 degr\u00e9s, donc c\u2019est fabuleux pour se prot\u00e9ger et voir les ennemis arriver. C\u2019est aussi un lieu de passage int\u00e9ressant, puisqu\u2019il y avait la Via Domitia, \u00e0 l\u2019\u00e9poque romaine, qui venait du nord de l\u2019Italie et qui allait jusqu\u2019en Espagne, qui \u00e9tait en rive droite de Durance. C\u2019\u00e9tait une voie de passage avec des \u00e9changes commerciaux entre les Alpes et la M\u00e9diterran\u00e9e<\/i><i>\u00a0<\/i>\u00bb, relate la guide.<\/p>\n<p>Un lieu de d\u00e9tention de prisonniers politiques<\/p>\n<p>La nouvelle mus\u00e9ographie de la citadelle a \u00e9t\u00e9 inaugur\u00e9e cette ann\u00e9e, avec de nouveaux panneaux explicatifs et une maquette. \u00ab\u00a0<i>J\u2019ai pour habitude d\u2019utiliser la m\u00e9taphore anatomique<\/i><i>\u00a0<\/i><i>: les remparts, tout ce qui date du XVI<\/i><i><sup>e<\/sup><\/i><i> si\u00e8cle, c\u2019est le squelette de la citadelle, comme si c\u2019\u00e9tait un dragon, une grosse b\u00eate. L\u2019\u00e9pine dorsale, c\u2019est le chemin de ronde, construit sur la cr\u00eate du rocher, o\u00f9 se trouvent \u00e9galement le donjon et l\u2019\u00e9glise<\/i><i>\u00a0<\/i>\u00bb, lance Sylvie Normand. Un escalier souterrain de 258 marches relie la citadelle \u00e0 la ville. \u00ab\u00a0<i>La citadelle \u00e9tait un lieu de d\u00e9tention au XIX<\/i><i><sup>e<\/sup><\/i><i> jusqu\u2019au d\u00e9but du XX<\/i><i><sup>e<\/sup><\/i><i>. Les prisonniers, pour certains politiques, ont \u00e9t\u00e9 contraints de creuser toutes les marches et le tunnel. Il y en a probablement pas mal qui sont morts en creusant<\/i><i>\u00a0<\/i>\u00bb, regrette la guide.<\/p>\n<p>Dans la poudri\u00e8re de la citadelle, construite par Vauban, une exposition c\u00e9l\u00e8bre les 70\u00a0ans du festival des Nuits de la citadelle, avec les noms des diff\u00e9rents artistes qui y ont particip\u00e9, derri\u00e8re un rideau rouge renvoyant au th\u00e9\u00e2tre. \u00ab\u00a0<i>Vauban est pass\u00e9 \u00e0 Sisteron au XVII<\/i><i><sup>e<\/sup><\/i><i>, la citadelle \u00e9tait d\u00e9j\u00e0 construite. Il a estim\u00e9 qu\u2019il n\u2019y avait pas grand-chose \u00e0 y refaire, si ce n\u2019est qu\u2019il fallait rehausser les courtines, les petits chemins qui passent sous les remparts. Finalement, il a dit qu\u2019il fallait juste construire une poudri\u00e8re au nord, parce qu\u2019il y en avait une au sud, et \u00e7a n\u2019allait pas du tout en cas d\u2019attaque. Elle n\u2019\u00e9tait pas du tout prot\u00e9g\u00e9e<\/i>\u00a0\u00bb, explique Sylvie Normand.<\/p>\n<p>\u00ab\u00a0<i>Ce qui fait toute l\u2019originalit\u00e9 de Sisteron et de la citadelle, c\u2019est la clue. Cette formation g\u00e9ologique exceptionnelle s\u2019appelle un millefeuille g\u00e9ologique. \u00c7a r\u00e9sulte du fait qu\u2019il y a des millions d\u2019ann\u00e9es, avant l\u2019apparition de l\u2019Homme, lorsque la mer recouvrait compl\u00e8tement le territoire, vous aviez des strates de s\u00e9diments calcaires. Les Pyr\u00e9n\u00e9es subissaient la pouss\u00e9e du continent africain, et donc, en sortant, elles ont exerc\u00e9 une pouss\u00e9e en direction de notre r\u00e9gion. Les Alpes ont fait de m\u00eame, et la convergence des deux pouss\u00e9es a fait que, dans cette r\u00e9gion, les strates qui se trouvaient \u00e0 l\u2019horizontale se sont redress\u00e9es \u00e0 la verticale<\/i><i>\u00a0<\/i>\u00bb, relate la guide.<\/p>\n<\/p><\/div>\n","protected":false},"excerpt":{"rendered":"","protected":false},"author":1,"featured_media":39974,"comment_status":"open","ping_status":"open","sticky":false,"template":"","format":"standard","meta":{"footnotes":""},"categories":[3926,3925,20],"tags":[4768,4467,6085,336,97,3161,4253,3082,51,6133],"news-destination":[3944],"news-source":[475],"is_homepage":[],"ta_other":[],"class_list":["post-39973","post","type-post","status-publish","format-standard","has-post-thumbnail","hentry","category-accueil-merge","category-accueil-third","category-societe","tag-alpes","tag-alpes-de-haute-provence","tag-cest-lete","tag-ete","tag-patrimoine","tag-prisonniers-politiques","tag-resistants","tag-seconde-guerre-mondiale","tag-societe","tag-vauban","news-destination-homepage","news-source-website"],"_links":{"self":[{"href":"https:\/\/euapp01.newsmemory.com\/lamarseillaise\/news\/wp-json\/wp\/v2\/posts\/39973","targetHints":{"allow":["GET"]}}],"collection":[{"href":"https:\/\/euapp01.newsmemory.com\/lamarseillaise\/news\/wp-json\/wp\/v2\/posts"}],"about":[{"href":"https:\/\/euapp01.newsmemory.com\/lamarseillaise\/news\/wp-json\/wp\/v2\/types\/post"}],"author":[{"embeddable":true,"href":"https:\/\/euapp01.newsmemory.com\/lamarseillaise\/news\/wp-json\/wp\/v2\/users\/1"}],"replies":[{"embeddable":true,"href":"https:\/\/euapp01.newsmemory.com\/lamarseillaise\/news\/wp-json\/wp\/v2\/comments?post=39973"}],"version-history":[{"count":2,"href":"https:\/\/euapp01.newsmemory.com\/lamarseillaise\/news\/wp-json\/wp\/v2\/posts\/39973\/revisions"}],"predecessor-version":[{"id":40004,"href":"https:\/\/euapp01.newsmemory.com\/lamarseillaise\/news\/wp-json\/wp\/v2\/posts\/39973\/revisions\/40004"}],"wp:featuredmedia":[{"embeddable":true,"href":"https:\/\/euapp01.newsmemory.com\/lamarseillaise\/news\/wp-json\/wp\/v2\/media\/39974"}],"wp:attachment":[{"href":"https:\/\/euapp01.newsmemory.com\/lamarseillaise\/news\/wp-json\/wp\/v2\/media?parent=39973"}],"wp:term":[{"taxonomy":"category","embeddable":true,"href":"https:\/\/euapp01.newsmemory.com\/lamarseillaise\/news\/wp-json\/wp\/v2\/categories?post=39973"},{"taxonomy":"post_tag","embeddable":true,"href":"https:\/\/euapp01.newsmemory.com\/lamarseillaise\/news\/wp-json\/wp\/v2\/tags?post=39973"},{"taxonomy":"news-destination","embeddable":true,"href":"https:\/\/euapp01.newsmemory.com\/lamarseillaise\/news\/wp-json\/wp\/v2\/news-destination?post=39973"},{"taxonomy":"news-source","embeddable":true,"href":"https:\/\/euapp01.newsmemory.com\/lamarseillaise\/news\/wp-json\/wp\/v2\/news-source?post=39973"},{"taxonomy":"is_homepage","embeddable":true,"href":"https:\/\/euapp01.newsmemory.com\/lamarseillaise\/news\/wp-json\/wp\/v2\/is_homepage?post=39973"},{"taxonomy":"ta_other","embeddable":true,"href":"https:\/\/euapp01.newsmemory.com\/lamarseillaise\/news\/wp-json\/wp\/v2\/ta_other?post=39973"}],"curies":[{"name":"wp","href":"https:\/\/api.w.org\/{rel}","templated":true}]}}