{"id":39970,"date":"2026-08-22T07:50:00","date_gmt":"2026-08-22T05:50:00","guid":{"rendered":"https:\/\/euapp01.newsmemory.com\/lamarseillaise\/news\/?p=39970"},"modified":"2026-08-26T20:22:55","modified_gmt":"2026-08-26T18:22:55","slug":"la-memoire-de-la-liberation-implique-la-vigilance","status":"publish","type":"post","link":"https:\/\/euapp01.newsmemory.com\/lamarseillaise\/news\/2026\/08\/22\/la-memoire-de-la-liberation-implique-la-vigilance\/","title":{"rendered":"La m\u00e9moire de la Lib\u00e9ration implique la vigilance"},"content":{"rendered":"<div class=\"paragraph\">\n<p>Les v\u00e9hicules militaires d\u2019\u00e9poque d\u00e9filent le long de la c\u00f4te, dans les rues de Carro. Ce vendredi 21\u00a0ao\u00fbt, Martigues comm\u00e9more sa lib\u00e9ration. Dans la parade, Pierre est au volant d\u2019un camion am\u00e9ricain. Comme chaque ann\u00e9e depuis 8\u00a0ans, ce Suisse est descendu avec son association History on wheels pour \u00ab\u00a0<i>transmettre la m\u00e9moire de cette partie de l\u2019histoire<\/i>\u00a0\u00bb.<\/p>\n<p>Il y a 82\u00a0ans, au d\u00e9barquement de Normandie succ\u00e8de celui de Provence le 15\u00a0ao\u00fbt. Les Alli\u00e9s prennent les Allemands en tenaille. \u00c0 Martigues, l\u2019arm\u00e9e ennemie maintient en permanence une garnison de 2\u00a0000\u00a0soldats tant la ville occupe une position strat\u00e9gique pour la d\u00e9fense du littoral, de la Camargue jusqu\u2019\u00e0 Marseille. \u00ab<i>\u00a0<\/i><i>C\u2019\u00e9tait un site tr\u00e8s important au niveau radio et radar<\/i>\u00a0\u00bb, d\u00e9taille Jean-Pierre Jehan, pr\u00e9sident de l\u2019association HM2P (Histoire, M\u00e9moire, Patrimoine Provence).<\/p>\n<p>Les bombardements alli\u00e9s s\u2019intensifient dans la r\u00e9gion. Le 11\u00a0ao\u00fbt, un raid sur Carro fait trois victimes. Dans la nuit du\u00a020 au\u00a021, finalement, les Allemands s\u2019enfuient en faisant exploser le viaduc ferroviaire et le port de Jonqui\u00e8res. Martigues est lib\u00e9r\u00e9e.<\/p>\n<p>Mais derri\u00e8re cette libert\u00e9 retrouv\u00e9e, \u00ab<i>\u00a0<\/i><i>il y eut des ann\u00e9es d\u2019\u00e9preuve, des engagements clandestins, des actes de courage, des arrestations et des vies bris\u00e9es<\/i><i>\u00a0<\/i>\u00bb, rappelle le maire Gaby Charroux (PCF).<\/p>\n<\/p><\/div>\n<div class=\"intext\"> Un legs de la R\u00e9sistance\n              <\/div>\n<div class=\"paragraph\">\n<p>En\u00a01942, alors que la France est \u00e0 genoux, \u00ab\u00a0<i>certains refusent de se soumettre<\/i>\u00a0\u00bb. Au printemps\u00a01944, \u00ab\u00a0<i>chacune et chacun comprend que la guerre entre dans une phase d\u00e9cisive. (&#8230;) C\u2019est pr\u00e9cis\u00e9ment \u00e0 ce moment que la r\u00e9sistance mart\u00e9gale va \u00eatre frapp\u00e9e avec une violence terrible. Les 7<\/i><i>\u00a0<\/i><i>et 8<\/i><i>\u00a0<\/i><i>juin, plusieurs de ses membres sont arr\u00eat\u00e9s. Ces arrestations pr\u00e9ludent au drame qui survient quelques jours plus tard, le 13<\/i><i>\u00a0<\/i><i>juin, dans la clairi\u00e8re du Fenouillet, dont les martyrs ne verront pas le 21<\/i><i>\u00a0<\/i><i>ao\u00fbt 1944<\/i>\u00a0\u00bb.<\/p>\n<p>Apr\u00e8s la lib\u00e9ration vient le moment de la reconstruction, port\u00e9e par le Conseil national de la R\u00e9sistance. \u00ab\u00a0<i>La R\u00e9sistance nous l\u00e8gue ainsi une certaine id\u00e9e de la soci\u00e9t\u00e9, de la R\u00e9publique et de la France, <\/i>poursuit Gaby Charroux. <i>Et ce legs, 82<\/i><i>\u00a0<\/i><i>ans apr\u00e8s, doit continuer de nous animer, car la m\u00e9moire n\u2019a de sens que si elle nous aide \u00e0 regarder le pr\u00e9sent avec lucidit\u00e9. \u00c0 Martigues, au fil du temps, les t\u00e9moins de cette p\u00e9riode ont disparu, et notre responsabilit\u00e9 n\u2019a cess\u00e9 de grandir pour transmettre leur h\u00e9ritage et leurs enseignements. Cette mission est une n\u00e9cessit\u00e9 parce que le monde dans lequel nous vivons nous rappelle avec une douloureuse constance que la paix reste encore \u00e0 construire.<\/i><i>\u00a0<\/i>\u00bb<\/p>\n<p>Avec un avertissement\u00a0: \u00ab\u00a0<i>La R\u00e9sistance combattait aussi ce que l\u2019occupation repr\u00e9sentait<\/i><i>\u00a0<\/i><i>: une id\u00e9ologie fond\u00e9e sur le nationalisme exacerb\u00e9, sur le racisme, l\u2019antis\u00e9mitisme, la hi\u00e9rarchie entre les \u00eatres humains, la haine de l\u2019autre et sur le rejet de la d\u00e9mocratie. Nous ne devons \u00e9videmment jamais confondre les \u00e9poques, mais nous aurions tort de croire que l\u2019histoire n\u2019a plus rien \u00e0 nous apprendre, car aujourd\u2019hui encore, dans notre pays comme ailleurs en Europe et dans le monde, ces id\u00e9es naus\u00e9abondes progressent et se banalisent port\u00e9es par les h\u00e9ritiers de cette id\u00e9ologie<\/i>\u00a0\u00bb.<\/p>\n<\/p><\/div>\n","protected":false},"excerpt":{"rendered":"Les v&eacute;hicules militaires d&rsquo;&eacute;poque d&eacute;filent le long de la c&ocirc;te, dans les rues de Carro. Ce vendredi 21&nbsp;ao&ucirc;t, Martigues comm&eacute;more sa lib&eacute;ration. Dans la parade, Pierre est au volant d&rsquo;un &#8230;","protected":false},"author":1,"featured_media":39971,"comment_status":"open","ping_status":"open","sticky":false,"template":"","format":"standard","meta":{"footnotes":""},"categories":[3926,3925,20],"tags":[2149,3119,10,1732,6014,622,499,1647,2197,63,920,250,857,3516,719,2157,2087],"news-destination":[3944],"news-source":[475],"is_homepage":[],"ta_other":[],"class_list":["post-39970","post","type-post","status-publish","format-standard","has-post-thumbnail","hentry","category-accueil-merge","category-accueil-third","category-societe","tag-anniversaire","tag-bombardements","tag-bouches-du-rhone","tag-conseil-national-de-la-resistance","tag-debarquement","tag-democratie","tag-gaby-charroux","tag-liberation","tag-liberte","tag-martigues","tag-memoire","tag-pcf","tag-racisme","tag-reconstruction","tag-republique","tag-soldats","tag-vigilance","news-destination-homepage","news-source-website"],"_links":{"self":[{"href":"https:\/\/euapp01.newsmemory.com\/lamarseillaise\/news\/wp-json\/wp\/v2\/posts\/39970","targetHints":{"allow":["GET"]}}],"collection":[{"href":"https:\/\/euapp01.newsmemory.com\/lamarseillaise\/news\/wp-json\/wp\/v2\/posts"}],"about":[{"href":"https:\/\/euapp01.newsmemory.com\/lamarseillaise\/news\/wp-json\/wp\/v2\/types\/post"}],"author":[{"embeddable":true,"href":"https:\/\/euapp01.newsmemory.com\/lamarseillaise\/news\/wp-json\/wp\/v2\/users\/1"}],"replies":[{"embeddable":true,"href":"https:\/\/euapp01.newsmemory.com\/lamarseillaise\/news\/wp-json\/wp\/v2\/comments?post=39970"}],"version-history":[{"count":1,"href":"https:\/\/euapp01.newsmemory.com\/lamarseillaise\/news\/wp-json\/wp\/v2\/posts\/39970\/revisions"}],"predecessor-version":[{"id":39972,"href":"https:\/\/euapp01.newsmemory.com\/lamarseillaise\/news\/wp-json\/wp\/v2\/posts\/39970\/revisions\/39972"}],"wp:featuredmedia":[{"embeddable":true,"href":"https:\/\/euapp01.newsmemory.com\/lamarseillaise\/news\/wp-json\/wp\/v2\/media\/39971"}],"wp:attachment":[{"href":"https:\/\/euapp01.newsmemory.com\/lamarseillaise\/news\/wp-json\/wp\/v2\/media?parent=39970"}],"wp:term":[{"taxonomy":"category","embeddable":true,"href":"https:\/\/euapp01.newsmemory.com\/lamarseillaise\/news\/wp-json\/wp\/v2\/categories?post=39970"},{"taxonomy":"post_tag","embeddable":true,"href":"https:\/\/euapp01.newsmemory.com\/lamarseillaise\/news\/wp-json\/wp\/v2\/tags?post=39970"},{"taxonomy":"news-destination","embeddable":true,"href":"https:\/\/euapp01.newsmemory.com\/lamarseillaise\/news\/wp-json\/wp\/v2\/news-destination?post=39970"},{"taxonomy":"news-source","embeddable":true,"href":"https:\/\/euapp01.newsmemory.com\/lamarseillaise\/news\/wp-json\/wp\/v2\/news-source?post=39970"},{"taxonomy":"is_homepage","embeddable":true,"href":"https:\/\/euapp01.newsmemory.com\/lamarseillaise\/news\/wp-json\/wp\/v2\/is_homepage?post=39970"},{"taxonomy":"ta_other","embeddable":true,"href":"https:\/\/euapp01.newsmemory.com\/lamarseillaise\/news\/wp-json\/wp\/v2\/ta_other?post=39970"}],"curies":[{"name":"wp","href":"https:\/\/api.w.org\/{rel}","templated":true}]}}