{"id":39967,"date":"2026-08-22T07:55:00","date_gmt":"2026-08-22T05:55:00","guid":{"rendered":"https:\/\/euapp01.newsmemory.com\/lamarseillaise\/news\/?p=39967"},"modified":"2026-08-27T07:30:01","modified_gmt":"2026-08-27T05:30:01","slug":"la-ville-de-hyeres-honore-la-memoire-de-tous-ses-liberateurs","status":"publish","type":"post","link":"https:\/\/euapp01.newsmemory.com\/lamarseillaise\/news\/2026\/08\/22\/la-ville-de-hyeres-honore-la-memoire-de-tous-ses-liberateurs\/","title":{"rendered":"La ville de Hy\u00e8res honore la m\u00e9moire de tous ses lib\u00e9rateurs"},"content":{"rendered":"<div class=\"paragraph\">\n<p>Apr\u00e8s un d\u00e9p\u00f4t de gerbes \u00e0 8h30 au pied de la St\u00e8le de la Lib\u00e9ration au cimeti\u00e8re, puis celle de l\u2019Avenue Mar\u00e9chal de Tassigny, la c\u00e9r\u00e9monie s\u2019est poursuivie \u00e0 9h30 au blockhaus Saint-Nicolas de Mauvanne. C\u2019est ensuite, \u00e0 10h15 au M\u00e9morial national du Golf H\u00f4tel que la maire de Hy\u00e8res V\u00e9ronique Bernardini (SE) a pris la parole.<\/p>\n<p>Mais avant cela deux jeunes lyc\u00e9ens Apolline et Rapha\u00ebl ont donn\u00e9 lecture d\u2019un po\u00e8me d\u2019Aragon rendant un hommage \u00e0 la diversit\u00e9 des hommes qui ont particip\u00e9 \u00e0 la lib\u00e9ration du pays, intitul\u00e9\u00a0: \u00ab\u00a0Je vous salue ma France&#8230;\u00a0\u00bb<\/p>\n<p>L\u2019adjointe au maire Genevi\u00e8ve Burki, d\u00e9l\u00e9gu\u00e9e aux associations patriotiques a dans son intervention mis en avant quelques grandes figures de la R\u00e9sistance hy\u00e9roise. \u00c0 commencer par Louis Picoche, le directeur de l\u2019entreprise de transport des Cars Gaby. Il conna\u00eet parfaitement les routes du Var. Ce m\u00e9tier lui offre un alibi pr\u00e9cieux pour circuler librement \u00e0 une \u00e9poque o\u00f9 chaque d\u00e9placement est surveill\u00e9, rappelle l\u2019\u00e9lue. Et de poursuivre\u00a0: \u00ab\u00a0<i>Derri\u00e8re l\u2019activit\u00e9 quotidienne de ses autocars, il organise discr\u00e8tement la r\u00e9sistance, transporte des messages, du ravitaillement, des armes et soutient les premiers maquis.<\/i><i>\u00a0<\/i>\u00bb<\/p>\n<p>Responsable du sixi\u00e8me secteur du mouvement Combat, il re\u00e7oit en 1943 la mission d\u2019organiser les maquis varois. C\u2019est lui qui fait appel \u00e0 Gleb Sivirine, futur lieutenant Vallier, auquel il confie cette responsabilit\u00e9 d\u00e9cisive, pr\u00e9cis Genevi\u00e8ve Burki. Et d\u2019ajouter\u00a0: \u00ab\u00a0<i>Visionnaire, organisateur et homme de confiance, Louis Picoche a compris avant beaucoup d\u2019autres que la lib\u00e9ration se pr\u00e9parait dans l\u2019ombre <\/i>(&#8230;)<i>. Son engagement rappelle que la libert\u00e9 se construit d\u2019abord gr\u00e2ce \u00e0 des femmes et des hommes qui refusent de renoncer<\/i>.\u00a0\u00bb<\/p>\n<p>Comme aussi Ernest Millet qui \u00ab<i>\u00a0<\/i><i>refuse l\u2019occupation et choisit tr\u00e8s t\u00f4t le chemin de l\u2019engagement clandestin<\/i><i>\u00a0<\/i>\u00bb. Arr\u00eat\u00e9 par la milice alors qu\u2019il est en mission de ravitaillement il sera fusill\u00e9 sans autre forme de proc\u00e8s \u00e0 Aups. Son fils Robert \u00e2g\u00e9e alors d\u2019\u00e0 peine 16\u00a0ans fera le choix de poursuivre le combat.<\/p>\n<\/p><\/div>\n<div class=\"intext\"> Un combat pour la libert\u00e9 toujours d\u2019actualit\u00e9\n              <\/div>\n<div class=\"paragraph\">\n<p>\u00ab\u00a0<i>Derri\u00e8re les dates et les grandes batailles, il y a surtout des hommes et des femmes, des engagements, des sacrifices et des destins<\/i><i>\u00a0<\/i>\u00bb, insiste la maire de Hy\u00e8res V\u00e9ronique Bernardini. C\u2019est pourquoi la ville, explique-t-elle, a entrepris de suivre leur parcours plusieurs jours durant \u00e0 travers un chemin de m\u00e9moire, afin d\u2019honorer les soldats de la 1<sup>\u00e8re<\/sup> Division fran\u00e7aise libre et tous les autres.<\/p>\n<p>La premi\u00e8re magistrate rappelant qu\u2019\u00ab\u00a0<i>ils venaient d\u2019horizons diff\u00e9rents, mais partageaient une m\u00eame volont\u00e9<\/i><i>\u00a0<\/i><i>: lib\u00e9rer la France et r\u00e9tablir la R\u00e9publique<\/i><i>\u00a0<\/i>\u00bb.<\/p>\n<p>Et de pr\u00e9ciser aussit\u00f4t\u00a0: \u00ab\u00a0<i>Mais avant l\u2019arriv\u00e9e de ces soldats, d\u2019autres avaient d\u00e9j\u00e0 pr\u00e9par\u00e9 leur chemin. C\u2019\u00e9taient les r\u00e9sistants<\/i> (&#8230;). <i>La lib\u00e9ration d\u2019Hy\u00e8res fut cette rencontre entre arm\u00e9e de l\u2019ombre et les soldats de la France libre, entre ceux qui pr\u00e9paraient la libert\u00e9 depuis des mois et ceux qui venaient la reconqu\u00e9rir les armes \u00e0 la main.<\/i><i>\u00a0<\/i>\u00bb<\/p>\n<p>La maire de Hy\u00e8res souligne \u00ab\u00a0<i>le courage de s\u2019engager<\/i><i>\u00a0<\/i>\u00bb, \u00ab<i>\u00a0<\/i><i>la fraternit\u00e9 dans l\u2019\u00e9preuve<\/i>\u00a0\u00bb et \u00ab<i>\u00a0<\/i><i>l\u2019attachement \u00e0 la R\u00e9publique<\/i>\u00a0\u00bb dont tous ont su faire preuve pour la libert\u00e9. \u00ab\u00a0<i>Mais cette libert\u00e9 pour laquelle tant de femmes et tant d\u2019hommes se sont battus n\u2019est jamais d\u00e9finitivement acquise<\/i><i>\u00a0<\/i>\u00bb, pr\u00e9vient-elle. Histoire de rappeler qu\u2019il revient \u00e0 chaque g\u00e9n\u00e9ration de la prot\u00e9ger et de la transmettre.<\/p>\n<p>Direction ensuite, la caserne du capitaine Delort, la Gendarmerie Mobile du Golf H\u00f4tel. L\u00e0 o\u00f9 s\u2019\u00e9levait une enceinte fortifi\u00e9e par la Wehrmacht qui a r\u00e9sist\u00e9 40 heures aux attaques de la 4<sup>e<\/sup> Brigade de la 1<sup>\u00e8re<\/sup> DFL avant de tomber.<\/p>\n<p>L\u2019occasion de mettre en avant aussi la participation aux combats de soldats d\u2019origine arm\u00e9nienne qui avaient \u00e9t\u00e9 faits prisonniers et int\u00e9gr\u00e9s de force dans l\u2019infanterie allemande.<\/p>\n<p>Depuis plusieurs mois, en effet, des contacts avaient \u00e9t\u00e9 \u00e9tablis avec eux par l\u2019interm\u00e9diaire de la R\u00e9sistance communiste, plus pr\u00e9cis\u00e9ment des Francs-tireurs et partisans-Main d\u2019\u0153uvre immigr\u00e9 (FTP-MOI). Malgr\u00e9 la r\u00e9pression qui va co\u00fbter la vie \u00e0 17 de leurs camarades, leur projet ayant \u00e9t\u00e9 d\u00e9couvert, les soldats arm\u00e9niens parviennent \u00e0 d\u00e9serter non sans avoir au pr\u00e9alable sabot\u00e9 des pi\u00e8ces d\u2019artillerie en retirant les culasses, et rejoindre la R\u00e9sistance.<\/p>\n<p>De tout cela il est de salubrit\u00e9 publique de se souvenir et de rappeler, d\u2019autant plus lorsque les h\u00e9ritiers d\u2019un parti, le Front national, cr\u00e9\u00e9 par d\u2019anciens Waffen SS est aux portes du pouvoir et pr\u00e9tend donner des le\u00e7ons de patriotisme aux enfants de la R\u00e9sistance.<\/p>\n<\/p><\/div>\n","protected":false},"excerpt":{"rendered":"Apr&egrave;s un d&eacute;p&ocirc;t de gerbes &agrave; 8h30 au pied de la St&egrave;le de la Lib&eacute;ration au cimeti&egrave;re, puis celle de l&rsquo;Avenue Mar&eacute;chal de Tassigny, la c&eacute;r&eacute;monie s&rsquo;est poursuivie &agrave; &#8230;","protected":false},"author":1,"featured_media":39968,"comment_status":"open","ping_status":"open","sticky":false,"template":"","format":"standard","meta":{"footnotes":""},"categories":[3926,3925,20],"tags":[27,1647,31],"news-destination":[3944],"news-source":[475],"is_homepage":[],"ta_other":[],"class_list":["post-39967","post","type-post","status-publish","format-standard","has-post-thumbnail","hentry","category-accueil-merge","category-accueil-third","category-societe","tag-hyeres","tag-liberation","tag-var","news-destination-homepage","news-source-website"],"_links":{"self":[{"href":"https:\/\/euapp01.newsmemory.com\/lamarseillaise\/news\/wp-json\/wp\/v2\/posts\/39967","targetHints":{"allow":["GET"]}}],"collection":[{"href":"https:\/\/euapp01.newsmemory.com\/lamarseillaise\/news\/wp-json\/wp\/v2\/posts"}],"about":[{"href":"https:\/\/euapp01.newsmemory.com\/lamarseillaise\/news\/wp-json\/wp\/v2\/types\/post"}],"author":[{"embeddable":true,"href":"https:\/\/euapp01.newsmemory.com\/lamarseillaise\/news\/wp-json\/wp\/v2\/users\/1"}],"replies":[{"embeddable":true,"href":"https:\/\/euapp01.newsmemory.com\/lamarseillaise\/news\/wp-json\/wp\/v2\/comments?post=39967"}],"version-history":[{"count":1,"href":"https:\/\/euapp01.newsmemory.com\/lamarseillaise\/news\/wp-json\/wp\/v2\/posts\/39967\/revisions"}],"predecessor-version":[{"id":39969,"href":"https:\/\/euapp01.newsmemory.com\/lamarseillaise\/news\/wp-json\/wp\/v2\/posts\/39967\/revisions\/39969"}],"wp:featuredmedia":[{"embeddable":true,"href":"https:\/\/euapp01.newsmemory.com\/lamarseillaise\/news\/wp-json\/wp\/v2\/media\/39968"}],"wp:attachment":[{"href":"https:\/\/euapp01.newsmemory.com\/lamarseillaise\/news\/wp-json\/wp\/v2\/media?parent=39967"}],"wp:term":[{"taxonomy":"category","embeddable":true,"href":"https:\/\/euapp01.newsmemory.com\/lamarseillaise\/news\/wp-json\/wp\/v2\/categories?post=39967"},{"taxonomy":"post_tag","embeddable":true,"href":"https:\/\/euapp01.newsmemory.com\/lamarseillaise\/news\/wp-json\/wp\/v2\/tags?post=39967"},{"taxonomy":"news-destination","embeddable":true,"href":"https:\/\/euapp01.newsmemory.com\/lamarseillaise\/news\/wp-json\/wp\/v2\/news-destination?post=39967"},{"taxonomy":"news-source","embeddable":true,"href":"https:\/\/euapp01.newsmemory.com\/lamarseillaise\/news\/wp-json\/wp\/v2\/news-source?post=39967"},{"taxonomy":"is_homepage","embeddable":true,"href":"https:\/\/euapp01.newsmemory.com\/lamarseillaise\/news\/wp-json\/wp\/v2\/is_homepage?post=39967"},{"taxonomy":"ta_other","embeddable":true,"href":"https:\/\/euapp01.newsmemory.com\/lamarseillaise\/news\/wp-json\/wp\/v2\/ta_other?post=39967"}],"curies":[{"name":"wp","href":"https:\/\/api.w.org\/{rel}","templated":true}]}}