{"id":39964,"date":"2026-08-22T10:35:00","date_gmt":"2026-08-22T08:35:00","guid":{"rendered":"https:\/\/euapp01.newsmemory.com\/lamarseillaise\/news\/?p=39964"},"modified":"2026-08-27T08:36:04","modified_gmt":"2026-08-27T06:36:04","slug":"sur-la-barthelasse-la-maison-du-parc-en-quete-dun-repreneur","status":"publish","type":"post","link":"https:\/\/euapp01.newsmemory.com\/lamarseillaise\/news\/2026\/08\/22\/sur-la-barthelasse-la-maison-du-parc-en-quete-dun-repreneur\/","title":{"rendered":"Sur la Barthelasse \u00e0 Avignon, la maison du Parc en qu\u00eate d\u2019un repreneur"},"content":{"rendered":"<div class=\"paragraph\">\n<p>En juin\u00a02023, s\u2019ouvrait la maison du Parc sur l\u2019\u00eele de la Barthelasse. Une b\u00e2tisse enti\u00e8rement r\u00e9habilit\u00e9e pour plus de 500\u00a0000\u00a0euros, le long des berges du Rh\u00f4ne face au pont d\u2019Avignon, et pens\u00e9e comme une porte d\u2019entr\u00e9e sur les \u00eeles fluviales avignonnaises avec possibilit\u00e9 de s\u2019y restaurer et de s\u2019informer avec des \u00e9quipes d\u2019Avignon tourisme. Au printemps et \u00e0 l\u2019\u00e9t\u00e9, des soir\u00e9es guinguettes \u00e9taient \u00e9galement organis\u00e9es. Mais, dans la foul\u00e9e des municipales, la nouvelle<a rel=\"noopener noreferrer\" href=\"https:\/\/www.lamarseillaise.fr\/societe\/a-avignon-la-maison-du-parc-fermee-pour-raisons-economiques-LL20189103\" target=\"_blank\"> majorit\u00e9 (DVD) a d\u00e9cid\u00e9 d\u2019arr\u00eater les frais (notre \u00e9dition du 15\u00a0mai)<\/a>. La raison\u00a0? Un co\u00fbt de fonctionnement jug\u00e9 trop \u00e9lev\u00e9.<\/p>\n<p>\u00ab\u00a0<i>Cet endroit n\u2019\u00e9tait qu\u2019une source de d\u00e9penses avec z\u00e9ro recettes, il est illogique qu\u2019il ne rapporte pas d\u2019argent<\/i>, insiste Corinne Chatriot, premi\u00e8re adjointe, jointe ce vendredi.<i> C\u2019est un tr\u00e8s bel endroit, la Ville ne peut pas se permettre de n\u2019en payer que l\u2019entretien, il faut un retour \u00e9conomique.<\/i><i>\u00a0<\/i>\u00bb Selon la municipalit\u00e9, le co\u00fbt de fonctionnement d\u00e9passait les 100\u00a0000\u00a0euros annuels quand, par exemple, la venue d\u2019un food-truck lors de soir\u00e9es guinguettes \u00e9tait factur\u00e9e 115\u00a0euros l\u2019emplacement.<\/p>\n<p>Actuellement, la maison du Parc v\u00e9g\u00e8te. Les portes sont closes et la seule trace d\u2019activit\u00e9 r\u00e9cente est un panneau vantant les animations estivales qui se sont tenues \u00e0 proximit\u00e9. La Ville a mis sur la table une double issue pour ne pas laisser d\u00e9p\u00e9rir le lieu\u00a0: l\u2019une provisoire et imm\u00e9diate, l\u2019autre plus p\u00e9renne et \u00e0 court terme. \u00ab\u00a0<i>On propose de l\u2019ouvrir \u00e0 des associations qui ont besoin d\u2019espace pour des animations, activit\u00e9s ou r\u00e9unions<\/i>\u00a0\u00bb, pr\u00e9sente Corinne Chatriot. Le 6\u00a0septembre prochain, la maison du Parc sera d\u2019ailleurs le point central du forum des associations, qui se tient sur les all\u00e9es Roig et au centre de loisirs. Elle servira aussi de point d\u2019appui au marathon d\u2019Avignon le 27\u00a0septembre, o\u00f9 sera donn\u00e9e l\u2019arriv\u00e9e.<\/p>\n<\/p><\/div>\n<div class=\"intext\"> \u00ab\u00a0Pas un endroit<br \/>\n               <br \/>o\u00f9 l\u2019on fera la f\u00eate\u00a0\u00bb\n              <\/div>\n<div class=\"paragraph\">\n<p>Les associations devraient pouvoir investir ce lieu jusqu\u2019\u00e0 la fin de l\u2019ann\u00e9e a minima. Car en parall\u00e8le, la municipalit\u00e9 va lancer un appel \u00e0 manifestation d\u2019int\u00e9r\u00eat (AMI) pour un nouveau projet de \u00ab\u00a0<i>snacking et petite restauration<\/i><i>\u00a0<\/i>\u00bb, pose Corinne Chatriot. \u00ab\u00a0<i>Il y a une vue magnifique, \u00e7a se pr\u00eate \u00e0 avoir un endroit comme \u00e7a<\/i>\u00a0\u00bb, justifie la premi\u00e8re adjointe. Si les crit\u00e8res de l\u2019AMI restent \u00e0 \u00eatre affin\u00e9s, nul doute que beaucoup seront vigilants sur le fait de conserver un lieu accessible \u00e0 tous, avec des tarifs et une configuration qui ne seraient pas r\u00e9serv\u00e9s qu\u2019\u00e0 quelques happy few. \u00ab\u00a0<i>Une certitude, ce ne sera pas un endroit o\u00f9 on fait la f\u00eate, il y a des voisins, ce serait trop irrespectueux<\/i><i>\u00a0<\/i>\u00bb, assure Corinne Chatriot, entrouvrant tout de m\u00eame la porte \u00e0 une ouverture \u00ab<i>\u00a0<\/i><i>nocturne, sans que ce soit bruyant<\/i>\u00a0\u00bb.<\/p>\n<p>Autre aspect, qui pourrait \u00eatre un frein aux candidatures, la maison du Parc \u00ab\u00a0<i>ne peut \u00eatre lou\u00e9e que d\u2019avril \u00e0 octobre en raison du risque inondation<\/i><i>\u00a0<\/i>\u00bb, pr\u00e9vient la premi\u00e8re adjointe. Approuv\u00e9 il y a trois ans, le plan de pr\u00e9vention des risques inondations (PPRI) du Rh\u00f4ne \u00e0 Avignon classe la zone en al\u00e9a fort de crue. Un point \u00ab\u00a0\u00e0 faire \u00e9voluer dans le temps\u00a0\u00bb, estime toutefois la premi\u00e8re adjointe, jugeant la topographie de la maison du Parc moins expos\u00e9e.<\/p>\n<\/p><\/div>\n","protected":false},"excerpt":{"rendered":"En juin&nbsp;2023, s&rsquo;ouvrait la maison du Parc sur l&rsquo;&icirc;le de la Barthelasse. Une b&acirc;tisse enti&egrave;rement r&eacute;habilit&eacute;e pour plus de 500&nbsp;000&nbsp;euros, le long des berges du Rh&ocirc;ne face au pont &#8230;","protected":false},"author":1,"featured_media":39965,"comment_status":"open","ping_status":"open","sticky":false,"template":"","format":"standard","meta":{"footnotes":""},"categories":[3926,3925,20],"tags":[495,174,2592,171],"news-destination":[3944],"news-source":[475],"is_homepage":[],"ta_other":[],"class_list":["post-39964","post","type-post","status-publish","format-standard","has-post-thumbnail","hentry","category-accueil-merge","category-accueil-third","category-societe","tag-495","tag-avignon","tag-rhone","tag-vaucluse","news-destination-homepage","news-source-website"],"_links":{"self":[{"href":"https:\/\/euapp01.newsmemory.com\/lamarseillaise\/news\/wp-json\/wp\/v2\/posts\/39964","targetHints":{"allow":["GET"]}}],"collection":[{"href":"https:\/\/euapp01.newsmemory.com\/lamarseillaise\/news\/wp-json\/wp\/v2\/posts"}],"about":[{"href":"https:\/\/euapp01.newsmemory.com\/lamarseillaise\/news\/wp-json\/wp\/v2\/types\/post"}],"author":[{"embeddable":true,"href":"https:\/\/euapp01.newsmemory.com\/lamarseillaise\/news\/wp-json\/wp\/v2\/users\/1"}],"replies":[{"embeddable":true,"href":"https:\/\/euapp01.newsmemory.com\/lamarseillaise\/news\/wp-json\/wp\/v2\/comments?post=39964"}],"version-history":[{"count":2,"href":"https:\/\/euapp01.newsmemory.com\/lamarseillaise\/news\/wp-json\/wp\/v2\/posts\/39964\/revisions"}],"predecessor-version":[{"id":40002,"href":"https:\/\/euapp01.newsmemory.com\/lamarseillaise\/news\/wp-json\/wp\/v2\/posts\/39964\/revisions\/40002"}],"wp:featuredmedia":[{"embeddable":true,"href":"https:\/\/euapp01.newsmemory.com\/lamarseillaise\/news\/wp-json\/wp\/v2\/media\/39965"}],"wp:attachment":[{"href":"https:\/\/euapp01.newsmemory.com\/lamarseillaise\/news\/wp-json\/wp\/v2\/media?parent=39964"}],"wp:term":[{"taxonomy":"category","embeddable":true,"href":"https:\/\/euapp01.newsmemory.com\/lamarseillaise\/news\/wp-json\/wp\/v2\/categories?post=39964"},{"taxonomy":"post_tag","embeddable":true,"href":"https:\/\/euapp01.newsmemory.com\/lamarseillaise\/news\/wp-json\/wp\/v2\/tags?post=39964"},{"taxonomy":"news-destination","embeddable":true,"href":"https:\/\/euapp01.newsmemory.com\/lamarseillaise\/news\/wp-json\/wp\/v2\/news-destination?post=39964"},{"taxonomy":"news-source","embeddable":true,"href":"https:\/\/euapp01.newsmemory.com\/lamarseillaise\/news\/wp-json\/wp\/v2\/news-source?post=39964"},{"taxonomy":"is_homepage","embeddable":true,"href":"https:\/\/euapp01.newsmemory.com\/lamarseillaise\/news\/wp-json\/wp\/v2\/is_homepage?post=39964"},{"taxonomy":"ta_other","embeddable":true,"href":"https:\/\/euapp01.newsmemory.com\/lamarseillaise\/news\/wp-json\/wp\/v2\/ta_other?post=39964"}],"curies":[{"name":"wp","href":"https:\/\/api.w.org\/{rel}","templated":true}]}}