{"id":39961,"date":"2026-08-22T09:51:00","date_gmt":"2026-08-22T07:51:00","guid":{"rendered":"https:\/\/euapp01.newsmemory.com\/lamarseillaise\/news\/?p=39961"},"modified":"2026-08-27T08:09:15","modified_gmt":"2026-08-27T06:09:15","slug":"le-modef-celebre-ce-week-end-lagriculture-paysanne-et-familiale","status":"publish","type":"post","link":"https:\/\/euapp01.newsmemory.com\/lamarseillaise\/news\/2026\/08\/22\/le-modef-celebre-ce-week-end-lagriculture-paysanne-et-familiale\/","title":{"rendered":"Le Modef c\u00e9l\u00e8bre \u00e0 Laragne- Mont\u00e9glin ce week-end l\u2019agriculture paysanne et familiale"},"content":{"rendered":"<div class=\"paragraph\">\n<p>Ce samedi apr\u00e8s-midi, le syndicat organise pour la premi\u00e8re fois une f\u00eate paysanne dans les Hautes-Alpes. L\u2019\u00e9v\u00e8nement est organis\u00e9 au 60\u00a0\u00cele d\u2019Oriane, \u00e0 Laragne-Mont\u00e9glin, sur l\u2019exploitation de Lucie Illy, arboricultrice, productrice de pommes bio. Au programme, un march\u00e9 paysan, une buvette puis \u00e0 partir de 19h, des repas paysans sont propos\u00e9s \u00e0 la vente. Mais la principale animation sera surtout le d\u00e9bat ouvert au public autour de la question\u00a0: \u00ab\u00a0<i>Face \u00e0 la disparition de notre agriculture, que mangerons-nous demain<\/i>\u00a0?\u00a0\u00bb Un questionnement au c\u0153ur des revendications port\u00e9 par le Modef, syndicat certes mineur derri\u00e8re les grandes organisations agricoles fran\u00e7aises, mais qui cherche \u00e0 faire conna\u00eetre sa ligne de d\u00e9fense des petits exploitants et du monde paysan.<i><\/i><\/p>\n<\/p><\/div>\n<div class=\"intext\"> Promouvoir une agriculture paysanne\n              <\/div>\n<div class=\"paragraph\">\n<p>\u00ab\u00a0<i>Le but c\u2019est d\u2019\u00e9changer avec les gens. On se rend compte que la soci\u00e9t\u00e9 civile a souvent une vision de l\u2019agriculture qui ne correspond pas \u00e0 ce que nous, on vit tous les jours,<\/i> pose Christian Reynaud, pr\u00e9sident du Modef\u00a005. <i>On veut savoir ce que pensent les gens de l\u2019agriculture et dans quel sens ils veulent l\u2019emmener, s\u2019ils sont plut\u00f4t pour une agriculture industrielle avec des aliments \u00e0 bas co\u00fbts ou une agriculture comme celle que l\u2019on d\u00e9fend, c\u2019est-\u00e0-dire familiale, \u00e0 taille humaine. On est ouverts, on peut tout entendre, on est l\u00e0 pour partager.<\/i>\u00a0\u00bb<i><\/i><\/p>\n<p>Le Modef, fond\u00e9 en\u00a01959 et h\u00e9ritier des id\u00e9es politiques du Conseil National de la R\u00e9sistance, d\u00e9fend historiquement les petites et moyennes exploitations familiales, face notamment \u00e0 l\u2019essor des grandes exploitations agro-industrielles dans le paysage rural fran\u00e7ais, o\u00f9 peu \u00e0 peu s\u2019effacent les familles paysannes. \u00ab\u00a0<i>On a de plus petits mod\u00e8les, familiaux, mais comme je dis toujours, ce n\u2019est pas parce qu\u2019on est petits, qu\u2019on a pas de grandes id\u00e9es,<\/i> d\u00e9clare Christian Reynaud. <i>On promeut un mod\u00e8le \u00e0 taille humaine parce qu\u2019on consid\u00e8re qu\u2019il est plus adapt\u00e9 \u00e0 notre territoire. Et on pense que la soci\u00e9t\u00e9 civile a aussi de plus en plus envie d\u2019avoir affaire \u00e0 une agriculture comme celle-l\u00e0 plut\u00f4t qu\u2019une agriculture totalement industrielle.<\/i>\u00a0\u00bb<i><\/i><\/p>\n<\/p><\/div>\n","protected":false},"excerpt":{"rendered":"Ce samedi apr&egrave;s-midi, le syndicat organise pour la premi&egrave;re fois une f&ecirc;te paysanne dans les Hautes-Alpes. L&rsquo;&eacute;v&egrave;nement est organis&eacute; au 60&nbsp;&Icirc;le d&rsquo;Oriane, &agrave; Laragne-Mont&eacute;glin, &#8230;","protected":false},"author":1,"featured_media":39962,"comment_status":"open","ping_status":"open","sticky":false,"template":"","format":"standard","meta":{"footnotes":""},"categories":[3926,3925,333,5237],"tags":[447,893,1414,4768,1434,466,1134,1871,457],"news-destination":[3944],"news-source":[475],"is_homepage":[],"ta_other":[],"class_list":["post-39961","post","type-post","status-publish","format-standard","has-post-thumbnail","hentry","category-accueil-merge","category-accueil-third","category-environnement","category-locale","tag-agriculture","tag-agro-industrie","tag-alimentation","tag-alpes","tag-ecologie","tag-fete","tag-marche","tag-modef","tag-paysans","news-destination-homepage","news-source-website"],"_links":{"self":[{"href":"https:\/\/euapp01.newsmemory.com\/lamarseillaise\/news\/wp-json\/wp\/v2\/posts\/39961","targetHints":{"allow":["GET"]}}],"collection":[{"href":"https:\/\/euapp01.newsmemory.com\/lamarseillaise\/news\/wp-json\/wp\/v2\/posts"}],"about":[{"href":"https:\/\/euapp01.newsmemory.com\/lamarseillaise\/news\/wp-json\/wp\/v2\/types\/post"}],"author":[{"embeddable":true,"href":"https:\/\/euapp01.newsmemory.com\/lamarseillaise\/news\/wp-json\/wp\/v2\/users\/1"}],"replies":[{"embeddable":true,"href":"https:\/\/euapp01.newsmemory.com\/lamarseillaise\/news\/wp-json\/wp\/v2\/comments?post=39961"}],"version-history":[{"count":2,"href":"https:\/\/euapp01.newsmemory.com\/lamarseillaise\/news\/wp-json\/wp\/v2\/posts\/39961\/revisions"}],"predecessor-version":[{"id":40000,"href":"https:\/\/euapp01.newsmemory.com\/lamarseillaise\/news\/wp-json\/wp\/v2\/posts\/39961\/revisions\/40000"}],"wp:featuredmedia":[{"embeddable":true,"href":"https:\/\/euapp01.newsmemory.com\/lamarseillaise\/news\/wp-json\/wp\/v2\/media\/39962"}],"wp:attachment":[{"href":"https:\/\/euapp01.newsmemory.com\/lamarseillaise\/news\/wp-json\/wp\/v2\/media?parent=39961"}],"wp:term":[{"taxonomy":"category","embeddable":true,"href":"https:\/\/euapp01.newsmemory.com\/lamarseillaise\/news\/wp-json\/wp\/v2\/categories?post=39961"},{"taxonomy":"post_tag","embeddable":true,"href":"https:\/\/euapp01.newsmemory.com\/lamarseillaise\/news\/wp-json\/wp\/v2\/tags?post=39961"},{"taxonomy":"news-destination","embeddable":true,"href":"https:\/\/euapp01.newsmemory.com\/lamarseillaise\/news\/wp-json\/wp\/v2\/news-destination?post=39961"},{"taxonomy":"news-source","embeddable":true,"href":"https:\/\/euapp01.newsmemory.com\/lamarseillaise\/news\/wp-json\/wp\/v2\/news-source?post=39961"},{"taxonomy":"is_homepage","embeddable":true,"href":"https:\/\/euapp01.newsmemory.com\/lamarseillaise\/news\/wp-json\/wp\/v2\/is_homepage?post=39961"},{"taxonomy":"ta_other","embeddable":true,"href":"https:\/\/euapp01.newsmemory.com\/lamarseillaise\/news\/wp-json\/wp\/v2\/ta_other?post=39961"}],"curies":[{"name":"wp","href":"https:\/\/api.w.org\/{rel}","templated":true}]}}