{"id":39958,"date":"2026-08-22T07:44:00","date_gmt":"2026-08-22T05:44:00","guid":{"rendered":"https:\/\/euapp01.newsmemory.com\/lamarseillaise\/news\/?p=39958"},"modified":"2026-08-26T11:40:46","modified_gmt":"2026-08-26T09:40:46","slug":"la-rentree-sociale-au-coeur-de-luniversite-dete-du-pcf","status":"publish","type":"post","link":"https:\/\/euapp01.newsmemory.com\/lamarseillaise\/news\/2026\/08\/22\/la-rentree-sociale-au-coeur-de-luniversite-dete-du-pcf\/","title":{"rendered":"La rentr\u00e9e sociale au c\u0153ur de l\u2019universit\u00e9 d\u2019\u00e9t\u00e9 du PCF"},"content":{"rendered":"<div class=\"paragraph\">\n<p>Deux dirigeantes syndicales de premier plan, Caroline Chev\u00e9, secr\u00e9taire g\u00e9n\u00e9rale de la FSU, Fabienne Rouchy, secr\u00e9taire conf\u00e9d\u00e9rale de la CGT et un responsable national du PCF, Igor Zamichiei ont \u00e9chang\u00e9 leurs points de vue \u00e0 la veille de la rentr\u00e9e qui compte d\u00e9j\u00e0 pr\u00e8s d\u2019une dizaine de dates de mobilisations. Le 29\u00a0septembre conjuguera notamment une gr\u00e8ve \u00e0 l\u2019appel de l\u2019intersyndicale de la fonction publique sur la question des salaires et une manifestation nationale des sapeurs-pompiers exigeant plus de moyens et d\u2019effectifs apr\u00e8s un \u00e9t\u00e9 infernal, aggrav\u00e9 par les effets du d\u00e9r\u00e8glement climatique.<\/p>\n<p>\u00ab\u00a0<i>Pour nous les moyens pour les services publics et les salaires sont les deux faces d\u2019une m\u00eame pi\u00e8ce. C\u2019est la derni\u00e8re rentr\u00e9e de Macron, donc forc\u00e9ment une rentr\u00e9e sp\u00e9ciale<\/i><i>\u00a0<\/i>\u00bb, rappelle Caroline Chev\u00e9 pour la FSU. \u00ab\u00a0<i>L\u2019extr\u00eame-droite risque de r\u00e9cup\u00e9rer cette col\u00e8re qui est dans le pays, c\u2019est \u00e0 nous le mouvement social de la capter pour en faire quelque chose<\/i><i>\u00a0<\/i>\u00bb, abonde Fabienne Rouchy de la CGT qui insiste\u00a0: \u00ab\u00a0<i>\u00c0 la rentr\u00e9e, on va dans l\u2019unit\u00e9 syndicale, se mobiliser le plus possible sur le budget. Le gouvernement a renonc\u00e9 sur le doublement des franchises m\u00e9dicales, il faut qu\u2019on arrive aussi \u00e0 les faire reculer sur la d\u00e9sindexation des retraites.<\/i><i>\u00a0<\/i>\u00bb<\/p>\n<\/p><\/div>\n<div class=\"intext\"> \u00ab\u00a0Qui vit dans les logements surchauff\u00e9s\u00a0?\u00a0\u00bb\n              <\/div>\n<div class=\"paragraph\">\n<p>Igor Zamichiei souligne l\u2019importance d\u2019entendre \u00ab\u00a0<i>d\u2019entendre la voix des travailleurs, leurs repr\u00e9sentants. Jamais on n\u2019a autant parl\u00e9 de la valeur travail et jamais on n\u2019a eu un travail autant d\u00e9valoris\u00e9. On ne vit plus dignement de son travail dans ce pays.<\/i> <i>L\u2019affrontement capital travail est de plus en plus violent<\/i><i>\u00a0<\/i>\u00bb. Pour lui, il est essentiel de d\u00e9noncer l\u2019imposture sociale de l\u2019extr\u00eame droite\u00a0: \u00ab\u00a0<i>RN et macronistes se sont retrouv\u00e9s pour refuser de taxer les yachts de plus de 20 m\u00e8tres mais il est question dans le m\u00eame temps de s\u2019en prendre aux retrait\u00e9s.<\/i>\u00a0\u00bb<\/p>\n<p>Les trois intervenants se rejoignent sur un constat\u00a0: la question sociale est intimement m\u00eal\u00e9e \u00e0 la question \u00e9cologique. \u00ab\u00a0<i>Juillet a \u00e9t\u00e9 le mois le plus chaud de toute l\u2019histoire des mesures de temp\u00e9rature. Qui travaille dans les champs<\/i><i>\u00a0<\/i><i>? Dans les cuisines<\/i><i>\u00a0<\/i><i>? Sur les chantiers<\/i><i>\u00a0<\/i><i>? Qui vit dans des logements surchauff\u00e9s<\/i><i>\u00a0<\/i><i>? Ce sont les travailleurs. Il y a besoin de planifier la r\u00e9novation des logements, du b\u00e2ti scolaire, des bases de lutte anti incendies&#8230; Le capitalisme est incapable de relever ces d\u00e9fi<\/i><i>s<\/i><i>\u00a0<\/i>\u00bb, mart\u00e8le Igor Zamichiei<i>. <\/i><\/p>\n<p><i><\/i><\/p>\n<\/p><\/div>\n<div class=\"intext\"> Le r\u00f4le du PCF en d\u00e9bat\n              <\/div>\n<div class=\"paragraph\">\n<p>Selon Caroline Chev\u00e9, \u00ab\u00a0<i>l\u2019\u00e9t\u00e9 fait exploser au grand jour ce que l\u2019on sait depuis longtemps<\/i><i>\u00a0<\/i><i>: la r\u00e9alit\u00e9 du r\u00e9chauffement climatique et le retard pris sur son att\u00e9nuation. Pour adapter le b\u00e2ti scolaire c\u2019est 5<\/i><i>\u00a0<\/i><i>milliards d\u2019euros par an pendant 10<\/i><i>\u00a0<\/i><i>ans. C\u2019est beaucoup mais \u00e0 mettre en regard des 211<\/i><i>\u00a0<\/i><i>milliards de cadeaux faits aux grandes entreprises, ce n\u2019est pas tant que \u00e7a<\/i><i>\u00a0<\/i>\u00bb.<i><\/i><\/p>\n<p>\u00ab\u00a0<i>Ce n\u2019est pas la plan\u00e8te qu\u2019il faut sauver, c\u2019est l\u2019esp\u00e8ce humaine<\/i><i>\u00a0<\/i>\u00bb, affirme Fabienne Rouchy pour qui \u00ab<i>\u00a0<\/i><i>il faut une planification pour anticiper et pr\u00e9venir les effets du r\u00e9chauffement climatique. Est-ce que c\u2019est coh\u00e9rent que Total \u00e9nergies per\u00e7oive des aides publiques<\/i><i>\u00a0<\/i><i>? Il y a des fili\u00e8res enti\u00e8res \u00e0 reconstruire, il faut d\u00e9carboner les industries.<\/i><i>\u00a0<\/i>\u00bb<i> <\/i><\/p>\n<p>Les deux syndicalistes appellent \u00e0 mettre en \u00e9chec l\u2019extr\u00eame droite \u00ab\u00a0<i>porteuse d\u2019un projet de r\u00e9forme constitutionnelle d\u2019une grande gravit\u00e9<\/i><i>\u00a0<\/i>\u00bb en \u00ab\u00a0<i>en menant le d\u00e9bat sur les lieux de travail \u00e0 partir des sujets qui pr\u00e9occupent nos coll\u00e8gues<\/i><i>\u00a0<\/i>\u00bb sans s\u2019exon\u00e9rer d\u2019une critique des errements d\u2019une certaine gauche. \u00ab<i>\u00a0<\/i><i>Fran\u00e7ois Hollande a beaucoup banalis\u00e9 l\u2019extr\u00eame droite durant son quinquennat. Le Parti communiste a tout son r\u00f4le \u00e0 jouer dans la p\u00e9riode<\/i><i>\u00a0<\/i>\u00bb, conclut Fabien Rouchy.<\/p>\n<p>Ce sera le fil rouge des deux prochains jours de l\u2019universit\u00e9 d\u2019\u00e9t\u00e9 du PCF et de l\u2019allocution de Fabien Roussel ce samedi.<i> <\/i><\/p>\n<\/p><\/div>\n","protected":false},"excerpt":{"rendered":"Deux dirigeantes syndicales de premier plan, Caroline Chev&eacute;, secr&eacute;taire g&eacute;n&eacute;rale de la FSU, Fabienne Rouchy, secr&eacute;taire conf&eacute;d&eacute;rale de la CGT et un responsable national du PCF, Igor Zamichiei ont &#8230;","protected":false},"author":1,"featured_media":39959,"comment_status":"open","ping_status":"open","sticky":false,"template":"","format":"standard","meta":{"footnotes":""},"categories":[3926,3925,330],"tags":[875,113,406,250],"news-destination":[3944],"news-source":[475],"is_homepage":[],"ta_other":[],"class_list":["post-39958","post","type-post","status-publish","format-standard","has-post-thumbnail","hentry","category-accueil-merge","category-accueil-third","category-politique","tag-caroline-cheve","tag-cgt","tag-fsu","tag-pcf","news-destination-homepage","news-source-website"],"_links":{"self":[{"href":"https:\/\/euapp01.newsmemory.com\/lamarseillaise\/news\/wp-json\/wp\/v2\/posts\/39958","targetHints":{"allow":["GET"]}}],"collection":[{"href":"https:\/\/euapp01.newsmemory.com\/lamarseillaise\/news\/wp-json\/wp\/v2\/posts"}],"about":[{"href":"https:\/\/euapp01.newsmemory.com\/lamarseillaise\/news\/wp-json\/wp\/v2\/types\/post"}],"author":[{"embeddable":true,"href":"https:\/\/euapp01.newsmemory.com\/lamarseillaise\/news\/wp-json\/wp\/v2\/users\/1"}],"replies":[{"embeddable":true,"href":"https:\/\/euapp01.newsmemory.com\/lamarseillaise\/news\/wp-json\/wp\/v2\/comments?post=39958"}],"version-history":[{"count":1,"href":"https:\/\/euapp01.newsmemory.com\/lamarseillaise\/news\/wp-json\/wp\/v2\/posts\/39958\/revisions"}],"predecessor-version":[{"id":39960,"href":"https:\/\/euapp01.newsmemory.com\/lamarseillaise\/news\/wp-json\/wp\/v2\/posts\/39958\/revisions\/39960"}],"wp:featuredmedia":[{"embeddable":true,"href":"https:\/\/euapp01.newsmemory.com\/lamarseillaise\/news\/wp-json\/wp\/v2\/media\/39959"}],"wp:attachment":[{"href":"https:\/\/euapp01.newsmemory.com\/lamarseillaise\/news\/wp-json\/wp\/v2\/media?parent=39958"}],"wp:term":[{"taxonomy":"category","embeddable":true,"href":"https:\/\/euapp01.newsmemory.com\/lamarseillaise\/news\/wp-json\/wp\/v2\/categories?post=39958"},{"taxonomy":"post_tag","embeddable":true,"href":"https:\/\/euapp01.newsmemory.com\/lamarseillaise\/news\/wp-json\/wp\/v2\/tags?post=39958"},{"taxonomy":"news-destination","embeddable":true,"href":"https:\/\/euapp01.newsmemory.com\/lamarseillaise\/news\/wp-json\/wp\/v2\/news-destination?post=39958"},{"taxonomy":"news-source","embeddable":true,"href":"https:\/\/euapp01.newsmemory.com\/lamarseillaise\/news\/wp-json\/wp\/v2\/news-source?post=39958"},{"taxonomy":"is_homepage","embeddable":true,"href":"https:\/\/euapp01.newsmemory.com\/lamarseillaise\/news\/wp-json\/wp\/v2\/is_homepage?post=39958"},{"taxonomy":"ta_other","embeddable":true,"href":"https:\/\/euapp01.newsmemory.com\/lamarseillaise\/news\/wp-json\/wp\/v2\/ta_other?post=39958"}],"curies":[{"name":"wp","href":"https:\/\/api.w.org\/{rel}","templated":true}]}}