{"id":39955,"date":"2026-08-22T07:47:00","date_gmt":"2026-08-22T05:47:00","guid":{"rendered":"https:\/\/euapp01.newsmemory.com\/lamarseillaise\/news\/?p=39955"},"modified":"2026-08-26T17:47:54","modified_gmt":"2026-08-26T15:47:54","slug":"un-premier-succes-qui-amene-de-la-confiance","status":"publish","type":"post","link":"https:\/\/euapp01.newsmemory.com\/lamarseillaise\/news\/2026\/08\/22\/un-premier-succes-qui-amene-de-la-confiance\/","title":{"rendered":"Un premier succ\u00e8s qui am\u00e8ne de la confiance"},"content":{"rendered":"<div class=\"paragraph\">\n<p>Il y a eu de l\u2019\u00e9motion, avec l\u2019hommage \u00e0 Eric Roy, ancien joueur de l\u2019OM et qui avait amen\u00e9 Brest en Ligue des Champions en tant qu\u2019entra\u00eeneur, d\u00e9c\u00e9d\u00e9 le 17\u00a0juin.<\/p>\n<p>Il y a eu des messages, contre le naming du V\u00e9lodrome, et une interpellation du boss, \u00ab\u00a0<i>McCourt : des centaines de millions investis depuis 10 ans, Mais pour quels r\u00e9sultats<\/i><i>\u00a0<\/i><i>? Pas de titre, pas d\u2019\u00e9quipe, pas d\u2019ambition&#8230;uniquement des d\u00e9sillusions et des humiliations<\/i><i>\u00a0<\/i><i>!<\/i><i>\u00a0<\/i>\u00bb Les Virages avaient donn\u00e9 le ton.<\/p>\n<p>Sur le terrain, c\u2019est un OM cacochyme qui a lanc\u00e9 sa saison. Avec une bonne volont\u00e9 \u00e9vidente de mettre en pratique sur le terrain ce que Bruno Genesio a tent\u00e9 d\u2019inculquer \u00e0 des joueurs qui avaient avant tout besoin de se rassurer. Face \u00e0 des Strasbourgeois dont le but \u00e9tait visiblement de prolonger le doute ambiant.<\/p>\n<p>Le but marseillais, d\u00e8s le retour des vestiaires, devait changer la donne. Obligeant les Strasbourgeois \u00e0 se d\u00e9couvrir et commettre encore plus de fautes. Ce dont les hommes de Bruno Genesio ont su tire profit pour aller chercher un premier succ\u00e8s rassurant.<\/p>\n<\/p><\/div>\n","protected":false},"excerpt":{"rendered":"Il y a eu de l&rsquo;&eacute;motion, avec l&rsquo;hommage &agrave; Eric Roy, ancien joueur de l&rsquo;OM et qui avait amen&eacute; Brest en Ligue des Champions en tant qu&rsquo;entra&icirc;neur, d&eacute;c&eacute;d&eacute; le 17&nbsp;juin.Il y a eu &#8230;","protected":false},"author":1,"featured_media":39956,"comment_status":"open","ping_status":"open","sticky":false,"template":"","format":"standard","meta":{"footnotes":""},"categories":[3926,3925,7],"tags":[10,13,1153,16,14],"news-destination":[3944],"news-source":[475],"is_homepage":[],"ta_other":[],"class_list":["post-39955","post","type-post","status-publish","format-standard","has-post-thumbnail","hentry","category-accueil-merge","category-accueil-third","category-sports","tag-bouches-du-rhone","tag-football","tag-ligue-1","tag-marseille","tag-om","news-destination-homepage","news-source-website"],"_links":{"self":[{"href":"https:\/\/euapp01.newsmemory.com\/lamarseillaise\/news\/wp-json\/wp\/v2\/posts\/39955","targetHints":{"allow":["GET"]}}],"collection":[{"href":"https:\/\/euapp01.newsmemory.com\/lamarseillaise\/news\/wp-json\/wp\/v2\/posts"}],"about":[{"href":"https:\/\/euapp01.newsmemory.com\/lamarseillaise\/news\/wp-json\/wp\/v2\/types\/post"}],"author":[{"embeddable":true,"href":"https:\/\/euapp01.newsmemory.com\/lamarseillaise\/news\/wp-json\/wp\/v2\/users\/1"}],"replies":[{"embeddable":true,"href":"https:\/\/euapp01.newsmemory.com\/lamarseillaise\/news\/wp-json\/wp\/v2\/comments?post=39955"}],"version-history":[{"count":1,"href":"https:\/\/euapp01.newsmemory.com\/lamarseillaise\/news\/wp-json\/wp\/v2\/posts\/39955\/revisions"}],"predecessor-version":[{"id":39957,"href":"https:\/\/euapp01.newsmemory.com\/lamarseillaise\/news\/wp-json\/wp\/v2\/posts\/39955\/revisions\/39957"}],"wp:featuredmedia":[{"embeddable":true,"href":"https:\/\/euapp01.newsmemory.com\/lamarseillaise\/news\/wp-json\/wp\/v2\/media\/39956"}],"wp:attachment":[{"href":"https:\/\/euapp01.newsmemory.com\/lamarseillaise\/news\/wp-json\/wp\/v2\/media?parent=39955"}],"wp:term":[{"taxonomy":"category","embeddable":true,"href":"https:\/\/euapp01.newsmemory.com\/lamarseillaise\/news\/wp-json\/wp\/v2\/categories?post=39955"},{"taxonomy":"post_tag","embeddable":true,"href":"https:\/\/euapp01.newsmemory.com\/lamarseillaise\/news\/wp-json\/wp\/v2\/tags?post=39955"},{"taxonomy":"news-destination","embeddable":true,"href":"https:\/\/euapp01.newsmemory.com\/lamarseillaise\/news\/wp-json\/wp\/v2\/news-destination?post=39955"},{"taxonomy":"news-source","embeddable":true,"href":"https:\/\/euapp01.newsmemory.com\/lamarseillaise\/news\/wp-json\/wp\/v2\/news-source?post=39955"},{"taxonomy":"is_homepage","embeddable":true,"href":"https:\/\/euapp01.newsmemory.com\/lamarseillaise\/news\/wp-json\/wp\/v2\/is_homepage?post=39955"},{"taxonomy":"ta_other","embeddable":true,"href":"https:\/\/euapp01.newsmemory.com\/lamarseillaise\/news\/wp-json\/wp\/v2\/ta_other?post=39955"}],"curies":[{"name":"wp","href":"https:\/\/api.w.org\/{rel}","templated":true}]}}