{"id":39952,"date":"2026-08-22T08:33:00","date_gmt":"2026-08-22T06:33:00","guid":{"rendered":"https:\/\/euapp01.newsmemory.com\/lamarseillaise\/news\/?p=39952"},"modified":"2026-08-22T10:21:18","modified_gmt":"2026-08-22T08:21:18","slug":"adrien-boichis-brille-en-haute-savoie-et-candidate-pour-un-double","status":"publish","type":"post","link":"https:\/\/euapp01.newsmemory.com\/lamarseillaise\/news\/2026\/08\/22\/adrien-boichis-brille-en-haute-savoie-et-candidate-pour-un-double\/","title":{"rendered":"Adrien Boichis brille en Haute-Savoie et candidate pour un doubl\u00e9"},"content":{"rendered":"<div class=\"paragraph\">\n<p>L\u2019accueil de la Coupe du monde aux Gets (Haute-Savoie) est toujours synonyme de f\u00eate. Le VTT revient en fanfare, ce week-end, dans la station de ski haute-savoyarde et les pilotes fran\u00e7ais sont au rendez-vous. \u00c0 commencer par Adrien Boichis et Mathis Azzaro. Les deux coureurs originaires des Bouches-du-Rh\u00f4ne figurent actuellement dans le top\u00a05 du classement g\u00e9n\u00e9ral et font partie des favoris pour le cross-country olympique, qui aura lieu dimanche.<\/p>\n<p>Mais avant de s\u2019attaquer au format long d\u20191h20, les v\u00e9t\u00e9tistes disputaient vendredi le short-track, une course intense, d\u2019environ 20\u00a0minutes. Cette sp\u00e9cialit\u00e9, c\u2019est \u00e9galement la tasse de th\u00e9 des deux Bucco-Rhodaniens. Boichis occupe la t\u00eate du tableau devant Azzaro, mais \u00e9galement le Ni\u00e7ois Luca Martin, compl\u00e9tant le podium provisoire 100% tricolore.<\/p>\n<\/p><\/div>\n<div class=\"intext\"> Boichis en patron<br \/>\n               <br \/>sur le format court\n              <\/div>\n<div class=\"paragraph\">\n<p>Les trois Fran\u00e7ais ont bien r\u00e9pondu pr\u00e9sents puisqu\u2019Adrien Boichis a r\u00e9alis\u00e9 un tour de force pour vaincre Luca Martin dans le dernier des 9\u00a0tours de course, aux Gets. Une bataille de haut niveau, qui s\u2019est conclue par une victoire pour le cycliste de l\u2019\u00e9quipe Specialized, seulement 23\u00a0ans. L\u2019Aixois \u00e9tend son avance au classement de la discipline en prenant 170\u00a0points de marge sur Martin. Mathis Azzaro a lui fini 4<sup>e<\/sup>, vendredi, et conserve provisoirement sa 3<sup>e<\/sup>\u00a0place globale.<\/p>\n<p>\u00ab\u00a0<i>C\u2019est toujours super de gagner devant le public fran\u00e7ais. C\u2019\u00e9tait dur comme course, je m\u2019en \u00e9tais rendu compte d\u00e8s l\u2019\u00e9chauffement<\/i>\u00a0\u00bb, d\u00e9clare le vainqueur du jour.<\/p>\n<\/p><\/div>\n","protected":false},"excerpt":{"rendered":"L&rsquo;accueil de la Coupe du monde aux Gets (Haute-Savoie) est toujours synonyme de f&ecirc;te. Le VTT revient en fanfare, ce week-end, dans la station de ski haute-savoyarde et les pilotes fran&ccedil;ais sont au rendez-vous. &Agrave; commencer &#8230;","protected":false},"author":1,"featured_media":39953,"comment_status":"open","ping_status":"open","sticky":false,"template":"","format":"standard","meta":{"footnotes":""},"categories":[3926,3925,7],"tags":[1097,1144,5055],"news-destination":[3944],"news-source":[475],"is_homepage":[],"ta_other":[],"class_list":["post-39952","post","type-post","status-publish","format-standard","has-post-thumbnail","hentry","category-accueil-merge","category-accueil-third","category-sports","tag-coupe-du-monde","tag-cyclisme","tag-vtt","news-destination-homepage","news-source-website"],"_links":{"self":[{"href":"https:\/\/euapp01.newsmemory.com\/lamarseillaise\/news\/wp-json\/wp\/v2\/posts\/39952","targetHints":{"allow":["GET"]}}],"collection":[{"href":"https:\/\/euapp01.newsmemory.com\/lamarseillaise\/news\/wp-json\/wp\/v2\/posts"}],"about":[{"href":"https:\/\/euapp01.newsmemory.com\/lamarseillaise\/news\/wp-json\/wp\/v2\/types\/post"}],"author":[{"embeddable":true,"href":"https:\/\/euapp01.newsmemory.com\/lamarseillaise\/news\/wp-json\/wp\/v2\/users\/1"}],"replies":[{"embeddable":true,"href":"https:\/\/euapp01.newsmemory.com\/lamarseillaise\/news\/wp-json\/wp\/v2\/comments?post=39952"}],"version-history":[{"count":1,"href":"https:\/\/euapp01.newsmemory.com\/lamarseillaise\/news\/wp-json\/wp\/v2\/posts\/39952\/revisions"}],"predecessor-version":[{"id":39954,"href":"https:\/\/euapp01.newsmemory.com\/lamarseillaise\/news\/wp-json\/wp\/v2\/posts\/39952\/revisions\/39954"}],"wp:featuredmedia":[{"embeddable":true,"href":"https:\/\/euapp01.newsmemory.com\/lamarseillaise\/news\/wp-json\/wp\/v2\/media\/39953"}],"wp:attachment":[{"href":"https:\/\/euapp01.newsmemory.com\/lamarseillaise\/news\/wp-json\/wp\/v2\/media?parent=39952"}],"wp:term":[{"taxonomy":"category","embeddable":true,"href":"https:\/\/euapp01.newsmemory.com\/lamarseillaise\/news\/wp-json\/wp\/v2\/categories?post=39952"},{"taxonomy":"post_tag","embeddable":true,"href":"https:\/\/euapp01.newsmemory.com\/lamarseillaise\/news\/wp-json\/wp\/v2\/tags?post=39952"},{"taxonomy":"news-destination","embeddable":true,"href":"https:\/\/euapp01.newsmemory.com\/lamarseillaise\/news\/wp-json\/wp\/v2\/news-destination?post=39952"},{"taxonomy":"news-source","embeddable":true,"href":"https:\/\/euapp01.newsmemory.com\/lamarseillaise\/news\/wp-json\/wp\/v2\/news-source?post=39952"},{"taxonomy":"is_homepage","embeddable":true,"href":"https:\/\/euapp01.newsmemory.com\/lamarseillaise\/news\/wp-json\/wp\/v2\/is_homepage?post=39952"},{"taxonomy":"ta_other","embeddable":true,"href":"https:\/\/euapp01.newsmemory.com\/lamarseillaise\/news\/wp-json\/wp\/v2\/ta_other?post=39952"}],"curies":[{"name":"wp","href":"https:\/\/api.w.org\/{rel}","templated":true}]}}