{"id":39949,"date":"2026-08-22T07:48:00","date_gmt":"2026-08-22T05:48:00","guid":{"rendered":"https:\/\/euapp01.newsmemory.com\/lamarseillaise\/news\/?p=39949"},"modified":"2026-08-26T20:22:55","modified_gmt":"2026-08-26T18:22:55","slug":"nouveau-visage-et-grand-projet-pour-les-marseillaises","status":"publish","type":"post","link":"https:\/\/euapp01.newsmemory.com\/lamarseillaise\/news\/2026\/08\/22\/nouveau-visage-et-grand-projet-pour-les-marseillaises\/","title":{"rendered":"Nouveau visage et grand projet pour les Marseillaises"},"content":{"rendered":"<div class=\"paragraph\">\n<p>Nouvelle saison, nouvelle \u00e9quipe et toujours plus d\u2019ambition pour les Marseillaises. Comme leurs homologues masculins, les f\u00e9minines reprennent leur saison ce week-end. La premi\u00e8re de l\u2019ann\u00e9e se d\u00e9roule \u00e0 domicile, au stade Francis-Turcan de Martigues, contre Toulouse (samedi, 17h). Le championnat, ce sera pour d\u00e9but septembre, l\u2019OM commence son aventure 2026-2027 par un match de Coupe de la Ligue LFFP. Cette comp\u00e9tition subit un lifting pour sa 2<sup>e<\/sup>\u00a0\u00e9dition avec une poule unique sur le mod\u00e8le des Coupes d\u2019Europe, puis une phase \u00e0 \u00e9limination directe.<\/p>\n<p>Apr\u00e8s un maintien obtenu \u00e0 l\u2019avant-derni\u00e8re journ\u00e9e l\u2019an pass\u00e9, les Marseillaises veulent poursuivre sur leur lanc\u00e9e et faire mieux. Pour cela, l\u2019effectif a \u00e9t\u00e9 compl\u00e8tement chamboul\u00e9. 14\u00a0d\u00e9parts et 13\u00a0arriv\u00e9es d\u2019un calibre \u00e9lev\u00e9 pour atteindre les objectifs du club. Si chaque ligne a \u00e9t\u00e9 am\u00e9lior\u00e9e, le secteur offensif a \u00e9t\u00e9 revu. La serial buteuse de la saison derni\u00e8re, Mathilde Bourdieu, sera accompagn\u00e9e de l\u2019internationale fran\u00e7aise Claire Lavogez et de Louise Fleury, autre attaquante exp\u00e9riment\u00e9e du championnat.<\/p>\n<\/p><\/div>\n<div class=\"intext\"> Nouveau coach en poste\n              <\/div>\n<div class=\"paragraph\">\n<p>Les rares Marseillaises qui ont connu la saison du maintien ont gagn\u00e9 en exp\u00e9rience et c\u2019est justement sur cette voie que le mercato olympien s\u2019est dirig\u00e9. Nous pouvons \u00e9galement citer les noms de Julie Thibaud, Sonia Ouch\u00e8ne, Ma\u00eblle Garbino ou encore du pr\u00eat de la jeune Am\u00e9ricaine Lexi Missimo.<\/p>\n<p>Un effectif remani\u00e9, mais le principal mouvement est sans doute celui du banc de touche. Corinne Diacre a valid\u00e9 sa mission, c\u2019est-\u00e0-dire maintenir l\u2019\u00e9quipe en premi\u00e8re division. Us\u00e9e par le challenge phoc\u00e9en, l\u2019ex-s\u00e9lectionneuse de l\u2019\u00e9quipe de France s\u2019en est all\u00e9e d\u2019un commun accord. Pour la remplacer, l\u2019OM est all\u00e9 chercher le coach d\u2019une \u00e9quipe performante ces derni\u00e8res ann\u00e9es. Nicolas Chabot a quitt\u00e9 le FC Nantes pour rejoindre le projet des Marseillaises. Les Nantaises ont termin\u00e9 derri\u00e8re les trois gros du championnat &#8211; Lyon, Paris FC, Paris SG -, tout en s\u00e9curisant leur place pour les demi-finales de Premi\u00e8re Ligue. Malgr\u00e9 le revers 8-0 contre les Lyonnes, le FCN a r\u00e9alis\u00e9 un exercice plein, distan\u00e7ant rapidement ses principales poursuivantes, Fleury et Dijon. Chabot a m\u00eame \u00e9t\u00e9 r\u00e9compens\u00e9 du titre de meilleur entra\u00eeneur. \u00ab\u00a0<i>Nous avons un projet d\u2019au minimum cinq ans pour structurer la section f\u00e9minine dans tous les aspects<\/i><i>\u00a0<\/i><i>: du centre de formation \u00e0 l\u2019\u00e9quipe premi\u00e8re, avec des investissements pour cr\u00e9er des leviers de valeur et pour nous \u00e9tablir dans le haut du panier du football f\u00e9minin fran\u00e7ais<\/i>\u00a0\u00bb<i>, <\/i>appuyait Stefano Petruzzo, directeur g\u00e9n\u00e9ral des Marseillaises.<\/p>\n<\/p><\/div>\n","protected":false},"excerpt":{"rendered":"Nouvelle saison, nouvelle &eacute;quipe et toujours plus d&rsquo;ambition pour les Marseillaises. Comme leurs homologues masculins, les f&eacute;minines reprennent leur saison ce week-end. La premi&egrave;re de l&rsquo;ann&eacute;e se d&eacute;roule &#8230;","protected":false},"author":1,"featured_media":39950,"comment_status":"open","ping_status":"open","sticky":false,"template":"","format":"standard","meta":{"footnotes":""},"categories":[3926,3925,7],"tags":[10,13,16,14],"news-destination":[3944],"news-source":[475],"is_homepage":[],"ta_other":[],"class_list":["post-39949","post","type-post","status-publish","format-standard","has-post-thumbnail","hentry","category-accueil-merge","category-accueil-third","category-sports","tag-bouches-du-rhone","tag-football","tag-marseille","tag-om","news-destination-homepage","news-source-website"],"_links":{"self":[{"href":"https:\/\/euapp01.newsmemory.com\/lamarseillaise\/news\/wp-json\/wp\/v2\/posts\/39949","targetHints":{"allow":["GET"]}}],"collection":[{"href":"https:\/\/euapp01.newsmemory.com\/lamarseillaise\/news\/wp-json\/wp\/v2\/posts"}],"about":[{"href":"https:\/\/euapp01.newsmemory.com\/lamarseillaise\/news\/wp-json\/wp\/v2\/types\/post"}],"author":[{"embeddable":true,"href":"https:\/\/euapp01.newsmemory.com\/lamarseillaise\/news\/wp-json\/wp\/v2\/users\/1"}],"replies":[{"embeddable":true,"href":"https:\/\/euapp01.newsmemory.com\/lamarseillaise\/news\/wp-json\/wp\/v2\/comments?post=39949"}],"version-history":[{"count":1,"href":"https:\/\/euapp01.newsmemory.com\/lamarseillaise\/news\/wp-json\/wp\/v2\/posts\/39949\/revisions"}],"predecessor-version":[{"id":39951,"href":"https:\/\/euapp01.newsmemory.com\/lamarseillaise\/news\/wp-json\/wp\/v2\/posts\/39949\/revisions\/39951"}],"wp:featuredmedia":[{"embeddable":true,"href":"https:\/\/euapp01.newsmemory.com\/lamarseillaise\/news\/wp-json\/wp\/v2\/media\/39950"}],"wp:attachment":[{"href":"https:\/\/euapp01.newsmemory.com\/lamarseillaise\/news\/wp-json\/wp\/v2\/media?parent=39949"}],"wp:term":[{"taxonomy":"category","embeddable":true,"href":"https:\/\/euapp01.newsmemory.com\/lamarseillaise\/news\/wp-json\/wp\/v2\/categories?post=39949"},{"taxonomy":"post_tag","embeddable":true,"href":"https:\/\/euapp01.newsmemory.com\/lamarseillaise\/news\/wp-json\/wp\/v2\/tags?post=39949"},{"taxonomy":"news-destination","embeddable":true,"href":"https:\/\/euapp01.newsmemory.com\/lamarseillaise\/news\/wp-json\/wp\/v2\/news-destination?post=39949"},{"taxonomy":"news-source","embeddable":true,"href":"https:\/\/euapp01.newsmemory.com\/lamarseillaise\/news\/wp-json\/wp\/v2\/news-source?post=39949"},{"taxonomy":"is_homepage","embeddable":true,"href":"https:\/\/euapp01.newsmemory.com\/lamarseillaise\/news\/wp-json\/wp\/v2\/is_homepage?post=39949"},{"taxonomy":"ta_other","embeddable":true,"href":"https:\/\/euapp01.newsmemory.com\/lamarseillaise\/news\/wp-json\/wp\/v2\/ta_other?post=39949"}],"curies":[{"name":"wp","href":"https:\/\/api.w.org\/{rel}","templated":true}]}}