{"id":39946,"date":"2026-08-22T07:27:00","date_gmt":"2026-08-22T05:27:00","guid":{"rendered":"https:\/\/euapp01.newsmemory.com\/lamarseillaise\/news\/?p=39946"},"modified":"2026-08-22T10:21:18","modified_gmt":"2026-08-22T08:21:18","slug":"creuset-de-la-resistance","status":"publish","type":"post","link":"https:\/\/euapp01.newsmemory.com\/lamarseillaise\/news\/2026\/08\/22\/creuset-de-la-resistance\/","title":{"rendered":"Creuset de la R\u00e9sistance"},"content":{"rendered":"<div class=\"paragraph\">\n<p>Nous croyons tout savoir sur le destin de Jean Moulin, son r\u00f4le d\u00e9cisif dans la R\u00e9sistance, sa fin sous la torture nazie, son entr\u00e9e au Panth\u00e9on, son visage \u00e0 la fois doux et d\u00e9termin\u00e9 immortalis\u00e9 par de tr\u00e8s rares photographies. <br \/>Le visage d\u2019un h\u00e9ros de l\u2019ombre qui ne sut jamais la fin de l\u2019histoire, rien de la victoire sur la b\u00eate immonde. Rien de sa r\u00e9ussite \u00e0 lui, l\u2019unificateur des mouvements r\u00e9sistants et artisan de la cr\u00e9ation du Conseil national de la r\u00e9sistance, le CNR.<\/p>\n<p>Mais l\u2019historiographie s\u2019enrichit de nouvelles d\u00e9couvertes et de r\u00e9v\u00e9lations. Ainsi, gr\u00e2ce aux travaux de jeunes historiens, l\u2019endroit pr\u00e9cis de son point de chute en Provence, apr\u00e8s son parachutage au c\u0153ur de la nuit, est connu, born\u00e9 par une st\u00e8le.<\/p>\n<p>Jean Moulin dans la lumi\u00e8re<\/p>\n<p>Il est d\u00e9sormais possible de partir sur les traces <br \/>de \u00ab\u00a0Rex\u00a0\u00bb en Provence <br \/>et en particulier \u00e0 Marseille. Cette enqu\u00eate de <i>La<\/i><i>\u00a0<\/i><i>Marseillaise<\/i> sur les traces de Jean Moulin permet de mettre \u00e0 jour son parcours dans la ville, rue par rue, de r\u00e9union en r\u00e9union. Tout cela dans la clandestinit\u00e9 la plus totale. Suivre les traces marseillaises de Jean Moulin c\u2019est prendre conscience que la cit\u00e9 phoc\u00e9enne fut le creuset de la r\u00e9sistance en France.<\/p>\n<p>Jean Moulin va \u00eatre mis aussi dans la lumi\u00e8re dans quelques semaines gr\u00e2ce \u00e0 la sortie du film r\u00e9alis\u00e9 par L\u00e1szl\u00f3 Nemes et consacr\u00e9 au H\u00e9ros de la r\u00e9sistance avec les acteurs Gilles Lellouche dans le r\u00f4le-titre et Lars Eidinger en bourreau. Il sortira au cin\u00e9ma en France le 28\u00a0octobre. En attendant, marchons dans les pas des r\u00e9sistants au moment m\u00eame o\u00f9 dans les villes et villages de Provence, les c\u00e9l\u00e9brations de la Lib\u00e9ration ont lieu pour ne jamais oublier.<\/p>\n<\/p><\/div>\n","protected":false},"excerpt":{"rendered":"Nous croyons tout savoir sur le destin de Jean Moulin, son r&ocirc;le d&eacute;cisif dans la R&eacute;sistance, sa fin sous la torture nazie, son entr&eacute;e au Panth&eacute;on, son visage &agrave; la fois doux et d&eacute;termin&eacute; &#8230;","protected":false},"author":1,"featured_media":39947,"comment_status":"open","ping_status":"open","sticky":false,"template":"","format":"standard","meta":{"footnotes":""},"categories":[332],"tags":[1732,1372,4190,16,1729],"news-destination":[],"news-source":[475],"is_homepage":[],"ta_other":[],"class_list":["post-39946","post","type-post","status-publish","format-standard","has-post-thumbnail","hentry","category-edito","tag-conseil-national-de-la-resistance","tag-editoriaux","tag-jean-moulin","tag-marseille","tag-resistance","news-source-website"],"_links":{"self":[{"href":"https:\/\/euapp01.newsmemory.com\/lamarseillaise\/news\/wp-json\/wp\/v2\/posts\/39946","targetHints":{"allow":["GET"]}}],"collection":[{"href":"https:\/\/euapp01.newsmemory.com\/lamarseillaise\/news\/wp-json\/wp\/v2\/posts"}],"about":[{"href":"https:\/\/euapp01.newsmemory.com\/lamarseillaise\/news\/wp-json\/wp\/v2\/types\/post"}],"author":[{"embeddable":true,"href":"https:\/\/euapp01.newsmemory.com\/lamarseillaise\/news\/wp-json\/wp\/v2\/users\/1"}],"replies":[{"embeddable":true,"href":"https:\/\/euapp01.newsmemory.com\/lamarseillaise\/news\/wp-json\/wp\/v2\/comments?post=39946"}],"version-history":[{"count":1,"href":"https:\/\/euapp01.newsmemory.com\/lamarseillaise\/news\/wp-json\/wp\/v2\/posts\/39946\/revisions"}],"predecessor-version":[{"id":39948,"href":"https:\/\/euapp01.newsmemory.com\/lamarseillaise\/news\/wp-json\/wp\/v2\/posts\/39946\/revisions\/39948"}],"wp:featuredmedia":[{"embeddable":true,"href":"https:\/\/euapp01.newsmemory.com\/lamarseillaise\/news\/wp-json\/wp\/v2\/media\/39947"}],"wp:attachment":[{"href":"https:\/\/euapp01.newsmemory.com\/lamarseillaise\/news\/wp-json\/wp\/v2\/media?parent=39946"}],"wp:term":[{"taxonomy":"category","embeddable":true,"href":"https:\/\/euapp01.newsmemory.com\/lamarseillaise\/news\/wp-json\/wp\/v2\/categories?post=39946"},{"taxonomy":"post_tag","embeddable":true,"href":"https:\/\/euapp01.newsmemory.com\/lamarseillaise\/news\/wp-json\/wp\/v2\/tags?post=39946"},{"taxonomy":"news-destination","embeddable":true,"href":"https:\/\/euapp01.newsmemory.com\/lamarseillaise\/news\/wp-json\/wp\/v2\/news-destination?post=39946"},{"taxonomy":"news-source","embeddable":true,"href":"https:\/\/euapp01.newsmemory.com\/lamarseillaise\/news\/wp-json\/wp\/v2\/news-source?post=39946"},{"taxonomy":"is_homepage","embeddable":true,"href":"https:\/\/euapp01.newsmemory.com\/lamarseillaise\/news\/wp-json\/wp\/v2\/is_homepage?post=39946"},{"taxonomy":"ta_other","embeddable":true,"href":"https:\/\/euapp01.newsmemory.com\/lamarseillaise\/news\/wp-json\/wp\/v2\/ta_other?post=39946"}],"curies":[{"name":"wp","href":"https:\/\/api.w.org\/{rel}","templated":true}]}}