{"id":39943,"date":"2026-08-22T09:27:00","date_gmt":"2026-08-22T07:27:00","guid":{"rendered":"https:\/\/euapp01.newsmemory.com\/lamarseillaise\/news\/?p=39943"},"modified":"2026-08-27T08:09:15","modified_gmt":"2026-08-27T06:09:15","slug":"un-dispositif-pour-evacuerles-chevaux-en-cas-dincendie","status":"publish","type":"post","link":"https:\/\/euapp01.newsmemory.com\/lamarseillaise\/news\/2026\/08\/22\/un-dispositif-pour-evacuerles-chevaux-en-cas-dincendie\/","title":{"rendered":"Un dispositif dans les Bouches-du-Rh\u00f4ne pour \u00e9vacuer les chevaux en cas d\u2019incendie"},"content":{"rendered":"<div class=\"paragraph\">\n<p>Les images de ces chevaux au grand galop fuyant les grands incendies dans le Sud Ouest avaient fait le tour des t\u00e9l\u00e9s de France&#8230; Alors que les feux de for\u00eat se multiplient, entra\u00eenant r\u00e9guli\u00e8rement l\u2019\u00e9vacuation d\u2019\u00e9tablissements \u00e9questres et de centaines d\u2019\u00e9quid\u00e9s, le Comit\u00e9 D\u00e9partemental d\u2019\u00c9quitation des Bouches-du-Rh\u00f4ne (CDE\u00a013) et le Service d\u00e9partemental d\u2019incendie et de secours des Bouches-du-Rh\u00f4ne (Sdis\u00a013) ont sign\u00e9 une convention de partenariat pour assurer la mise en s\u00e9curit\u00e9 des animaux lors des situations de crise indiquent les Pompiers\u00a013 dans un communiqu\u00e9.<\/p>\n<p>Une d\u00e9marche in\u00e9dite pour \u00ab\u00a0<i>renforcer la r\u00e9silience du territoire et qui t\u00e9moigne d\u2019une mobilisation collective au service de la s\u00e9curit\u00e9 des populations et de la protection animale<\/i><i>\u00a0<\/i>\u00bb, ajoute le Sdis\u00a013. Concr\u00e8tement, le dispositif s\u2019appuie sur une \u00e9quipe f\u00e9d\u00e9rale d\u2019\u00e9vacuation de crise, compos\u00e9e de professionnels volontaires et qualifi\u00e9s. Ils agissent \u00e0 la demande du commandant des op\u00e9rations de secours et vont chercher les animaux avec un \u00e9quipement ad\u00e9quat et des infrastructures pour les accueillir.<\/p>\n<\/p><\/div>\n<div class=\"intext\"> Des gens volontaires mais qui g\u00eanent les secours\n              <\/div>\n<div class=\"paragraph\">\n<p>\u00ab\u00a0<i>Quand il s\u2019agit de sauver les chevaux et les animaux, il y a une grosse communaut\u00e9<\/i>\u00a0\u00bb, explique Emmanuelle De La Burgade, pr\u00e9sidente du Comit\u00e9 d\u00e9partemental d\u2019\u00e9quitation (CDE\u00a013). Mais si \u00ab\u00a0<i>les gens sont toujours pr\u00eats \u00e0 venir mais g\u00eanent les op\u00e9rations de secours. Le but est vraiment qu\u2019on ait une synergie entre les pompiers et les secours pour que cela puisse s\u2019organiser de fa\u00e7on coh\u00e9rente<\/i>\u00a0\u00bb<i>, <\/i>d\u00e9taille-t-elle.<\/p>\n<p>Ce plan d\u2019\u00e9vacuation des \u00e9quid\u00e9s prend tout son sens au regard des incendies de cet \u00e9t\u00e9. En Gironde, 1\u00a0800\u00a0chevaux ont \u00e9t\u00e9 \u00e9vacu\u00e9s et r\u00e9partis partout dans le d\u00e9partement fin juillet rappelle le Sdis\u00a013. Dans le Var, le Comit\u00e9 r\u00e9gional d\u2019\u00e9quitation (CRE) du Sud poss\u00e8de un num\u00e9ro d\u2019urgence joignable dans de telles situations. Les propositions d\u2019aide peuvent \u00eatre envoy\u00e9es par SMS \u00e0 ce num\u00e9ro, en pr\u00e9cisant le nombre de places de transport disponibles ou encore le nombre de chevaux pouvant \u00eatre accueillis et la commune d\u2019accueil. Des situations qui \u00ab\u00a0<i>ont une nouvelle fois d\u00e9montr\u00e9 qu\u2019au-del\u00e0 de la protection des populations, l\u2019\u00e9vacuation des animaux, et notamment des \u00e9quid\u00e9s, doit \u00eatre anticip\u00e9e et organis\u00e9e<\/i>\u00a0\u00bb, estime Richard Maill\u00e9, pr\u00e9sident des Pompiers\u00a013.<\/p>\n<p>Sur le territoire national, quelque 9\u00a0000\u00a0\u00e9tablissements \u00e9questres sont adh\u00e9rents \u00e0 la F\u00e9d\u00e9ration fran\u00e7aise d\u2019\u00e9quitation (FFE). Dans les Bouches-du-Rh\u00f4ne, 238\u00a0en sont membres via le CDE\u00a013. Les porteurs de cette initiative esp\u00e8rent la voir \u00e9largie \u00e0 la France enti\u00e8re, \u00ab\u00a0<i>avec le soutien du minist\u00e8re de l\u2019Int\u00e9rieur, en s\u2019appuyant sur cette premi\u00e8re coop\u00e9ration<\/i>\u00a0\u00bb ajoute Fr\u00e9d\u00e9ric Bouix, pr\u00e9sident de la FFE.<\/p>\n<\/p><\/div>\n","protected":false},"excerpt":{"rendered":"Les images de ces chevaux au grand galop fuyant les grands incendies dans le Sud Ouest avaient fait le tour des t&eacute;l&eacute;s de France&#8230; Alors que les feux de for&ecirc;t se multiplient, entra&icirc;nant r&eacute;guli&egrave;rement &#8230;","protected":false},"author":1,"featured_media":39944,"comment_status":"open","ping_status":"open","sticky":false,"template":"","format":"standard","meta":{"footnotes":""},"categories":[3926,3925,20],"tags":[182,10,4374,4015,1396,1095,320,630,537,4064,1674,381,111],"news-destination":[3944],"news-source":[475],"is_homepage":[],"ta_other":[],"class_list":["post-39943","post","type-post","status-publish","format-standard","has-post-thumbnail","hentry","category-accueil-merge","category-accueil-third","category-societe","tag-animaux","tag-bouches-du-rhone","tag-chevaux","tag-feux-de-foret","tag-incendies","tag-partenariat","tag-pompiers","tag-populations","tag-protection","tag-richard-maille","tag-sapeurs-pompiers","tag-secours","tag-securite","news-destination-homepage","news-source-website"],"_links":{"self":[{"href":"https:\/\/euapp01.newsmemory.com\/lamarseillaise\/news\/wp-json\/wp\/v2\/posts\/39943","targetHints":{"allow":["GET"]}}],"collection":[{"href":"https:\/\/euapp01.newsmemory.com\/lamarseillaise\/news\/wp-json\/wp\/v2\/posts"}],"about":[{"href":"https:\/\/euapp01.newsmemory.com\/lamarseillaise\/news\/wp-json\/wp\/v2\/types\/post"}],"author":[{"embeddable":true,"href":"https:\/\/euapp01.newsmemory.com\/lamarseillaise\/news\/wp-json\/wp\/v2\/users\/1"}],"replies":[{"embeddable":true,"href":"https:\/\/euapp01.newsmemory.com\/lamarseillaise\/news\/wp-json\/wp\/v2\/comments?post=39943"}],"version-history":[{"count":2,"href":"https:\/\/euapp01.newsmemory.com\/lamarseillaise\/news\/wp-json\/wp\/v2\/posts\/39943\/revisions"}],"predecessor-version":[{"id":39999,"href":"https:\/\/euapp01.newsmemory.com\/lamarseillaise\/news\/wp-json\/wp\/v2\/posts\/39943\/revisions\/39999"}],"wp:featuredmedia":[{"embeddable":true,"href":"https:\/\/euapp01.newsmemory.com\/lamarseillaise\/news\/wp-json\/wp\/v2\/media\/39944"}],"wp:attachment":[{"href":"https:\/\/euapp01.newsmemory.com\/lamarseillaise\/news\/wp-json\/wp\/v2\/media?parent=39943"}],"wp:term":[{"taxonomy":"category","embeddable":true,"href":"https:\/\/euapp01.newsmemory.com\/lamarseillaise\/news\/wp-json\/wp\/v2\/categories?post=39943"},{"taxonomy":"post_tag","embeddable":true,"href":"https:\/\/euapp01.newsmemory.com\/lamarseillaise\/news\/wp-json\/wp\/v2\/tags?post=39943"},{"taxonomy":"news-destination","embeddable":true,"href":"https:\/\/euapp01.newsmemory.com\/lamarseillaise\/news\/wp-json\/wp\/v2\/news-destination?post=39943"},{"taxonomy":"news-source","embeddable":true,"href":"https:\/\/euapp01.newsmemory.com\/lamarseillaise\/news\/wp-json\/wp\/v2\/news-source?post=39943"},{"taxonomy":"is_homepage","embeddable":true,"href":"https:\/\/euapp01.newsmemory.com\/lamarseillaise\/news\/wp-json\/wp\/v2\/is_homepage?post=39943"},{"taxonomy":"ta_other","embeddable":true,"href":"https:\/\/euapp01.newsmemory.com\/lamarseillaise\/news\/wp-json\/wp\/v2\/ta_other?post=39943"}],"curies":[{"name":"wp","href":"https:\/\/api.w.org\/{rel}","templated":true}]}}