{"id":39936,"date":"2026-08-22T07:40:00","date_gmt":"2026-08-22T05:40:00","guid":{"rendered":"https:\/\/euapp01.newsmemory.com\/lamarseillaise\/news\/?p=39936"},"modified":"2026-08-26T10:48:18","modified_gmt":"2026-08-26T08:48:18","slug":"un-deces-ravive-les-coleres-suite-aux-effondrements","status":"publish","type":"post","link":"https:\/\/euapp01.newsmemory.com\/lamarseillaise\/news\/2026\/08\/22\/un-deces-ravive-les-coleres-suite-aux-effondrements\/","title":{"rendered":"Un d\u00e9c\u00e8s ravive les col\u00e8res suite aux effondrements"},"content":{"rendered":"<div class=\"paragraph\">\n<p>Apr\u00e8s l\u2019effondrement de l\u2019immeuble sur lequel la SPLAIN menait un gros chantier de r\u00e9habilitation, ce riverain de 67\u00a0ans avait inhal\u00e9 des poussi\u00e8res. Il avait \u00e9t\u00e9 pris en charge, ainsi que 7\u00a0autres personnes, par les marins-pompiers. Il \u00e9tait locataire du 29\u00a0rue d\u2019Aubagne, un immeuble frapp\u00e9 de p\u00e9ril irr\u00e9m\u00e9diable, o\u00f9 un locataire avait trouv\u00e9 la mort en\u00a02007 suite \u00e0 une chute dans l\u2019escalier, du 5<sup>e<\/sup>\u00a0\u00e9tage.<\/p>\n<p>Ce nouveau d\u00e9c\u00e8s \u00ab\u00a0<i>nous rappelle ce que cet \u00e9v\u00e9nement a \u00e9t\u00e9<\/i><i>\u00a0<\/i><i>: un drame du mal-logement, un de plus qui a touch\u00e9 notre quartier<\/i><i>\u00a0<\/i>\u00bb \u00e9crit Le Collectif du 5\u00a0novembre o\u00f9 la plaie des effondrements de la rue d\u2019Aubagne en\u00a02018 reste ouverte. Le 3\u00a0Halle Delacroix \u00e9tait frapp\u00e9 d\u2019un arr\u00eat\u00e9 de mise en s\u00e9curit\u00e9 urgente en octobre\u00a02024 apr\u00e8s l\u2019incendie du commerce de l\u00e9gumes. La SPLAIN projetait la fin des travaux pour am\u00e9nager 13\u00a0logements, trois commerces et une surface de locaux d\u2019activit\u00e9 \u00e0 l\u2019automne\u00a02028. Au lendemain de ce nouvel effondrement, le C5N interrogeait d\u00e9j\u00e0\u00a0: \u00ab\u00a0<i>Comment un immeuble int\u00e9gr\u00e9 \u00e0 une op\u00e9ration urbaine de r\u00e9novation peut-il finir par s\u2019effondrer<\/i><i>\u00a0<\/i><i>?<\/i><i>\u00a0<\/i>\u00bb. Il avait exig\u00e9 que l\u2019ensemble des expertises et autres documents utiles concernant les travaux sur l\u2019immeuble \u00ab\u00a0<i>soient rendus publics, particuli\u00e8rement quant aux poussi\u00e8res de l\u2019effondrement et aux op\u00e9rations de d\u00e9samiantage<\/i>\u00a0\u00bb.<\/p>\n<\/p><\/div>\n<div class=\"intext\"> Appel \u00e0 t\u00e9moignages\n              <\/div>\n<div class=\"paragraph\">\n<p>\u00ab\u00a0<i>Nous attendons toujours<\/i>\u00a0\u00bb, d\u00e9plore le C5N qui interpelle les services de l\u2019\u00c9tat et de la m\u00e9tropole Marseille-Provence, actionnaires de la soci\u00e9t\u00e9 aux c\u00f4t\u00e9s de la Ville de Marseille et renouvelle son exigence de transparence sur ce dossier. Par ailleurs, sa fille, Nadia, assurant que son p\u00e8re ne souffrait pas de pathologie, appelle \u00ab\u00a0<i>toutes celles et ceux qui \u00e9taient sur place ce soir-l\u00e0<\/i><i>\u00a0<\/i>\u00bb \u00e0 lui \u00ab\u00a0<i>transmettre des photos et vid\u00e9os de l\u2019effondrement<\/i>\u00a0\u00bb via le C5N.<\/p>\n<p>La SPLAIN avait mis en place, pour les personnes ayant subi des dommages ou pr\u00e9judices cons\u00e9cutifs aux effondrements des planchers, une adresse e-mail leur donnant la possibilit\u00e9 de signaler et de transmettre les informations n\u00e9cessaires au traitement assurantiel de leur dossier. \u00ab\u00a0<i>Les personnes prises en charge sont ressorties de l\u2019h\u00f4pital sans probl\u00e8me signal\u00e9,<\/i> indique Audrey Gatian, pr\u00e9sidente de la SPLAIN, <i>nous avons transmis aux riverains les certificats du 22<\/i><i>\u00a0<\/i><i>juin qui montrent qu\u2019il n\u2019y a pas eu de pr\u00e9sence d\u2019amiante dans les poussi\u00e8res<\/i>\u00a0\u00bb. Par ailleurs, le directeur g\u00e9n\u00e9ral de la SPLAIN, Franck Caro, pr\u00e9cise\u00a0: \u00ab\u00a0<i>sur la partie du b\u00e2timent c\u00f4t\u00e9 16<\/i><i>\u00a0<\/i><i>rue d\u2019Aubagne, un d\u00e9samiantage \u00e9tait d\u00e9j\u00e0 intervenu fin juillet<\/i><i>\u00a0<\/i>\u00bb. Quant \u00e0 la Ville, qui s\u2019associe au deuil des proches, ayant suivi l\u2019\u00e9volution de l\u2019\u00e9tat de sant\u00e9 des huit personnes hospitalis\u00e9es, elle pr\u00e9cise \u00ab\u00a0<i>ne pas avoir eu de nouveau signalement<\/i>\u00a0\u00bb.<\/p>\n<\/p><\/div>\n","protected":false},"excerpt":{"rendered":"Apr&egrave;s l&rsquo;effondrement de l&rsquo;immeuble sur lequel la SPLAIN menait un gros chantier de r&eacute;habilitation, ce riverain de 67&nbsp;ans avait inhal&eacute; des poussi&egrave;res. Il avait &eacute;t&eacute; pris en charge, ainsi que &#8230;","protected":false},"author":1,"featured_media":39937,"comment_status":"open","ping_status":"open","sticky":false,"template":"","format":"standard","meta":{"footnotes":""},"categories":[3926,3925,20],"tags":[10,4720,2953],"news-destination":[3944],"news-source":[475],"is_homepage":[],"ta_other":[],"class_list":["post-39936","post","type-post","status-publish","format-standard","has-post-thumbnail","hentry","category-accueil-merge","category-accueil-third","category-societe","tag-bouches-du-rhone","tag-marseille-1er-arrondissement","tag-rue-daubagne","news-destination-homepage","news-source-website"],"_links":{"self":[{"href":"https:\/\/euapp01.newsmemory.com\/lamarseillaise\/news\/wp-json\/wp\/v2\/posts\/39936","targetHints":{"allow":["GET"]}}],"collection":[{"href":"https:\/\/euapp01.newsmemory.com\/lamarseillaise\/news\/wp-json\/wp\/v2\/posts"}],"about":[{"href":"https:\/\/euapp01.newsmemory.com\/lamarseillaise\/news\/wp-json\/wp\/v2\/types\/post"}],"author":[{"embeddable":true,"href":"https:\/\/euapp01.newsmemory.com\/lamarseillaise\/news\/wp-json\/wp\/v2\/users\/1"}],"replies":[{"embeddable":true,"href":"https:\/\/euapp01.newsmemory.com\/lamarseillaise\/news\/wp-json\/wp\/v2\/comments?post=39936"}],"version-history":[{"count":1,"href":"https:\/\/euapp01.newsmemory.com\/lamarseillaise\/news\/wp-json\/wp\/v2\/posts\/39936\/revisions"}],"predecessor-version":[{"id":39938,"href":"https:\/\/euapp01.newsmemory.com\/lamarseillaise\/news\/wp-json\/wp\/v2\/posts\/39936\/revisions\/39938"}],"wp:featuredmedia":[{"embeddable":true,"href":"https:\/\/euapp01.newsmemory.com\/lamarseillaise\/news\/wp-json\/wp\/v2\/media\/39937"}],"wp:attachment":[{"href":"https:\/\/euapp01.newsmemory.com\/lamarseillaise\/news\/wp-json\/wp\/v2\/media?parent=39936"}],"wp:term":[{"taxonomy":"category","embeddable":true,"href":"https:\/\/euapp01.newsmemory.com\/lamarseillaise\/news\/wp-json\/wp\/v2\/categories?post=39936"},{"taxonomy":"post_tag","embeddable":true,"href":"https:\/\/euapp01.newsmemory.com\/lamarseillaise\/news\/wp-json\/wp\/v2\/tags?post=39936"},{"taxonomy":"news-destination","embeddable":true,"href":"https:\/\/euapp01.newsmemory.com\/lamarseillaise\/news\/wp-json\/wp\/v2\/news-destination?post=39936"},{"taxonomy":"news-source","embeddable":true,"href":"https:\/\/euapp01.newsmemory.com\/lamarseillaise\/news\/wp-json\/wp\/v2\/news-source?post=39936"},{"taxonomy":"is_homepage","embeddable":true,"href":"https:\/\/euapp01.newsmemory.com\/lamarseillaise\/news\/wp-json\/wp\/v2\/is_homepage?post=39936"},{"taxonomy":"ta_other","embeddable":true,"href":"https:\/\/euapp01.newsmemory.com\/lamarseillaise\/news\/wp-json\/wp\/v2\/ta_other?post=39936"}],"curies":[{"name":"wp","href":"https:\/\/api.w.org\/{rel}","templated":true}]}}