{"id":39930,"date":"2026-08-22T07:41:00","date_gmt":"2026-08-22T05:41:00","guid":{"rendered":"https:\/\/euapp01.newsmemory.com\/lamarseillaise\/news\/?p=39930"},"modified":"2026-08-26T11:27:51","modified_gmt":"2026-08-26T09:27:51","slug":"un-concert-caritatif-pour-lutter-contre-les-cancers-pediatriques","status":"publish","type":"post","link":"https:\/\/euapp01.newsmemory.com\/lamarseillaise\/news\/2026\/08\/22\/un-concert-caritatif-pour-lutter-contre-les-cancers-pediatriques\/","title":{"rendered":"Un concert caritatif pour lutter contre les cancers p\u00e9diatriques"},"content":{"rendered":"<div class=\"paragraph\">\n<p>Chaque ann\u00e9e en France, 2\u00a0500\u00a0enfants sont atteints de cancers. Afin d\u2019am\u00e9liorer leur prise en charge et les aider \u00e0 s\u2019en remettre le mieux possible, le professeur Laetitia Padovani, cheffe de service radioth\u00e9rapie de l\u2019AP-HM, porte un projet\u00a0: celui d\u2019\u00e9quiper l\u2019h\u00f4pital de la Timone d\u2019un \u00ab\u00a0IRM Linac\u00a0\u00bb.<\/p>\n<p>Une premi\u00e8re en France. L\u2019appareil permet de visualiser la tumeur en temps r\u00e9el pendant le traitement, et offre une pr\u00e9cision in\u00e9dite tout en limitant l\u2019exposition des tissus sains et en r\u00e9duisant les s\u00e9quelles \u00e0 long terme comme le risque de cancers secondaires.<\/p>\n<p>Aujourd\u2019hui, 80% des enfants atteints d\u2019un cancer gu\u00e9rissent.<\/p>\n<\/p><\/div>\n<div class=\"intext\"> Un outil \u00e0 3\u00a0millions d\u2019euros\n              <\/div>\n<div class=\"paragraph\">\n<p>Le nouvel \u00e9quipement doit permettre d\u2019am\u00e9liorer encore la pr\u00e9cision des traitements, et d\u2019en limiter les effets secondaires. Seul b\u00e9mol, l\u2019\u00e9quipement est co\u00fbteux\u00a0: 3\u00a0millions d\u2019euros, et sur ces 3\u00a0millions, 500\u00a0000\u00a0restent encore \u00e0 r\u00e9unir.<\/p>\n<p>Afin d\u2019atteindre l\u2019objectif, PHOCEO, le fonds de dotation de l\u2019AP-HM, compte pour la deuxi\u00e8me ann\u00e9e cons\u00e9cutive sur Yann Muller et sa premi\u00e8re partie assur\u00e9e par Provi, Bronkstein et Claude N\u2019joya pour un concert caritatif.<\/p>\n<p>L\u2019\u00e9v\u00e9nement se d\u00e9roulera donc le jeudi 3\u00a0septembre d\u00e8s 19h au parc de la mairie de Bagatelle, dans le quartier du Perier \u00e0 Marseille. Pour les plus rapides, les 500 premi\u00e8res places sont propos\u00e9es \u00e0 30 euros, et le reste des places 40 euros. L\u2019\u00e9dition pr\u00e9c\u00e9dente avait \u00e9t\u00e9 un succ\u00e8s permettant de r\u00e9colter pr\u00e8s de 50\u00a0000\u00a0euros.<\/p>\n<\/p><\/div>\n<div class=\"paragraph\">\n<p><i>Le 3<\/i><i>\u00a0<\/i><i>septembre \u00e0 19h au parc de la mairie de Bagatelle. <\/i><\/p>\n<p><i>Places disponibles en ligne sur le site helloasso.com<\/i><\/p>\n<p><i>Buvette et restauration disponibles sur place. <\/i><\/p>\n<\/p><\/div>\n","protected":false},"excerpt":{"rendered":"Chaque ann&eacute;e en France, 2&nbsp;500&nbsp;enfants sont atteints de cancers. Afin d&rsquo;am&eacute;liorer leur prise en charge et les aider &agrave; s&rsquo;en remettre le mieux possible, le professeur Laetitia Padovani, cheffe de service &#8230;","protected":false},"author":1,"featured_media":39931,"comment_status":"open","ping_status":"open","sticky":false,"template":"","format":"standard","meta":{"footnotes":""},"categories":[3926,3925,20],"tags":[10,16],"news-destination":[3944],"news-source":[475],"is_homepage":[],"ta_other":[],"class_list":["post-39930","post","type-post","status-publish","format-standard","has-post-thumbnail","hentry","category-accueil-merge","category-accueil-third","category-societe","tag-bouches-du-rhone","tag-marseille","news-destination-homepage","news-source-website"],"_links":{"self":[{"href":"https:\/\/euapp01.newsmemory.com\/lamarseillaise\/news\/wp-json\/wp\/v2\/posts\/39930","targetHints":{"allow":["GET"]}}],"collection":[{"href":"https:\/\/euapp01.newsmemory.com\/lamarseillaise\/news\/wp-json\/wp\/v2\/posts"}],"about":[{"href":"https:\/\/euapp01.newsmemory.com\/lamarseillaise\/news\/wp-json\/wp\/v2\/types\/post"}],"author":[{"embeddable":true,"href":"https:\/\/euapp01.newsmemory.com\/lamarseillaise\/news\/wp-json\/wp\/v2\/users\/1"}],"replies":[{"embeddable":true,"href":"https:\/\/euapp01.newsmemory.com\/lamarseillaise\/news\/wp-json\/wp\/v2\/comments?post=39930"}],"version-history":[{"count":1,"href":"https:\/\/euapp01.newsmemory.com\/lamarseillaise\/news\/wp-json\/wp\/v2\/posts\/39930\/revisions"}],"predecessor-version":[{"id":39932,"href":"https:\/\/euapp01.newsmemory.com\/lamarseillaise\/news\/wp-json\/wp\/v2\/posts\/39930\/revisions\/39932"}],"wp:featuredmedia":[{"embeddable":true,"href":"https:\/\/euapp01.newsmemory.com\/lamarseillaise\/news\/wp-json\/wp\/v2\/media\/39931"}],"wp:attachment":[{"href":"https:\/\/euapp01.newsmemory.com\/lamarseillaise\/news\/wp-json\/wp\/v2\/media?parent=39930"}],"wp:term":[{"taxonomy":"category","embeddable":true,"href":"https:\/\/euapp01.newsmemory.com\/lamarseillaise\/news\/wp-json\/wp\/v2\/categories?post=39930"},{"taxonomy":"post_tag","embeddable":true,"href":"https:\/\/euapp01.newsmemory.com\/lamarseillaise\/news\/wp-json\/wp\/v2\/tags?post=39930"},{"taxonomy":"news-destination","embeddable":true,"href":"https:\/\/euapp01.newsmemory.com\/lamarseillaise\/news\/wp-json\/wp\/v2\/news-destination?post=39930"},{"taxonomy":"news-source","embeddable":true,"href":"https:\/\/euapp01.newsmemory.com\/lamarseillaise\/news\/wp-json\/wp\/v2\/news-source?post=39930"},{"taxonomy":"is_homepage","embeddable":true,"href":"https:\/\/euapp01.newsmemory.com\/lamarseillaise\/news\/wp-json\/wp\/v2\/is_homepage?post=39930"},{"taxonomy":"ta_other","embeddable":true,"href":"https:\/\/euapp01.newsmemory.com\/lamarseillaise\/news\/wp-json\/wp\/v2\/ta_other?post=39930"}],"curies":[{"name":"wp","href":"https:\/\/api.w.org\/{rel}","templated":true}]}}