{"id":39927,"date":"2026-08-22T07:42:00","date_gmt":"2026-08-22T05:42:00","guid":{"rendered":"https:\/\/euapp01.newsmemory.com\/lamarseillaise\/news\/?p=39927"},"modified":"2026-08-26T11:27:51","modified_gmt":"2026-08-26T09:27:51","slug":"les-besoins-en-plasma-ne-retombent-pas-pendant-lete","status":"publish","type":"post","link":"https:\/\/euapp01.newsmemory.com\/lamarseillaise\/news\/2026\/08\/22\/les-besoins-en-plasma-ne-retombent-pas-pendant-lete\/","title":{"rendered":"Les besoins en plasma ne retombent pas pendant l\u2019\u00e9t\u00e9"},"content":{"rendered":"<div class=\"paragraph\">\n<p>Moins connu du grand public que le don du sang, le don du plasma est tout aussi essentiel \u00e0 l\u2019\u00c9tablissement fran\u00e7ais du sang (EFS).<\/p>\n<p>C\u2019est m\u00eame un \u00ab\u00a0<i>enjeu majeur de souverainet\u00e9 sanitaire<\/i><i>\u00a0<\/i>\u00bb, comme le rappelait Virginie Ferrera-Tourenc, directrice Paca-Corse de l\u2019EFS, lors de la derni\u00e8re campagne pour la collecte de sang \u00e0 Marseille, avant l\u2019\u00e9t\u00e9. Un enjeu qui l\u2019est encore plus pendant la p\u00e9riode estivale. \u00ab\u00a0<i>L\u2019\u00e9t\u00e9 est une p\u00e9riode fragile en termes de dons. Les gens donnent un petit peu moins et les stocks en France sont en diminution avec la canicule<\/i>\u00a0\u00bb, d\u00e9veloppait-elle. Dans sa derni\u00e8re communication au niveau national, l\u2019EFS enfonce le clou sur l\u2019urgence de la situation\u00a0: \u00ab<i>\u00a0<\/i><i>Les \u00e9pisodes de forte chaleur de mai, juin, puis juillet ont pes\u00e9 sur la mobilisation des donneurs. Lors des pics de canicule, le nombre de dons peut baisser jusqu\u2019\u00e0 25%, certaines collectes ayant d\u00fb \u00eatre \u00e9court\u00e9es ou annul\u00e9es.<\/i><i>\u00a0<\/i>\u00bb Pour rappel, le plasma est la partie liquide du sang et sert de v\u00e9hicule pour transporter les cellules sanguines\u00a0: globules rouges, globules blancs et plaquettes.<\/p>\n<p>Une partie qui contient moult prot\u00e9ines et autres nutriments n\u00e9cessaires \u00e0 la conception de m\u00e9dicaments. En clair, les besoins sont croissants\u00a0: \u00ab\u00a0<i>Les besoins augmentent chaque ann\u00e9e, port\u00e9s par l\u2019utilisation croissante de m\u00e9dicaments d\u00e9riv\u00e9s du plasma, alors m\u00eame que la France reste encore d\u00e9pendante des importations pour y r\u00e9pondre.<\/i><i>\u00a0<\/i>\u00bb<\/p>\n<\/p><\/div>\n<div class=\"intext\"> Une question de maillage territorial\n              <\/div>\n<div class=\"paragraph\">\n<p>Et l\u2019EFS s\u2019attelle \u00e0 y r\u00e9pondre, c\u2019est d\u2019ailleurs tout le sens de l\u2019inauguration officielle de la Maison du don \u00e0 Aubagne en juillet, m\u00eame si elle \u00e9tait sur le circuit quelques mois avant. \u00ab\u00a0<i>L\u2019ouverture de la Maison du don d\u2019Aubagne constitue une \u00e9tape importante dans le d\u00e9veloppement de notre maillage de collecte en r\u00e9gion<\/i>\u00a0\u00bb, notait Virginie Ferrera-Tourenc. Et pour cause, elle est situ\u00e9e au c\u0153ur de la zone d\u2019activit\u00e9s des Paluds\u00a0: \u00ab\u00a0<i>Cette 7<\/i><i><sup>e<\/sup><\/i><i> Maison du don r\u00e9gionale rev\u00eat une dimension particuli\u00e8re, elle renforce notre maillage territorial et s\u2019inscrit pleinement dans la strat\u00e9gie de d\u00e9veloppement du don de plasma.<\/i><i>\u00a0<\/i>\u00bb<\/p>\n<\/p><\/div>\n","protected":false},"excerpt":{"rendered":"Moins connu du grand public que le don du sang, le don du plasma est tout aussi essentiel &agrave; l&rsquo;&Eacute;tablissement fran&ccedil;ais du sang (EFS).","protected":false},"author":1,"featured_media":39928,"comment_status":"open","ping_status":"open","sticky":false,"template":"","format":"standard","meta":{"footnotes":""},"categories":[3926,3925,20],"tags":[493,10,6289,5121,6288,572,1790,80,1342],"news-destination":[3944],"news-source":[475],"is_homepage":[],"ta_other":[],"class_list":["post-39927","post","type-post","status-publish","format-standard","has-post-thumbnail","hentry","category-accueil-merge","category-accueil-third","category-societe","tag-aubagne","tag-bouches-du-rhone","tag-don-de-plasma","tag-don-du-sang","tag-efs","tag-france","tag-medicaments","tag-paca","tag-stocks","news-destination-homepage","news-source-website"],"_links":{"self":[{"href":"https:\/\/euapp01.newsmemory.com\/lamarseillaise\/news\/wp-json\/wp\/v2\/posts\/39927","targetHints":{"allow":["GET"]}}],"collection":[{"href":"https:\/\/euapp01.newsmemory.com\/lamarseillaise\/news\/wp-json\/wp\/v2\/posts"}],"about":[{"href":"https:\/\/euapp01.newsmemory.com\/lamarseillaise\/news\/wp-json\/wp\/v2\/types\/post"}],"author":[{"embeddable":true,"href":"https:\/\/euapp01.newsmemory.com\/lamarseillaise\/news\/wp-json\/wp\/v2\/users\/1"}],"replies":[{"embeddable":true,"href":"https:\/\/euapp01.newsmemory.com\/lamarseillaise\/news\/wp-json\/wp\/v2\/comments?post=39927"}],"version-history":[{"count":1,"href":"https:\/\/euapp01.newsmemory.com\/lamarseillaise\/news\/wp-json\/wp\/v2\/posts\/39927\/revisions"}],"predecessor-version":[{"id":39929,"href":"https:\/\/euapp01.newsmemory.com\/lamarseillaise\/news\/wp-json\/wp\/v2\/posts\/39927\/revisions\/39929"}],"wp:featuredmedia":[{"embeddable":true,"href":"https:\/\/euapp01.newsmemory.com\/lamarseillaise\/news\/wp-json\/wp\/v2\/media\/39928"}],"wp:attachment":[{"href":"https:\/\/euapp01.newsmemory.com\/lamarseillaise\/news\/wp-json\/wp\/v2\/media?parent=39927"}],"wp:term":[{"taxonomy":"category","embeddable":true,"href":"https:\/\/euapp01.newsmemory.com\/lamarseillaise\/news\/wp-json\/wp\/v2\/categories?post=39927"},{"taxonomy":"post_tag","embeddable":true,"href":"https:\/\/euapp01.newsmemory.com\/lamarseillaise\/news\/wp-json\/wp\/v2\/tags?post=39927"},{"taxonomy":"news-destination","embeddable":true,"href":"https:\/\/euapp01.newsmemory.com\/lamarseillaise\/news\/wp-json\/wp\/v2\/news-destination?post=39927"},{"taxonomy":"news-source","embeddable":true,"href":"https:\/\/euapp01.newsmemory.com\/lamarseillaise\/news\/wp-json\/wp\/v2\/news-source?post=39927"},{"taxonomy":"is_homepage","embeddable":true,"href":"https:\/\/euapp01.newsmemory.com\/lamarseillaise\/news\/wp-json\/wp\/v2\/is_homepage?post=39927"},{"taxonomy":"ta_other","embeddable":true,"href":"https:\/\/euapp01.newsmemory.com\/lamarseillaise\/news\/wp-json\/wp\/v2\/ta_other?post=39927"}],"curies":[{"name":"wp","href":"https:\/\/api.w.org\/{rel}","templated":true}]}}