{"id":39924,"date":"2026-08-22T07:42:01","date_gmt":"2026-08-22T05:42:01","guid":{"rendered":"https:\/\/euapp01.newsmemory.com\/lamarseillaise\/news\/?p=39924"},"modified":"2026-08-26T11:27:51","modified_gmt":"2026-08-26T09:27:51","slug":"arc-fleuve-vivant-veut-documenter-la-secheresse","status":"publish","type":"post","link":"https:\/\/euapp01.newsmemory.com\/lamarseillaise\/news\/2026\/08\/22\/arc-fleuve-vivant-veut-documenter-la-secheresse\/","title":{"rendered":"Arc Fleuve Vivant veut documenter la s\u00e9cheresse"},"content":{"rendered":"<div class=\"paragraph\">\n<p>T<i>\u00e9moignez. Photographiez. Transmettez.<\/i>\u00a0\u00bb Alors que la hausse des temp\u00e9ratures fait des ravages. L\u2019association Arc Fleuve Vivant appelle les Aixois \u00e0 lui rapporter ce qu\u2019ils observent et vivent*\u00a0: \u00ab\u00a0<i>Cours d\u2019eau affaiblis ou ass\u00e9ch\u00e9s, v\u00e9g\u00e9tation en souffrance, arbres fragilis\u00e9s, sols dess\u00e9ch\u00e9s, espaces agricoles touch\u00e9s, for\u00eats sous tension, mais aussi cons\u00e9quences sur la vie quotidienne, la sant\u00e9, les activit\u00e9s et les paysages<\/i>.\u00a0\u00bb<\/p>\n<p>Le but de cet observatoire citoyen\u00a0: \u00ab\u00a0<i>Constituer une m\u00e9moire collective et territoriale de cet \u00e9pisode climatique.<\/i>\u00a0\u00bb Un des membres fondateurs de l\u2019association, St\u00e9phane Salord, pr\u00e9cise\u00a0: \u00ab\u00a0<i>La s\u00e9cheresse et la canicule que nous vivons actuellement en Provence et ailleurs sont exceptionnelles. Elles marquent profond\u00e9ment notre histoire climatique, humaine, sociale et environnementale, et s\u00fbrement \u00e9nerg\u00e9tique, \u00e9conomique et agricole<\/i>.\u00a0\u00bb<\/p>\n<\/p><\/div>\n<div class=\"intext\"> Contribuer<br \/>\n               <br \/>au d\u00e9bat public\n              <\/div>\n<div class=\"paragraph\">\n<p>Pour l\u2019associatif, l\u2019observatoire rend \u00ab\u00a0<i>plus visibles les r\u00e9alit\u00e9s v\u00e9cues localement<\/i>\u00a0\u00bb. Cette initiative entend aussi \u00ab\u00a0<i>contribuer au d\u00e9bat public sur l\u2019adaptation du pays d\u2019Aix aux \u00e9pisodes de chaleur et de s\u00e9cheresse<\/i>\u00a0\u00bb. L\u2019occasion \u00e9galement de \u00ab\u00a0<i>rappeler la n\u00e9cessit\u00e9 de r\u00e9ponses collectives<\/i>\u00a0\u00bb comme la \u00ab\u00a0<i>pr\u00e9servation de l\u2019eau et des milieux naturels, protection des arbres et des sols, \u00e9volution des pratiques d\u2019am\u00e9nagement et renforcement de la solidarit\u00e9 face aux vuln\u00e9rabilit\u00e9s climatiques<\/i>\u00a0\u00bb.<\/p>\n<p>Ces t\u00e9moignages doivent s\u2019accompagner d\u2019un court texte pr\u00e9cisant, lorsque cela est possible, le lieu, la date et la nature de l\u2019observation pr\u00e9cise l\u2019association. Au-del\u00e0 des habitants du Pays d\u2019Aix, associations, collectifs, agriculteurs, promeneurs, naturalistes, riverains et acteurs locaux sont invit\u00e9s \u00e0 participer.<\/p>\n<\/p><\/div>\n<div class=\"paragraph\">\n<p><i>* \u00c0 arcfleuvevivant@gmail.com<\/i><\/p>\n<\/p><\/div>\n","protected":false},"excerpt":{"rendered":"T&eacute;moignez. Photographiez. Transmettez.&nbsp;&raquo; Alors que la hausse des temp&eacute;ratures fait des ravages. L&rsquo;association Arc Fleuve Vivant appelle les Aixois &agrave; lui rapporter ce qu&rsquo;ils observent et vivent*&nbsp;: &#8230;","protected":false},"author":1,"featured_media":39925,"comment_status":"open","ping_status":"open","sticky":false,"template":"","format":"standard","meta":{"footnotes":""},"categories":[3926,3925,20],"tags":[2311,138,10,372,207,511,1907,106,1202,228,2417,136,537,895,1064,1397,260,2517,2160,1395,160],"news-destination":[3944],"news-source":[475],"is_homepage":[],"ta_other":[],"class_list":["post-39924","post","type-post","status-publish","format-standard","has-post-thumbnail","hentry","category-accueil-merge","category-accueil-third","category-societe","tag-agricole","tag-associations","tag-bouches-du-rhone","tag-canicule","tag-changement-climatique","tag-citoyens","tag-fleuve","tag-habitants","tag-meteo","tag-observatoire","tag-pays-daix","tag-preservation","tag-protection","tag-provence","tag-riverains","tag-secheresse","tag-solidarite","tag-souffrance","tag-temoignages","tag-temperatures","tag-vegetation","news-destination-homepage","news-source-website"],"_links":{"self":[{"href":"https:\/\/euapp01.newsmemory.com\/lamarseillaise\/news\/wp-json\/wp\/v2\/posts\/39924","targetHints":{"allow":["GET"]}}],"collection":[{"href":"https:\/\/euapp01.newsmemory.com\/lamarseillaise\/news\/wp-json\/wp\/v2\/posts"}],"about":[{"href":"https:\/\/euapp01.newsmemory.com\/lamarseillaise\/news\/wp-json\/wp\/v2\/types\/post"}],"author":[{"embeddable":true,"href":"https:\/\/euapp01.newsmemory.com\/lamarseillaise\/news\/wp-json\/wp\/v2\/users\/1"}],"replies":[{"embeddable":true,"href":"https:\/\/euapp01.newsmemory.com\/lamarseillaise\/news\/wp-json\/wp\/v2\/comments?post=39924"}],"version-history":[{"count":1,"href":"https:\/\/euapp01.newsmemory.com\/lamarseillaise\/news\/wp-json\/wp\/v2\/posts\/39924\/revisions"}],"predecessor-version":[{"id":39926,"href":"https:\/\/euapp01.newsmemory.com\/lamarseillaise\/news\/wp-json\/wp\/v2\/posts\/39924\/revisions\/39926"}],"wp:featuredmedia":[{"embeddable":true,"href":"https:\/\/euapp01.newsmemory.com\/lamarseillaise\/news\/wp-json\/wp\/v2\/media\/39925"}],"wp:attachment":[{"href":"https:\/\/euapp01.newsmemory.com\/lamarseillaise\/news\/wp-json\/wp\/v2\/media?parent=39924"}],"wp:term":[{"taxonomy":"category","embeddable":true,"href":"https:\/\/euapp01.newsmemory.com\/lamarseillaise\/news\/wp-json\/wp\/v2\/categories?post=39924"},{"taxonomy":"post_tag","embeddable":true,"href":"https:\/\/euapp01.newsmemory.com\/lamarseillaise\/news\/wp-json\/wp\/v2\/tags?post=39924"},{"taxonomy":"news-destination","embeddable":true,"href":"https:\/\/euapp01.newsmemory.com\/lamarseillaise\/news\/wp-json\/wp\/v2\/news-destination?post=39924"},{"taxonomy":"news-source","embeddable":true,"href":"https:\/\/euapp01.newsmemory.com\/lamarseillaise\/news\/wp-json\/wp\/v2\/news-source?post=39924"},{"taxonomy":"is_homepage","embeddable":true,"href":"https:\/\/euapp01.newsmemory.com\/lamarseillaise\/news\/wp-json\/wp\/v2\/is_homepage?post=39924"},{"taxonomy":"ta_other","embeddable":true,"href":"https:\/\/euapp01.newsmemory.com\/lamarseillaise\/news\/wp-json\/wp\/v2\/ta_other?post=39924"}],"curies":[{"name":"wp","href":"https:\/\/api.w.org\/{rel}","templated":true}]}}