{"id":39921,"date":"2026-08-22T10:10:00","date_gmt":"2026-08-22T08:10:00","guid":{"rendered":"https:\/\/euapp01.newsmemory.com\/lamarseillaise\/news\/?p=39921"},"modified":"2026-08-27T08:23:12","modified_gmt":"2026-08-27T06:23:12","slug":"aureille-est-replacee-dans-lepopee-de-jean-moulin","status":"publish","type":"post","link":"https:\/\/euapp01.newsmemory.com\/lamarseillaise\/news\/2026\/08\/22\/aureille-est-replacee-dans-lepopee-de-jean-moulin\/","title":{"rendered":"[Entretien] \u00ab&nbsp;Aureille est replac\u00e9e dans l\u2019\u00e9pop\u00e9e de Jean Moulin&nbsp;\u00bb"},"content":{"rendered":"<div class=\"paragraph\">\n<p><b>La Marseillaise :<\/b> <b>comment \u00eates-vous parvenu \u00e0 resituer le lieu o\u00f9 Jean Moulin avait atterri en janvier 1942<\/b><b>\u00a0<\/b><b>?<\/b><\/p>\n<p>Benoit Senne : Dans mes recherches sur les parachutages en Provence, de mat\u00e9riel pour la r\u00e9sistance et d\u2019agents depuis l\u2019Angleterre et l\u2019Alg\u00e9rie, je trouvais incroyable qu\u2019on n\u2019ait pas trouv\u00e9 o\u00f9 Jean Moulin et ses deux compagnons Raymond Fassin et Herv\u00e9 Monjaret avaient atterri le 2\u00a0janvier 1942. On parlait \u00ab\u00a0des marais entre Mouri\u00e8s et Fontvieille\u00a0\u00bb. L\u2019historien Jean-Marie Guillon avait trouv\u00e9 un rapport des gendarmes d\u2019Eygui\u00e8res dat\u00e9 du 28\u00a0janvier 1942 qui signalait la d\u00e9couverte la veille \u00e0 16h d\u2019un parachute complet et d\u2019un casque cach\u00e9s dans les roseaux d\u2019un marais du quartier des Filioles \u00e0 Aureille. Le PV \u00e9voque une premi\u00e8re d\u00e9couverte\u00a0: \u00ab\u00a0<i>Ces objets paraissent avoir s\u00e9journ\u00e9 assez longtemps dans l\u2019eau. Ayant \u00e9t\u00e9 trouv\u00e9s \u00e0 quelques centaines de m\u00e8tres seulement du parachute d\u00e9couvert le 5<\/i><i>\u00a0<\/i><i>janvier par des chasseurs de Ch\u00e2teaurenard (&#8230;), tout fait pr\u00e9sumer qu\u2019ils ont \u00e9t\u00e9 abandonn\u00e9s en m\u00eame temps<\/i><i>\u00a0<\/i><i>\u00bb<\/i>. Avec l\u2019ancien maire Marcel Guillaumier, on s\u2019est dit que c\u2019\u00e9tait tout \u00e0 fait incroyable et qu\u2019il fallait vraiment que l\u2019on reconstitue cette histoire qui replace Aureille dans l\u2019\u00e9pop\u00e9e de Jean Moulin.<\/p>\n<p><b>Vous avancez comment dans<br \/>ces recherches ?<\/b><\/p>\n<p>B.S. : En 2022, je vais aux Archives d\u00e9partementales des Bouches-du-Rh\u00f4ne et je consulte tous les rapports de gendarmerie de\u00a01942. Et le 2\u00a0septembre 2022, je tombe sur le rapport du 6\u00a0janvier 1942 du commissaire de l\u2019a\u00e9roport de Marignane qui parle sp\u00e9cifiquement de la d\u00e9couverte le 5\u00a0janvier vers 10h \u00ab\u00a0<i>d\u2019un parachute en soie verte soigneusement enroul\u00e9 qui para\u00eet avoir \u00e9t\u00e9 abandonn\u00e9 depuis quelques jours<\/i>\u00a0\u00bb. Ce qui est d\u00e9cisif, c\u2019est la pr\u00e9sence dans une poche du parachute d\u2019une feuille sur laquelle est \u00e9crit \u00ab\u00a0MAINMAST\u00a0\u00bb. C\u2019est ce bout de papier qui relie directement ce parachute \u00e0 la mission Rex car les documents pr\u00e9paratoires des Anglais sur le parachutage identifient \u00ab\u00a0MAINMAST\u00a0\u00bb comme le nom de code d\u2019Herv\u00e9 Monjaret, l\u2019officier radio de Jean Moulin. On a donc suffisamment d\u2019\u00e9l\u00e9ments qui prouvent que la mission clandestine en France de Jean Moulin a commenc\u00e9 \u00e0 Aureille au quartier \u00ab\u00a0Les Filioles\u00a0\u00bb.<\/p>\n<p><b>Herv\u00e9 Monjaret, seul survivant de la mission Rex, avait relat\u00e9<br \/>son saut<\/b><b>\u00a0<\/b><b>?<\/b><\/p>\n<p>B.S. : Oui, mais il n\u2019\u00e9voquait pas pr\u00e9cis\u00e9ment l\u2019endroit. Il avait dit qu\u2019il \u00e9tait retourn\u00e9 en bicyclette d\u00e9but f\u00e9vrier\u00a01942 r\u00e9cup\u00e9rer la radio qu\u2019il avait enterr\u00e9e. Il a d\u00fb la r\u00e9parer pour l\u2019utiliser dans le grenier du presbyt\u00e8re de l\u2019abb\u00e9 Miral \u00e0 Caderousse et envoyer \u00e0 Londres seulement le 7\u00a0mars les premiers messages de Jean Moulin. J\u2019ai ensuite poursuivi les recherches sur ce qu\u2019\u00e9taient devenus les parachutes r\u00e9cup\u00e9r\u00e9s dont celui de la valise radio. C\u2019est passionnant.<\/p>\n<p>\u00c0 la fin, l\u2019\u00e9norme satisfaction, c\u2019est d\u2019avoir inaugur\u00e9 en mai\u00a02024 une st\u00e8le devant le cimeti\u00e8re d\u2019Aureille et le 1<sup>er<\/sup>\u00a0janvier 2025 la borne du kilom\u00e8tre\u00a00 dans le quartier des Filioles. Maintenant la trace de Jean Moulin sur la commune d\u2019Aureille est marqu\u00e9e \u00e0 jamais.<\/p>\n<\/p><\/div>\n","protected":false},"excerpt":{"rendered":"La Marseillaise : comment &ecirc;tes-vous parvenu &agrave; resituer le lieu o&ugrave; Jean Moulin avait atterri en janvier 1942&nbsp;?","protected":false},"author":1,"featured_media":39922,"comment_status":"open","ping_status":"open","sticky":false,"template":"","format":"standard","meta":{"footnotes":""},"categories":[3926,3925,20],"tags":[1906,4419,10,5877,3413,161,1288,1798,2237,4190,1621,126,895,1729],"news-destination":[3944],"news-source":[475],"is_homepage":[],"ta_other":[],"class_list":["post-39921","post","type-post","status-publish","format-standard","has-post-thumbnail","hentry","category-accueil-merge","category-accueil-third","category-societe","tag-archives-departementales","tag-aureille","tag-bouches-du-rhone","tag-chasseurs","tag-cimetiere","tag-compagnons","tag-decouverte","tag-gendarmerie","tag-gendarmes","tag-jean-moulin","tag-la-commune","tag-la-marseillaise","tag-provence","tag-resistance","news-destination-homepage","news-source-website"],"_links":{"self":[{"href":"https:\/\/euapp01.newsmemory.com\/lamarseillaise\/news\/wp-json\/wp\/v2\/posts\/39921","targetHints":{"allow":["GET"]}}],"collection":[{"href":"https:\/\/euapp01.newsmemory.com\/lamarseillaise\/news\/wp-json\/wp\/v2\/posts"}],"about":[{"href":"https:\/\/euapp01.newsmemory.com\/lamarseillaise\/news\/wp-json\/wp\/v2\/types\/post"}],"author":[{"embeddable":true,"href":"https:\/\/euapp01.newsmemory.com\/lamarseillaise\/news\/wp-json\/wp\/v2\/users\/1"}],"replies":[{"embeddable":true,"href":"https:\/\/euapp01.newsmemory.com\/lamarseillaise\/news\/wp-json\/wp\/v2\/comments?post=39921"}],"version-history":[{"count":2,"href":"https:\/\/euapp01.newsmemory.com\/lamarseillaise\/news\/wp-json\/wp\/v2\/posts\/39921\/revisions"}],"predecessor-version":[{"id":40001,"href":"https:\/\/euapp01.newsmemory.com\/lamarseillaise\/news\/wp-json\/wp\/v2\/posts\/39921\/revisions\/40001"}],"wp:featuredmedia":[{"embeddable":true,"href":"https:\/\/euapp01.newsmemory.com\/lamarseillaise\/news\/wp-json\/wp\/v2\/media\/39922"}],"wp:attachment":[{"href":"https:\/\/euapp01.newsmemory.com\/lamarseillaise\/news\/wp-json\/wp\/v2\/media?parent=39921"}],"wp:term":[{"taxonomy":"category","embeddable":true,"href":"https:\/\/euapp01.newsmemory.com\/lamarseillaise\/news\/wp-json\/wp\/v2\/categories?post=39921"},{"taxonomy":"post_tag","embeddable":true,"href":"https:\/\/euapp01.newsmemory.com\/lamarseillaise\/news\/wp-json\/wp\/v2\/tags?post=39921"},{"taxonomy":"news-destination","embeddable":true,"href":"https:\/\/euapp01.newsmemory.com\/lamarseillaise\/news\/wp-json\/wp\/v2\/news-destination?post=39921"},{"taxonomy":"news-source","embeddable":true,"href":"https:\/\/euapp01.newsmemory.com\/lamarseillaise\/news\/wp-json\/wp\/v2\/news-source?post=39921"},{"taxonomy":"is_homepage","embeddable":true,"href":"https:\/\/euapp01.newsmemory.com\/lamarseillaise\/news\/wp-json\/wp\/v2\/is_homepage?post=39921"},{"taxonomy":"ta_other","embeddable":true,"href":"https:\/\/euapp01.newsmemory.com\/lamarseillaise\/news\/wp-json\/wp\/v2\/ta_other?post=39921"}],"curies":[{"name":"wp","href":"https:\/\/api.w.org\/{rel}","templated":true}]}}