{"id":39915,"date":"2026-08-22T11:12:00","date_gmt":"2026-08-22T09:12:00","guid":{"rendered":"https:\/\/euapp01.newsmemory.com\/lamarseillaise\/news\/?p=39915"},"modified":"2026-08-27T08:36:04","modified_gmt":"2026-08-27T06:36:04","slug":"marseille-capitale-oubliee-des-secrets-de-la-resistance","status":"publish","type":"post","link":"https:\/\/euapp01.newsmemory.com\/lamarseillaise\/news\/2026\/08\/22\/marseille-capitale-oubliee-des-secrets-de-la-resistance\/","title":{"rendered":"[Parcours] Marseille, capitale oubli\u00e9e des secrets de la R\u00e9sistance"},"content":{"rendered":"<div class=\"paragraph\">\n<p>D<i>\u00e8s son arriv\u00e9e en zone libre, Jean Moulin avait entam\u00e9 l\u2019exploration des milieux clandestins sans succ\u00e8s au d\u00e9but semble-t-il. Ce n\u2019est qu\u2019apr\u00e8s l\u2019obtention de son visa am\u00e9ricain et son installation \u00e0 Marseille qu\u2019il consacra tout son temps \u00e0 une prospection syst\u00e9matique de l\u2019activit\u00e9 clandestine<\/i><i>\u00a0<\/i>\u00bb, \u00e9crit Daniel Cordier (1920-2020), son secr\u00e9taire et biographe.<\/p>\n<\/p><\/div>\n<div class=\"intext\"> 1. Modern H\u00f4tel, 5, la Canebi\u00e8re\n              <\/div>\n<div class=\"paragraph\">\n<p>Jean Moulin s\u00e9journe souvent au Modern H\u00f4tel, au 5,\u00a0la Canebi\u00e8re, avec son amie, la r\u00e9sistante Antoinette Sachs et d\u00e9jeune \u00e0 l\u2019angle, \u00e0 la brasserie Florida, 15,\u00a0quai des Belges, note l\u2019historien Robert Mencherini. Marseille grouille de r\u00e9fugi\u00e9s, d\u2019exil\u00e9s en attente de visa que l\u2019am\u00e9ricain Varian Fry s\u2019efforce de leur obtenir. De sa propre initiative, Jean Moulin s\u2019efforce d\u2019\u00e9tablir le contact avec les acteurs de ces premiers r\u00e9seaux \u00e9mergents.<\/p>\n<\/p><\/div>\n<div class=\"intext\"> 2. Le foyer des \u00e9tudiants, 6, rue du Chevalier Roze\n              <\/div>\n<div class=\"paragraph\">\n<p>C\u2019est dans le bureau orn\u00e9 d\u2019une croix du pasteur r\u00e9sistant Jules Belpeer (1910\u20132001) qui tient le \u00ab\u00a0foyer des \u00e9tudiants africains et asiatiques\u00a0\u00bb, au 6,\u00a0rue du Chevalier-Roze, 2<sup>e<\/sup>, que Jean Moulin rencontre en juillet\u00a01941 Maurice Chevance-Bertin, le bras droit d\u2019Henri Frenay avec qui il organise les premiers noyaux de la r\u00e9sistance dans la r\u00e9gion. Leur bo\u00eete aux lettres est un marchand de journaux des all\u00e9es L\u00e9on Gambetta.<\/p>\n<\/p><\/div>\n<div class=\"intext\"> 3. Le cabinet m\u00e9dical du 67 rue Rome\n              <\/div>\n<div class=\"paragraph\">\n<p>La premi\u00e8re rencontre de Moulin avec le chef r\u00e9sistant Henri Frenay se fait \u00e0 la mi-juillet\u00a01941 par l\u2019interm\u00e9diaire du pasteur am\u00e9ricain Howard Brooks. Elle a lieu au deuxi\u00e8me \u00e9tage du 67\u00a0rue de Rome, au cabinet m\u00e9dical des docteurs Maurice et Marcel Recordier. Elle pose les bases du rapprochement avec le premier Mouvement de Lib\u00e9ration Nationale \/ Combat, cr\u00e9\u00e9 \u00e0 l\u2019\u00e9t\u00e9\u00a01940 par Frenay avec Berty Albrecht (1893-1943).<\/p>\n<\/p><\/div>\n<div class=\"intext\"> 4. La cuisine du 103 rue Kl\u00e9ber\n              <\/div>\n<div class=\"paragraph\">\n<p>C\u2019est deux ou trois jours apr\u00e8s son parachutage du 2\u00a0janvier 1942 que Jean Moulin revoit Henri Frenay, son principal contact en zone sud. Rex circule d\u00e9sormais avec des lunettes fum\u00e9es et une fausse moustache. La rencontre se fait 103,\u00a0rue Kl\u00e9ber, 2<sup>e<\/sup>, chez Agn\u00e8s Bidault, la s\u0153ur du journaliste r\u00e9sistant Georges Bidault, un des dirigeants du groupe Combat. Dans la cuisine, Rex extrait d\u2019une bo\u00eete d\u2019allumette l\u2019ordre de mission microfilm\u00e9 et sign\u00e9 De\u00a0Gaulle qui l\u2019investit pour unifier les forces clandestines et qu\u2019Henri Frenay raconte avoir lu avec une loupe. Moulin lui remet 250\u00a0000\u00a0francs pour aider les mouvements r\u00e9sistants avec des consignes organisationnelles strictes.<\/p>\n<\/p><\/div>\n<div class=\"intext\"> 5. 32,\u00a0rue Saint-Ferr\u00e9ol\n              <\/div>\n<div class=\"paragraph\">\n<p>Le 12\u00a0janvier 1942, une r\u00e9union de travail se tient au 32,\u00a0rue Saint-Ferr\u00e9ol chez mademoiselle Gris\u00e9, une inspectrice du travail qui est une amie de Berty Albrecht. Il y a Jean Moulin, son officier radio Herv\u00e9 Montjaret, Henri Frenay, Henri Aubry et Maurice Chevance-Bertin.<\/p>\n<\/p><\/div>\n<div class=\"intext\"> 6. La villa de Gratte-Semelle\n              <\/div>\n<div class=\"paragraph\">\n<p>La famille de J\u00e9r\u00f4me Monod, professeur au lyc\u00e9e Thiers, habitait une villa au milieu des pins sur les Hauts de P\u00e9rier qui poss\u00e8de une longue galerie souterraine. L\u2019entr\u00e9e donnait boulevard Estrangin. Elle avait \u00e9t\u00e9 mise \u00e0 leur disposition par leur oncle, Gustave Monod, inspecteur de l\u2019enseignement r\u00e9voqu\u00e9 par Vichy pour avoir protest\u00e9 contre les lois antis\u00e9mites. Selon son \u00e9pouse, Jean Moulin et plusieurs dirigeants de Combat sont pass\u00e9s dans la villa au printemps\u00a01942 pour une r\u00e9union du mouvement.<\/p>\n<\/p><\/div>\n","protected":false},"excerpt":{"rendered":"D&egrave;s son arriv&eacute;e en zone libre, Jean Moulin avait entam&eacute; l&rsquo;exploration des milieux clandestins sans succ&egrave;s au d&eacute;but semble-t-il. Ce n&rsquo;est qu&rsquo;apr&egrave;s l&rsquo;obtention de son visa &#8230;","protected":false},"author":1,"featured_media":39916,"comment_status":"open","ping_status":"open","sticky":false,"template":"","format":"standard","meta":{"footnotes":""},"categories":[3926,3925,20],"tags":[10,2305,1518,4190,1647,16,1729,4253,3389],"news-destination":[3944],"news-source":[475],"is_homepage":[],"ta_other":[],"class_list":["post-39915","post","type-post","status-publish","format-standard","has-post-thumbnail","hentry","category-accueil-merge","category-accueil-third","category-societe","tag-bouches-du-rhone","tag-canebiere","tag-etudiants","tag-jean-moulin","tag-liberation","tag-marseille","tag-resistance","tag-resistants","tag-robert-mencherini","news-destination-homepage","news-source-website"],"_links":{"self":[{"href":"https:\/\/euapp01.newsmemory.com\/lamarseillaise\/news\/wp-json\/wp\/v2\/posts\/39915","targetHints":{"allow":["GET"]}}],"collection":[{"href":"https:\/\/euapp01.newsmemory.com\/lamarseillaise\/news\/wp-json\/wp\/v2\/posts"}],"about":[{"href":"https:\/\/euapp01.newsmemory.com\/lamarseillaise\/news\/wp-json\/wp\/v2\/types\/post"}],"author":[{"embeddable":true,"href":"https:\/\/euapp01.newsmemory.com\/lamarseillaise\/news\/wp-json\/wp\/v2\/users\/1"}],"replies":[{"embeddable":true,"href":"https:\/\/euapp01.newsmemory.com\/lamarseillaise\/news\/wp-json\/wp\/v2\/comments?post=39915"}],"version-history":[{"count":2,"href":"https:\/\/euapp01.newsmemory.com\/lamarseillaise\/news\/wp-json\/wp\/v2\/posts\/39915\/revisions"}],"predecessor-version":[{"id":40003,"href":"https:\/\/euapp01.newsmemory.com\/lamarseillaise\/news\/wp-json\/wp\/v2\/posts\/39915\/revisions\/40003"}],"wp:featuredmedia":[{"embeddable":true,"href":"https:\/\/euapp01.newsmemory.com\/lamarseillaise\/news\/wp-json\/wp\/v2\/media\/39916"}],"wp:attachment":[{"href":"https:\/\/euapp01.newsmemory.com\/lamarseillaise\/news\/wp-json\/wp\/v2\/media?parent=39915"}],"wp:term":[{"taxonomy":"category","embeddable":true,"href":"https:\/\/euapp01.newsmemory.com\/lamarseillaise\/news\/wp-json\/wp\/v2\/categories?post=39915"},{"taxonomy":"post_tag","embeddable":true,"href":"https:\/\/euapp01.newsmemory.com\/lamarseillaise\/news\/wp-json\/wp\/v2\/tags?post=39915"},{"taxonomy":"news-destination","embeddable":true,"href":"https:\/\/euapp01.newsmemory.com\/lamarseillaise\/news\/wp-json\/wp\/v2\/news-destination?post=39915"},{"taxonomy":"news-source","embeddable":true,"href":"https:\/\/euapp01.newsmemory.com\/lamarseillaise\/news\/wp-json\/wp\/v2\/news-source?post=39915"},{"taxonomy":"is_homepage","embeddable":true,"href":"https:\/\/euapp01.newsmemory.com\/lamarseillaise\/news\/wp-json\/wp\/v2\/is_homepage?post=39915"},{"taxonomy":"ta_other","embeddable":true,"href":"https:\/\/euapp01.newsmemory.com\/lamarseillaise\/news\/wp-json\/wp\/v2\/ta_other?post=39915"}],"curies":[{"name":"wp","href":"https:\/\/api.w.org\/{rel}","templated":true}]}}