{"id":39912,"date":"2026-08-22T20:09:00","date_gmt":"2026-08-22T18:09:00","guid":{"rendered":"https:\/\/euapp01.newsmemory.com\/lamarseillaise\/news\/?p=39912"},"modified":"2026-08-27T12:59:15","modified_gmt":"2026-08-27T10:59:15","slug":"sur-les-pas-de-jean-moulin-en-provence","status":"publish","type":"post","link":"https:\/\/euapp01.newsmemory.com\/lamarseillaise\/news\/2026\/08\/22\/sur-les-pas-de-jean-moulin-en-provence\/","title":{"rendered":"[Vid\u00e9o] Reportage sur les pas de Jean Moulin en Provence"},"content":{"rendered":"<div class=\"paragraph\">\n<p><i><span class=\"mln_uppercase_mln\">Reportage<\/span><\/i><\/p>\n<\/p><\/div>\n<div class=\"paragraph\">\n<p>Entr\u00e9 au Panth\u00e9on en 1964, honor\u00e9 en Provence, Jean Moulin est le grand oubli\u00e9 de la cit\u00e9 phoc\u00e9enne. Marseille a bien consacr\u00e9 au chef de l\u2019arm\u00e9e des ombres le nom d\u2019un coll\u00e8ge, d\u2019une avenue, mais rien du niveau de \u00ab\u00a0<i>la premi\u00e8re capitale de la r\u00e9sistance<\/i><i>\u00a0<\/i>\u00bb suivant la formule de Maurice Chevance-Bertin (1910-1966) dirigeant du mouvement Lib\u00e9ration Nationale n\u00e9 rue de Rome \u00e0 l\u2019\u00e9t\u00e9\u00a01940.<\/p>\n<p>Dans les Bouches-du-Rh\u00f4ne, l\u2019unificateur de la R\u00e9sistance, enfant du midi n\u00e9 \u00e0 B\u00e9ziers en\u00a01899, est surtout comm\u00e9mor\u00e9 dans les lieux phare de son \u00e9pop\u00e9e. D\u2019abord, le berceau familial \u00e0 Saint-Andiol dans la maison de ses parents, 55,\u00a0Route Nationale, pavois\u00e9e de drapeaux tricolores. Apr\u00e8s son parachutage le 1<sup>er<\/sup>\u00a0janvier 1942, il avait install\u00e9 au fond du jardin une \u00e9chelle en cas d&#8217;urgences et confi\u00e9 \u00e0 sa s\u0153ur Laure un double de son ordre de mission microfilm\u00e9 et sign\u00e9 De\u00a0Gaulle qu\u2019elle avait cach\u00e9 dans un tube d\u2019aspirine dans l\u2019interstice d\u2019un mur du cimeti\u00e8re.<\/p>\n<\/p><\/div>\n<div class=\"intext\"> Fausse moustache<br \/>\n               <br \/>et lunettes fum\u00e9es\n              <\/div>\n<div class=\"paragraph\">\n<p>Un mus\u00e9e Jean Moulin install\u00e9 dans son \u00e9cole rend hommage \u00e0 l\u2019enfant du pays propuls\u00e9 \u00e0 25\u00a0ans sous-pr\u00e9fet d\u2019Albertville. Il a \u00e9t\u00e9 inaugur\u00e9 en juillet\u00a02018 par Daniel Cordier, son secr\u00e9taire et biographe avec les descendants de Jean Moulin. Des photographies, ses lettres, ses dessins car c&#8217;est un artiste aussi, des documents racontent comment apr\u00e8s un s\u00e9jour chez sa m\u00e8re et sa s\u0153ur \u00e0 Montpellier, le pr\u00e9fet d\u2019Eure-et-Loir limog\u00e9 le 2\u00a0novembre 1940 par Vichy, s\u2019installe comme agriculteur \u00e0 Saint-Andiol. Le haut fonctionnaire a 41\u00a0ans et m\u00fbrit son d\u00e9part clandestin pour Londres. \u00ab\u00a0<i>I<\/i><i>l circule beaucoup dans la r\u00e9gion, sous sa fausse identit\u00e9 de Joseph Mercier, un chapeau rabattu sur les yeux, affubl\u00e9 d\u2019une moustache et de lunettes fum\u00e9es<\/i>\u00a0\u00bb \u00e9crit l\u2019historien Robert Mencherini.<\/p>\n<p>Cr\u00e9\u00e9e en\u00a01978, une route \u00ab\u00a0Jean Moulin, chemin de la libert\u00e9\u00a0\u00bb, suit ses pas depuis le M\u00e9morial de Salon-de-Provence inaugur\u00e9 en\u00a01969, quatre ans apr\u00e8s son entr\u00e9e au Panth\u00e9on et l\u2019oraison d\u2019Andr\u00e9 Malraux qui ont d\u00e9finitivement inscrit Jean Moulin dans l\u2019histoire de France. Il a 41\u00a0ans, multiplie les contacts et rencontres \u00e0 Marseille, devenue la plaque tournante des premiers noyaux d\u2019organisations clandestines. Il rep\u00e8re ainsi le mouvement de Lib\u00e9ration nationale de Henri Frenay, Lib\u00e9ration-Sud d\u2019Emmanuel d\u2019Astier de la Vigerie et Franc-Tireur de Jean-Pierre L\u00e9vy.<\/p>\n<p>Durant six mois, Jean Moulin parcourt la r\u00e9gion, va d\u2019Orgon \u00e0 Miramas en bicyclette, ausculter les r\u00e9seaux naissants. \u00ab\u00a0<i>Je me souviens de cette rencontre \u00e0 Avignon car il portait toujours un grand foulard<\/i><i>\u00a0<\/i>\u00bb \u00e9crit Emmanuel d\u2019Astier de la Vigerie (1900-1969). Un tissu qui cache le coup de rasoir qu\u2019il s\u2019est donn\u00e9 \u00e0 Chartres pour ne pas signer un \u00e9crit des Allemands accusant \u00e0 tort des tirailleurs s\u00e9n\u00e9galais de massacres. Il multiplie les s\u00e9jours \u00e0 Marseille (page suivante) qui grouille de r\u00e9fugi\u00e9s, d\u2019exil\u00e9s en attente de visa. Jean Moulin rencontre les hommes des premiers r\u00e9seaux \u00e9mergents dont Henri Frenay qui \u00e0 l\u2019\u00e9t\u00e9\u00a01940 avec Berty Albrecht (1893-1943) a cr\u00e9\u00e9 le Mouvement de Lib\u00e9ration Nationale (Combat). Il observe le bouillonnement contestataire qui se traduit par la premi\u00e8re manifestation hostile \u00e0 Vichy. Elle a lieu le 28\u00a0mars 1941 au bas de la Canebi\u00e8re en face de l\u2019h\u00f4tel o\u00f9 il descend.<\/p>\n<\/p><\/div>\n<div class=\"intext\"> \u00ab\u00a0Je vous garantis, j\u2019en ai eu les larmes aux yeux\u00a0\u00bb\n              <\/div>\n<div class=\"paragraph\">\n<p>De cette exploration, Jean Moulin fera \u00e0 De\u00a0Gaulle le portrait de cette r\u00e9sistance int\u00e9rieure qui s\u2019invente. Le 9\u00a0septembre 1941, il prend le train en gare Saint-Charles pour aller \u00e0 la rencontre du chef de la France libre. Un p\u00e9riple clandestin de Barcelone \u00e0 Lisbonne, avec un faux passeport au nom de Joseph Mercier. Il touche l\u2019Angleterre en hydravion le 20\u00a0octobre 1941 et re\u00e7u par De\u00a0Gaulle \u00e0 qui il remet un<i> <\/i>\u00ab\u00a0<i>rapport sur l\u2019activit\u00e9, les projets et les besoins des groupements constitu\u00e9s en France en vue de la lib\u00e9ration nationale<\/i>\u00a0\u00bb. De\u00a0Gaulle, 50\u00a0ans, voit un pr\u00e9fet de 42\u00a0ans \u00ab\u00a0<i>rempli jusqu\u2019au bord de l\u2019\u00e2me de la passion de la France<\/i><i>\u00a0<\/i>\u00bb. Il en fait son repr\u00e9sentant et d\u00e9l\u00e9gu\u00e9 du Comit\u00e9 national fran\u00e7ais pour la zone sud. \u00ab\u00a0<i>M.<\/i><i>\u00a0<\/i><i>Moulin a pour mission de r\u00e9aliser dans cette zone l\u2019unit\u00e9 d\u2019action de tous les \u00e9l\u00e9ments qui r\u00e9sistent \u00e0 l\u2019ennemi et \u00e0 ses collaborateurs. M.<\/i><i>\u00a0<\/i><i>Moulin me rendra compte directement de l\u2019ex\u00e9cution de sa mission<\/i><i>\u00a0<\/i>\u00bb. La Mission Rex est lanc\u00e9e.<\/p>\n<p>Le mus\u00e9e de Saint-Andiol a reconstitu\u00e9 la carlingue du bombardier de la RAF d\u2019o\u00f9 Jean Moulin a saut\u00e9 dans la nuit du 1<sup>er<\/sup>\u00a0au 2\u00a0janvier 1942 \u00e0 300\u00a0m\u00e8tres d\u2019altitude. \u00ab\u00a0Rex\u00a0\u00bb saute en premier et atterri dans un marais, puis ses deux officiers et enfin le parachute bleu pour la valise radio. Le \u00ab\u00a0point de tomb\u00e9\u00a0\u00bb a \u00e9t\u00e9 identifi\u00e9 en 2022 par les historiens Jean-Marie Guillon et Benoit Senne (page suivante). \u00ab\u00a0<i>Quand Beno\u00eet est venu m\u2019annoncer \u00e7a dans mon bureau, je peux vous garantir que, pour quelqu\u2019un de ma g\u00e9n\u00e9ration et jeune maire d\u2019Aureille, j\u2019en ai eu les larmes aux yeux. C\u2019\u00e9tait historique. La mission Rex avait d\u00e9marr\u00e9 \u00e0 Aureille<\/i><i>\u00a0<\/i><i>!<\/i><i>\u00a0<\/i>\u00bb se souvient encore \u00e9mu Lionel Escoffier. L\u2019itin\u00e9raire de la m\u00e9moire commence d\u00e9sormais par la borne du kilom\u00e8tre\u00a0z\u00e9ro inaugur\u00e9e en janvier\u00a02025, et se poursuit \u00e0 la bergerie d\u2019Eygali\u00e8res o\u00f9 \u00ab\u00a0Rex\u00a0\u00bb a trouv\u00e9 refuge.<\/p>\n<p>La mission de Jean Moulin accomplie jusqu\u2019au sacrifice supr\u00eame a permis de f\u00e9d\u00e9rer les forces combattantes, de cr\u00e9er les Mouvements Unis de la R\u00e9sistance (MUR) et une Arm\u00e9e secr\u00e8te. Le 27\u00a0mai 1943, \u00ab\u00a0Rex\u00a0\u00bb r\u00e9ussit le tour de force de convaincre les repr\u00e9sentants de 8\u00a0mouvements de R\u00e9sistance, de 6\u00a0partis politiques et de 2\u00a0centrales syndicales, de se r\u00e9unir au 48,\u00a0rue du Four \u00e0 Paris. Le Conseil National de la R\u00e9sistance (CNR) est n\u00e9. C\u2019est l\u2019\u00ab\u00a0<i>embryon de la repr\u00e9sentation nationale<\/i><i>\u00a0<\/i>\u00bb qui allait l\u00e9gitimer De\u00a0Gaulle aupr\u00e8s des Alli\u00e9s. On conna\u00eet la suite, la trahison de Caluire le 21\u00a0juin 1943, son supplice dans les mains du SS Klaus Barbie \u00e0 Lyon, le dernier souffle de Jean Moulin, le 8\u00a0juillet 1943, dans un wagon \u00e0 Metz qui partait en Allemagne. Les l\u00e8vres du \u00ab\u00a0chef d\u2019un peuple de la nuit\u00a0\u00bb n\u2019avaient pas parl\u00e9.<\/p>\n<\/p><\/div>\n","protected":false},"excerpt":{"rendered":"Reportage","protected":false},"author":1,"featured_media":39913,"comment_status":"open","ping_status":"open","sticky":false,"template":"","format":"standard","meta":{"footnotes":""},"categories":[3926,3925,20],"tags":[604,10,2305,3413,1732,2121,982,2079,3346,280,795,4190,1647,560,16,3611,920,4168,240,1142,978,553,3030,895,594,698,1034,3389,3069,4233,364,2164],"news-destination":[3944],"news-source":[475],"is_homepage":[],"ta_other":[],"class_list":["post-39912","post","type-post","status-publish","format-standard","has-post-thumbnail","hentry","category-accueil-merge","category-accueil-third","category-societe","tag-allemagne","tag-bouches-du-rhone","tag-canebiere","tag-cimetiere","tag-conseil-national-de-la-resistance","tag-drapeaux","tag-exploration","tag-francais","tag-gare-saint-charles","tag-histoire","tag-identite","tag-jean-moulin","tag-liberation","tag-manifestation","tag-marseille","tag-massacres","tag-memoire","tag-memorial","tag-montpellier","tag-parcours","tag-parents","tag-partis-politiques","tag-passeport","tag-provence","tag-rapport","tag-rencontre","tag-reportage","tag-robert-mencherini","tag-sous-prefet","tag-symbole","tag-syndicats","tag-tirailleurs-senegalais","news-destination-homepage","news-source-website"],"_links":{"self":[{"href":"https:\/\/euapp01.newsmemory.com\/lamarseillaise\/news\/wp-json\/wp\/v2\/posts\/39912","targetHints":{"allow":["GET"]}}],"collection":[{"href":"https:\/\/euapp01.newsmemory.com\/lamarseillaise\/news\/wp-json\/wp\/v2\/posts"}],"about":[{"href":"https:\/\/euapp01.newsmemory.com\/lamarseillaise\/news\/wp-json\/wp\/v2\/types\/post"}],"author":[{"embeddable":true,"href":"https:\/\/euapp01.newsmemory.com\/lamarseillaise\/news\/wp-json\/wp\/v2\/users\/1"}],"replies":[{"embeddable":true,"href":"https:\/\/euapp01.newsmemory.com\/lamarseillaise\/news\/wp-json\/wp\/v2\/comments?post=39912"}],"version-history":[{"count":3,"href":"https:\/\/euapp01.newsmemory.com\/lamarseillaise\/news\/wp-json\/wp\/v2\/posts\/39912\/revisions"}],"predecessor-version":[{"id":40033,"href":"https:\/\/euapp01.newsmemory.com\/lamarseillaise\/news\/wp-json\/wp\/v2\/posts\/39912\/revisions\/40033"}],"wp:featuredmedia":[{"embeddable":true,"href":"https:\/\/euapp01.newsmemory.com\/lamarseillaise\/news\/wp-json\/wp\/v2\/media\/39913"}],"wp:attachment":[{"href":"https:\/\/euapp01.newsmemory.com\/lamarseillaise\/news\/wp-json\/wp\/v2\/media?parent=39912"}],"wp:term":[{"taxonomy":"category","embeddable":true,"href":"https:\/\/euapp01.newsmemory.com\/lamarseillaise\/news\/wp-json\/wp\/v2\/categories?post=39912"},{"taxonomy":"post_tag","embeddable":true,"href":"https:\/\/euapp01.newsmemory.com\/lamarseillaise\/news\/wp-json\/wp\/v2\/tags?post=39912"},{"taxonomy":"news-destination","embeddable":true,"href":"https:\/\/euapp01.newsmemory.com\/lamarseillaise\/news\/wp-json\/wp\/v2\/news-destination?post=39912"},{"taxonomy":"news-source","embeddable":true,"href":"https:\/\/euapp01.newsmemory.com\/lamarseillaise\/news\/wp-json\/wp\/v2\/news-source?post=39912"},{"taxonomy":"is_homepage","embeddable":true,"href":"https:\/\/euapp01.newsmemory.com\/lamarseillaise\/news\/wp-json\/wp\/v2\/is_homepage?post=39912"},{"taxonomy":"ta_other","embeddable":true,"href":"https:\/\/euapp01.newsmemory.com\/lamarseillaise\/news\/wp-json\/wp\/v2\/ta_other?post=39912"}],"curies":[{"name":"wp","href":"https:\/\/api.w.org\/{rel}","templated":true}]}}