{"id":39906,"date":"2026-08-21T11:59:00","date_gmt":"2026-08-21T09:59:00","guid":{"rendered":"https:\/\/euapp01.newsmemory.com\/lamarseillaise\/news\/?p=39906"},"modified":"2026-08-26T08:39:24","modified_gmt":"2026-08-26T06:39:24","slug":"le-nouvel-executif-national-du-pcf","status":"publish","type":"post","link":"https:\/\/euapp01.newsmemory.com\/lamarseillaise\/news\/2026\/08\/21\/le-nouvel-executif-national-du-pcf\/","title":{"rendered":"Le nouvel ex\u00e9cutif national du PCF"},"content":{"rendered":"<div class=\"paragraph\">\n<p>Suite logique du 40e congr\u00e8s qui s\u2019est tenu d\u00e9but juillet \u00e0 Lille, la direction communiste nouvellement \u00e9lue s\u2019est dot\u00e9, lors de sa premi\u00e8re r\u00e9union en marge de l\u2019universit\u00e9 d\u2019\u00e9t\u00e9 du PCF, d\u2019un ex\u00e9cutif remani\u00e9. La liste propos\u00e9e a \u00e9t\u00e9 \u00e9lue avec 108 voix pour (89%), 13 contre et 10 abstentions.<br \/>Compos\u00e9 \u00e0 parit\u00e9, il compte 36 membres. Sa moyenne d\u2019\u00e2ge se situe \u00e0 48 ans. 16 membres sortants n\u2019ont pas \u00e9t\u00e9 reconduits et 16 autres changent de responsabilit\u00e9.<\/p>\n<p><b>Fabien Roussel<\/b> (59) Secr\u00e9taire national <i>Reconduit au CEN<\/i><\/p>\n<p><b>J\u00e9r\u00e9my Bacchi<\/b> (13) Projet communiste ; suivi Provence-Alpes-C\u00f4te d\u2019Azur <i>Reconduit au CEN<\/i><\/p>\n<p><b>Charlotte Balavoine<\/b> (93) International, d\u00e9ploiement des campagnes aupr\u00e8s des f\u00e9d\u00e9rations <i>Entr\u00e9e au CEN<\/i><\/p>\n<p><b>Amar Bellal<\/b> (35) \u00c9cologie <i>Reconduite au CEN<\/i><\/p>\n<p><b>H\u00e9l\u00e8ne Bidard<\/b> (75) Relations avec le Parti de la gauche europ\u00e9enne (PGE) <i>Reconduite au CEN<\/i><\/p>\n<p><b>St\u00e9phane Bonn\u00e9ry<\/b> (94) Coordination du CEN, lien au CN, suivi des commissions nationales et coordination des revues <i>Reconduit au CEN<\/i><\/p>\n<p><b>Vincent Boulet<\/b> (75) Politique de paix, de d\u00e9fense et relations avec les partenaires internationaux <i>Reconduit au CEN<\/i><\/p>\n<p><b>Ian Brossat<\/b> (75) Porte-parolat, suivi \u00cele-de-France <i>Reconduit au CEN<\/i><\/p>\n<p><b>Fanny Chartier<\/b> (75) D\u00e9veloppement des pratiques militantes <i>Entr\u00e9e au CEN<\/i><\/p>\n<p><b>Taylan Coskun<\/b> (93) Coordinateur des moyens institutionnels et juridiques <i>Reconduit au CEN<\/i><\/p>\n<p><b>C\u00e9cile Cukierman<\/b> (42) \u00c9lections, institutions et collectivit\u00e9s <i>Reconduite au CEN<\/i><\/p>\n<p><b>L\u00e9on Deffontaines<\/b> (80) Communication et suivi des Hauts-de-France <i>Reconduit au CEN<\/i><\/p>\n<p><b>Sophie Delfino<\/b> (05) Suivi des nouvelles adh\u00e9sions <i>Entr\u00e9e au CEN<\/i><\/p>\n<p><b>B\u00e9n\u00e9dicte Dupont<\/b> (59) Discussion \u00e0 finaliser <i>Entr\u00e9e au CEN<\/i><\/p>\n<p><b>Fabien Gay<\/b> (93) Directeur de L\u2019Humanit\u00e9 <i>Reconduit au CEN<\/i><\/p>\n<p><b>Clara Gimenez<\/b> (34) D\u00e9veloppement des cellules <i>Reconduite au CEN<\/i><\/p>\n<p><b>Marie-Jeanne Gobert<\/b> (14) M\u00e9diation et r\u00e8glement des conflits <i>Reconduite au CEN<\/i><\/p>\n<p><b>Christophe Grassullo<\/b> (94) Tr\u00e9sorier national <i>Reconduit au CEN<\/i><\/p>\n<p><b>Gladys Grelaud<\/b> (29) Ruralit\u00e9s et suivi Bretagne <i>Reconduite au CEN<\/i><\/p>\n<p><b>Fatima Khallouk<\/b> (94) Handicap <i>Entr\u00e9e au CEN<\/i><\/p>\n<p><b>Pierre Lacaze<\/b> (31) Relations ext\u00e9rieures ; relations avec les groupes parlementaires et les partis ; suivi Occitanie et relations avec l\u2019Outre-mer <i>Reconduit au CEN<\/i><\/p>\n<p><b>C\u00e9line Lecat<\/b> (62) Campagnes de solidarit\u00e9 concr\u00e8te <i>Entr\u00e9e au CEN<\/i><\/p>\n<p><b>V\u00e9ronique Mah\u00e9<\/b> (44) Lien avec les f\u00e9d\u00e9rations <i>Reconduite au CEN<\/i><\/p>\n<p><b>Fr\u00e9d\u00e9ric Mellier<\/b> (33) Entreprises et lieux de travail <i>Entr\u00e9e au CEN<\/i><\/p>\n<p><b>Yannick Monnet<\/b> (03) Affaires sociales <i>Reconduit au CEN<\/i><\/p>\n<p><b>\u00d6zer \u00d6ztorun<\/b> (94) Politique des cadres et quartiers populaires <i>Entr\u00e9e au CEN<\/i><\/p>\n<p><b>Nad\u00e8ge Plaineau<\/b> (50) Discussion \u00e0 finaliser <i>Entr\u00e9e au CEN<\/i><\/p>\n<p><b>L\u00e9na Raud<\/b> (93) Jeunesse <i>Entr\u00e9e au CEN<\/i><\/p>\n<p><b>Guillaume Roubaud-Quashie<\/b> (92) Mouvement des id\u00e9es ; Pr\u00e9sident de la Fondation Gabriel P\u00e9ri <i>Reconduit au CEN<\/i><\/p>\n<p><b>Aymeric Seassau (<\/b>44) Relations avec les syndicats <i>Reconduit au CEN<\/i><\/p>\n<p><b>Patricia Tejas<\/b> (84) \u00c9conomie, Finances publiques <i>Reconduite au CEN<\/i><\/p>\n<p><b>Muriel Ternant<\/b> (90) \u00c9ducation et suivi Bourgogne-Franche-Comt\u00e9 <i>Reconduite au CEN<\/i><\/p>\n<p><b>Sylvie Vinceneux<\/b> (83) Logement <i>Entr\u00e9e au CEN<\/i><\/p>\n<p><b>Shirley Wirden<\/b> (75) Droits des femmes et f\u00e9minisme <i>Reconduite au CEN<\/i><\/p>\n<p><b>Bora Yilmaz<\/b> (54) Lutte contre le racisme et l\u2019antis\u00e9mitisme et suivi Grand-Est <i>Entr\u00e9e au CEN<\/i><\/p>\n<p><b>Igor Zamichiei<\/b> (75) Vie du Parti <i>Reconduit au CEN<\/i><\/p>\n<p><u><b>Membres invit\u00e9s <\/b><\/u><\/p>\n<p><b>Bastien Bonnargent<\/b> (75) Secr\u00e9taire g\u00e9n\u00e9ral du Mouvement des jeunes communistes de France (MJCF)<\/p>\n<p><b>St\u00e9phane Peu<\/b> (93) Pr\u00e9sident du groupe de la Gauche d\u00e9mocrate et r\u00e9publicaine (GDR) \u00e0 l\u2019Assembl\u00e9e nationale<\/p>\n<p><b>Philippe Rio<\/b> (91) Pr\u00e9sident de la Coop\u00e9rative des \u00e9lu\u00b7es communistes, r\u00e9publicain\u00b7es et citoyen\u00b7nes<\/p>\n<p><b>Camille Mongin<\/b> (29) Secr\u00e9taire nationale de l\u2019Union des \u00e9tudiants communistes (UEC)<\/p>\n<\/p><\/div>\n","protected":false},"excerpt":{"rendered":"Suite logique du 40e congr&egrave;s qui s&rsquo;est tenu d&eacute;but juillet &agrave; Lille, la direction communiste nouvellement &eacute;lue s&rsquo;est dot&eacute;, lors de sa premi&egrave;re r&eacute;union en marge de l&rsquo;universit&eacute; &#8230;","protected":false},"author":1,"featured_media":39907,"comment_status":"open","ping_status":"open","sticky":false,"template":"","format":"standard","meta":{"footnotes":""},"categories":[3926,3925,330],"tags":[2363,606,614,748,4450,250,3756,3310],"news-destination":[3944],"news-source":[475],"is_homepage":[],"ta_other":[],"class_list":["post-39906","post","type-post","status-publish","format-standard","has-post-thumbnail","hentry","category-accueil-merge","category-accueil-third","category-politique","tag-clara-gimenez","tag-fabien-roussel","tag-ian-brossat","tag-jeremy-bacchi","tag-leon-deffontaines","tag-pcf","tag-sophie-delfino","tag-sylvie-vinceneux","news-destination-homepage","news-source-website"],"_links":{"self":[{"href":"https:\/\/euapp01.newsmemory.com\/lamarseillaise\/news\/wp-json\/wp\/v2\/posts\/39906","targetHints":{"allow":["GET"]}}],"collection":[{"href":"https:\/\/euapp01.newsmemory.com\/lamarseillaise\/news\/wp-json\/wp\/v2\/posts"}],"about":[{"href":"https:\/\/euapp01.newsmemory.com\/lamarseillaise\/news\/wp-json\/wp\/v2\/types\/post"}],"author":[{"embeddable":true,"href":"https:\/\/euapp01.newsmemory.com\/lamarseillaise\/news\/wp-json\/wp\/v2\/users\/1"}],"replies":[{"embeddable":true,"href":"https:\/\/euapp01.newsmemory.com\/lamarseillaise\/news\/wp-json\/wp\/v2\/comments?post=39906"}],"version-history":[{"count":1,"href":"https:\/\/euapp01.newsmemory.com\/lamarseillaise\/news\/wp-json\/wp\/v2\/posts\/39906\/revisions"}],"predecessor-version":[{"id":39908,"href":"https:\/\/euapp01.newsmemory.com\/lamarseillaise\/news\/wp-json\/wp\/v2\/posts\/39906\/revisions\/39908"}],"wp:featuredmedia":[{"embeddable":true,"href":"https:\/\/euapp01.newsmemory.com\/lamarseillaise\/news\/wp-json\/wp\/v2\/media\/39907"}],"wp:attachment":[{"href":"https:\/\/euapp01.newsmemory.com\/lamarseillaise\/news\/wp-json\/wp\/v2\/media?parent=39906"}],"wp:term":[{"taxonomy":"category","embeddable":true,"href":"https:\/\/euapp01.newsmemory.com\/lamarseillaise\/news\/wp-json\/wp\/v2\/categories?post=39906"},{"taxonomy":"post_tag","embeddable":true,"href":"https:\/\/euapp01.newsmemory.com\/lamarseillaise\/news\/wp-json\/wp\/v2\/tags?post=39906"},{"taxonomy":"news-destination","embeddable":true,"href":"https:\/\/euapp01.newsmemory.com\/lamarseillaise\/news\/wp-json\/wp\/v2\/news-destination?post=39906"},{"taxonomy":"news-source","embeddable":true,"href":"https:\/\/euapp01.newsmemory.com\/lamarseillaise\/news\/wp-json\/wp\/v2\/news-source?post=39906"},{"taxonomy":"is_homepage","embeddable":true,"href":"https:\/\/euapp01.newsmemory.com\/lamarseillaise\/news\/wp-json\/wp\/v2\/is_homepage?post=39906"},{"taxonomy":"ta_other","embeddable":true,"href":"https:\/\/euapp01.newsmemory.com\/lamarseillaise\/news\/wp-json\/wp\/v2\/ta_other?post=39906"}],"curies":[{"name":"wp","href":"https:\/\/api.w.org\/{rel}","templated":true}]}}