{"id":39895,"date":"2026-08-21T09:14:00","date_gmt":"2026-08-21T07:14:00","guid":{"rendered":"https:\/\/euapp01.newsmemory.com\/lamarseillaise\/news\/?p=39895"},"modified":"2026-08-26T07:46:48","modified_gmt":"2026-08-26T05:46:48","slug":"tribune-lausterite-genere-linsecurite","status":"publish","type":"post","link":"https:\/\/euapp01.newsmemory.com\/lamarseillaise\/news\/2026\/08\/21\/tribune-lausterite-genere-linsecurite\/","title":{"rendered":"[Tribune] L\u2019aust\u00e9rit\u00e9 g\u00e9n\u00e8re l\u2019ins\u00e9curit\u00e9"},"content":{"rendered":"<div class=\"paragraph\">\n<p>L\u2019ins\u00e9curit\u00e9 climatique frappe de plein fouet des centaines de milliers de Fran\u00e7aises et de Fran\u00e7ais. 125\u00a0000\u00a0hectares de for\u00eat partis en fum\u00e9e, des centaines de milliers d\u2019\u00e9vacu\u00e9s, des centaines de maisons calcin\u00e9es dont pr\u00e8s de cinquante dans le Var. Des r\u00e9gions d\u00e9vast\u00e9es par les incendies, des exploitations agricoles, et des PME sinistr\u00e9es. Des centaines d\u2019emplois impact\u00e9s par ces m\u00e9ga feux. Sans l\u2019engagement exemplaire des soldats du feu, des services publics locaux, des b\u00e9n\u00e9voles, des \u00e9lus des communes concern\u00e9es, le bilan aurait \u00e9t\u00e9 bien plus lourd.<\/p>\n<p>Les politiques d\u2019aust\u00e9rit\u00e9 budg\u00e9taires ont d\u00e9sarm\u00e9 la R\u00e9publique\u00a0: toutes les forces politiques qui par leurs votes au Parlement les ont soutenues sont comptables devant les populations. Leurs choix ont fragilis\u00e9 les services publics et plong\u00e9 les habitants dans l\u2019ins\u00e9curit\u00e9 dramatique dont sont victimes des milliers de Fran\u00e7ais.<\/p>\n<p>Le PCF propose de r\u00e9orienter le budget de l\u2019\u00c9tat vers les besoins r\u00e9els du pays. En arr\u00eatant de servir les grands groupes industriels et financiers et en r\u00e9orientant les d\u00e9penses militaires uniquement vers la d\u00e9fense nationale et non au service des marchands de canons pour satisfaire au diktat des USA. Plus de 200\u00a0milliards d\u2019euros annuels seraient disponibles pour mettre en \u0153uvre une v\u00e9ritable politique au service de la Nation.<\/p>\n<p>Pour doter les services de secours des moyens terrestres et a\u00e9riens, en regagnant notre souverainet\u00e9 industrielle pour les bombardiers d\u2019eaux qui pourraient \u00eatre construits et entretenus en France avec les projets Fr\u00e9gates F-100 \u00e0 Istres et celui AIA de Cuers Pierrefeu dans le Var. Doter la flotte a\u00e9rienne de vision nocturne et thermique.<\/p>\n<p>R\u00e9armer nos Sdis qui ont perdu 1\u00a0800\u00a0centres de secours et 1\u00a0000\u00a0v\u00e9hicules. Revaloriser le statut des pompiers volontaires et professionnels, les doter de protections efficaces contre la chaleur et les fum\u00e9es toxiques.<\/p>\n<p>Renforcer l\u2019ONF de 2\u00a0000\u00a0emplois alors que 25% des postes ont \u00e9t\u00e9 supprim\u00e9s.<\/p>\n<p>La gestion foresti\u00e8re doit \u00eatre repens\u00e9e, le Var un des d\u00e9partements les plus bois\u00e9s, la for\u00eat a progress\u00e9 de 17% depuis\u00a01980 mais l\u2019exploitation et entretien n\u2019ont pas suivi. Avec 70% de surface priv\u00e9e, la pr\u00e9vention et l\u2019exploitation sont plus complexes.<\/p>\n<p>Dans son plan Climat\u00a02050 le Parti communiste fran\u00e7ais propose une grande loi de programmation foresti\u00e8re et une gestion d\u00e9mocratique incluant tous les acteurs concern\u00e9s. R\u00e9fl\u00e9chir ensemble pour une efficience maximale. Toute aide publique doit \u00eatre conditionn\u00e9e aux objectifs d\u00e9finis d\u00e9mocratiquement en termes de plantation, de biodiversit\u00e9, de trac\u00e9 des DFCI n\u00e9cessaires. L\u2019agropastoralisme et le sylvopastoralisme doivent \u00eatre soutenus pour entretenir et cr\u00e9er des coupures de combustibles et les projets bois-\u00e9nergies doivent \u00eatre soumis \u00e0 \u00e9valuation. Cela n\u00e9cessite un r\u00e9el d\u00e9bat national et d\u00e9partemental, la s\u00e9curit\u00e9 de nos concitoyens et de nos territoires sont en jeu. Le co\u00fbt financier, \u00e9conomique et mat\u00e9riel sera astronomique mais pourra \u00eatre absorb\u00e9. Les traumatismes individuels et collectifs seront plus difficiles \u00e0 quantifier.<\/p>\n<p>Mais comment la solidarit\u00e9 nationale va pouvoir jouer \u00e0 plein, si nous laissons les sinistr\u00e9s individuels ou collectifs, les communes, les entreprises ou les exploitations agricoles au bon vouloir des groupes d\u2019assurances priv\u00e9es, qui projettent des augmentations de cotisations de plus de 12%, quand elles n\u2019informent pas leurs souscripteurs qu\u2019elles ne renouvelleront plus le contrat d\u2019assurance\u00a0? Oui, il faut un p\u00f4le public assurantiel pour faire jouer la p\u00e9r\u00e9quation et la solidarit\u00e9 nationale.<\/p>\n<\/p><\/div>\n","protected":false},"excerpt":{"rendered":"L&rsquo;ins&eacute;curit&eacute; climatique frappe de plein fouet des centaines de milliers de Fran&ccedil;aises et de Fran&ccedil;ais. 125&nbsp;000&nbsp;hectares de for&ecirc;t partis en fum&eacute;e, des centaines de milliers &#8230;","protected":false},"author":1,"featured_media":39893,"comment_status":"open","ping_status":"open","sticky":false,"template":"","format":"standard","meta":{"footnotes":""},"categories":[3926,3925,330],"tags":[572,3310,621],"news-destination":[3944],"news-source":[475],"is_homepage":[],"ta_other":[],"class_list":["post-39895","post","type-post","status-publish","format-standard","has-post-thumbnail","hentry","category-accueil-merge","category-accueil-third","category-politique","tag-france","tag-sylvie-vinceneux","tag-tribune","news-destination-homepage","news-source-website"],"_links":{"self":[{"href":"https:\/\/euapp01.newsmemory.com\/lamarseillaise\/news\/wp-json\/wp\/v2\/posts\/39895","targetHints":{"allow":["GET"]}}],"collection":[{"href":"https:\/\/euapp01.newsmemory.com\/lamarseillaise\/news\/wp-json\/wp\/v2\/posts"}],"about":[{"href":"https:\/\/euapp01.newsmemory.com\/lamarseillaise\/news\/wp-json\/wp\/v2\/types\/post"}],"author":[{"embeddable":true,"href":"https:\/\/euapp01.newsmemory.com\/lamarseillaise\/news\/wp-json\/wp\/v2\/users\/1"}],"replies":[{"embeddable":true,"href":"https:\/\/euapp01.newsmemory.com\/lamarseillaise\/news\/wp-json\/wp\/v2\/comments?post=39895"}],"version-history":[{"count":1,"href":"https:\/\/euapp01.newsmemory.com\/lamarseillaise\/news\/wp-json\/wp\/v2\/posts\/39895\/revisions"}],"predecessor-version":[{"id":39896,"href":"https:\/\/euapp01.newsmemory.com\/lamarseillaise\/news\/wp-json\/wp\/v2\/posts\/39895\/revisions\/39896"}],"wp:featuredmedia":[{"embeddable":true,"href":"https:\/\/euapp01.newsmemory.com\/lamarseillaise\/news\/wp-json\/wp\/v2\/media\/39893"}],"wp:attachment":[{"href":"https:\/\/euapp01.newsmemory.com\/lamarseillaise\/news\/wp-json\/wp\/v2\/media?parent=39895"}],"wp:term":[{"taxonomy":"category","embeddable":true,"href":"https:\/\/euapp01.newsmemory.com\/lamarseillaise\/news\/wp-json\/wp\/v2\/categories?post=39895"},{"taxonomy":"post_tag","embeddable":true,"href":"https:\/\/euapp01.newsmemory.com\/lamarseillaise\/news\/wp-json\/wp\/v2\/tags?post=39895"},{"taxonomy":"news-destination","embeddable":true,"href":"https:\/\/euapp01.newsmemory.com\/lamarseillaise\/news\/wp-json\/wp\/v2\/news-destination?post=39895"},{"taxonomy":"news-source","embeddable":true,"href":"https:\/\/euapp01.newsmemory.com\/lamarseillaise\/news\/wp-json\/wp\/v2\/news-source?post=39895"},{"taxonomy":"is_homepage","embeddable":true,"href":"https:\/\/euapp01.newsmemory.com\/lamarseillaise\/news\/wp-json\/wp\/v2\/is_homepage?post=39895"},{"taxonomy":"ta_other","embeddable":true,"href":"https:\/\/euapp01.newsmemory.com\/lamarseillaise\/news\/wp-json\/wp\/v2\/ta_other?post=39895"}],"curies":[{"name":"wp","href":"https:\/\/api.w.org\/{rel}","templated":true}]}}