{"id":39892,"date":"2026-08-21T09:12:00","date_gmt":"2026-08-21T07:12:00","guid":{"rendered":"https:\/\/euapp01.newsmemory.com\/lamarseillaise\/news\/?p=39892"},"modified":"2026-08-26T07:46:48","modified_gmt":"2026-08-26T05:46:48","slug":"tribune-verdun-ou-waterloo-pour-fabien-roussel-et-le-pcf","status":"publish","type":"post","link":"https:\/\/euapp01.newsmemory.com\/lamarseillaise\/news\/2026\/08\/21\/tribune-verdun-ou-waterloo-pour-fabien-roussel-et-le-pcf\/","title":{"rendered":"[Tribune] Verdun ou Waterloo pour Fabien Roussel et le PCF ?"},"content":{"rendered":"<div class=\"paragraph\">\n<p>En se d\u00e9clarant candidat <i>\u00ab<\/i><i>\u00a0<\/i><i>jusqu\u2019au bout<\/i><i>\u00a0<\/i><i>\u00bb<\/i>, malgr\u00e9 des sondages particuli\u00e8rement d\u00e9favorables, Fabien Roussel a franchi le Rubicon. Le choix est logique\u00a0: une candidature sous conditions serait condamn\u00e9e avant m\u00eame d\u2019avoir commenc\u00e9. Mais il est aussi terriblement p\u00e9rilleux. Pour le secr\u00e9taire national du PCF, 2027 peut \u00eatre l\u2019\u00e9lection de la reconqu\u00eate. Elle peut aussi devenir celle de l\u2019effacement.<\/p>\n<p><b>Verdun ou Waterloo<\/b><b>\u00a0<\/b><b>? L\u2019image est forte, mais elle r\u00e9sume l\u2019enjeu.<\/b> Verdun, s\u2019il parvient \u00e0 tenir, reconqu\u00e9rir du terrain et d\u00e9montrer qu\u2019un parti centenaire poss\u00e8de encore une fonction politique propre. Waterloo, si une candidature enferm\u00e9e \u00e0 2 ou 3% transforme l\u2019\u00e9lection en d\u00e9faite strat\u00e9gique et pose la question de la survie du PCF comme force nationale autonome.<\/p>\n<p><b>Le premier danger serait de refaire 2022 \u00ab<\/b><b>\u00a0<\/b><b>en mieux<\/b><b>\u00a0<\/b><b>\u00bb.<\/b> Emploi, salaires, industrie, \u00e9nergie, services publics, taxation du capital\u00a0: ces combats restent capitaux. Mais ils ne suffisent plus \u00e0 construire une identit\u00e9 pr\u00e9sidentielle.<\/p>\n<p><b>Une pr\u00e9sidentielle ne donne pas l\u2019avantage \u00e0 celui qui poss\u00e8de le catalogue le plus fourni. Elle distingue celui qui parvient \u00e0 incarner une id\u00e9e simple du pays et de son avenir.<\/b><\/p>\n<p>D\u2019autant qu\u2019\u00e0 mesure que l\u2019\u00e9ch\u00e9ance approchera, la pression du \u00ab\u00a0vote utile\u00a0\u00bb deviendra redoutable si le RN para\u00eet en mesure de conqu\u00e9rir l\u2019\u00c9lys\u00e9e et si Roussel reste tr\u00e8s bas. Il devra alors r\u00e9pondre chaque matin \u00e0 la m\u00eame question\u00a0: \u00ab\u00a0Pourquoi \u00eates-vous encore l\u00e0\u00a0?\u00a0\u00bb Or une campagne ne peut survivre longtemps sur la d\u00e9fensive.<\/p>\n<p><b>Il faut donc inverser la question<\/b><b>\u00a0<\/b><b>: non plus expliquer pourquoi Roussel se pr\u00e9sente, mais d\u00e9montrer pour quoi sa candidature est n\u00e9cessaire.<\/b><b><\/b><\/p>\n<\/p><\/div>\n<div class=\"intext\"> Passer du programme\n              <\/div>\n<div class=\"intext\"> au dessein&#8230;\n              <\/div>\n<div class=\"paragraph\">\n<p>Pour exister dans une pr\u00e9sidentielle, il faut \u00eatre le nom de quelque chose. Le Pen et M\u00e9lenchon, chacun dans un registre radicalement diff\u00e9rent, incarnent imm\u00e9diatement une rupture, le d\u00e9gagisme. D\u2019autres chercheront \u00e0 repr\u00e9senter la continuit\u00e9, le d\u00e9passement du macronisme et le barrage au RN. C\u2019est le cas d\u2019\u00c9douard Philippe. Mais Roussel\u00a0?<\/p>\n<p><b>C\u2019est l\u00e0 que se situe son d\u00e9fi<\/b><b>\u00a0<\/b><b>: passer du programme au dessein.<\/b><\/p>\n<p>Non pas 300 promesses, mais une douzaine de grands engagements dessinant la France de 2037 et au-del\u00e0\u00a0: industrielle, instruite, productive, \u00e9cologique, ind\u00e9pendante, solidaire et pacifique.<\/p>\n<p><b>Un pacte populaire de confiance pour un progr\u00e8s partag\u00e9 pourrait donner une architecture \u00e0 cette ambition, \u00e0 condition de ne jamais devenir un catalogue suppl\u00e9mentaire.<\/b><\/p>\n<p><b>Prenons la jeunesse.<\/b> Au lieu d\u2019additionner les mesures, pourquoi ne pas fixer une ambition nationale\u00a0: mobiliser toutes les forces vives de la Nation pour faire de la jeunesse fran\u00e7aise la mieux \u00e9duqu\u00e9e, form\u00e9e et cultiv\u00e9e\u00a0? \u00c9cole, universit\u00e9, formation professionnelle, culture, sport, sant\u00e9, logement et emploi cesseraient d\u2019\u00eatre des dossiers juxtapos\u00e9s pour devenir les composantes d\u2019un m\u00eame projet.<\/p>\n<p><b>La gauche parle beaucoup des moyens de l\u2019\u00c9ducation nationale. Elle parle moins des destinataires<\/b><b>\u00a0<\/b><b>: les jeunes et de la France qu\u2019elle veut construire gr\u00e2ce \u00e0 l\u2019\u00e9ducation. C\u2019est un espace politique \u00e0 conqu\u00e9rir.<\/b><\/p>\n<p>Reconqu\u00e9rir le peuple sans courir derri\u00e8re le RN. L\u2019autre bataille est celle du monde du travail qui s\u2019est \u00e9loign\u00e9 du PCF. L\u2019erreur serait de reprendre quelques th\u00e8mes du RN en esp\u00e9rant r\u00e9cup\u00e9rer m\u00e9caniquement ses \u00e9lecteurs. Fabien Roussel pourrait proposer une r\u00e9ponse propre \u00e0 une demande devenue centrale\u00a0: la protection.<\/p>\n<p><b>Protection du salaire et de l\u2019emploi. Protection face aux d\u00e9serts m\u00e9dicaux, aux factures \u00e9nerg\u00e9tiques, au d\u00e9classement des territoires et \u00e0 l\u2019ins\u00e9curit\u00e9 quotidienne. Protection, enfin, contre le sentiment que les d\u00e9cisions essentielles sont prises sans les citoyens.<\/b><\/p>\n<p>C\u2019est peut-\u00eatre l\u00e0 que le PCF peut retrouver une part de son identit\u00e9 historique\u00a0: \u00eatre \u00e0 la fois le parti du travail et celui de la protection populaire et celui de l\u2019innovation civilisationnelle.<\/p>\n<p><b>Une politique innovante concernant les seniors<\/b> (cat\u00e9gorie toujours mobilis\u00e9e par une \u00e9lection) peut l\u2019illustrer aux yeux des citoyens. Pourquoi continuer \u00e0 les regarder seulement \u00e0 travers les retraites, la d\u00e9pendance et le co\u00fbt du vieillissement\u00a0? Les retrait\u00e9s poss\u00e8dent des comp\u00e9tences professionnelles, artisanales, techniques ou culturelles. Tutorat des jeunes, transmission des m\u00e9tiers, accompagnement scolaire, vie associative, soutien aux petites communes\u00a0: le vieillissement peut aussi devenir une force fran\u00e7aise, mise en \u0153uvre par un minist\u00e8re des seniors, \u00eatre l\u2019expression concr\u00e8te de la solidarit\u00e9 active \u00e9lev\u00e9e au rang de politique de vie en commun.<\/p>\n<p><b>Ainsi appara\u00eetrait une diff\u00e9rence essentielle<\/b><b>\u00a0<\/b><b>: ne pas seulement proposer de redistribuer autrement les richesses, mais organiser autrement la soci\u00e9t\u00e9.<\/b><\/p>\n<p>Jeunesse. Travail et salaires. Industrie. Sant\u00e9. Logement. \u00c9nergie. Alimentation. \u00c9cologie. Ruralit\u00e9 et territoires. Seniors. D\u00e9mocratie. Paix et politique internationale.<\/p>\n<p>Ces batailles nationales peuvent suffire, chacune assortie d\u2019engagements compr\u00e9hensibles, financ\u00e9s et v\u00e9rifiables, mais surtout d\u2019un objectif \u00e0 dix et 20 ans. L<b>a pr\u00e9sidentielle retrouverait ainsi sa fonction premi\u00e8re : choisir non seulement un gestionnaire, mais une direction pour le pays.<\/b><\/p>\n<p><b>Cette ambition peut aussi s\u2019enraciner dans les territoires.<\/b> Faire \u00e9merger dans les circonscriptions des femmes et des hommes charg\u00e9s de porter localement le pacte permettrait de relier pr\u00e9sidentielle et l\u00e9gislatives. Pendant que Fabien Roussel m\u00e8nerait la bataille nationale, plusieurs centaines de visages m\u00e8neraient la bataille locale : usine menac\u00e9e ici, d\u00e9sert m\u00e9dical l\u00e0, \u00e9cole, agriculture, transports ou logement ailleurs.<\/p>\n<p>M\u00eame un r\u00e9sultat pr\u00e9sidentiel modeste pourrait alors produire quelque chose\u00a0: militants remobilis\u00e9s, nouveaux adh\u00e9rents, candidats identifi\u00e9s, r\u00e9seaux reconstruits. La pr\u00e9sidentielle ne serait plus seulement une bataille \u00e9lectorale. Elle deviendrait le premier acte d\u2019une reconqu\u00eate territoriale.<\/p>\n<p>Alors, Verdun ou Waterloo\u00a0?<\/p>\n<p>Fabien Roussel et le PCF partent de loin. Le chemin vers le second tour para\u00eet aujourd\u2019hui extr\u00eamement \u00e9troit. Mais le premier d\u00e9fi n\u2019est pas encore celui des pourcentages\u00a0: il est de rendre la candidature du dirigeant communiste politiquement n\u00e9cessaire.<\/p>\n<p>S\u2019il reproduit une campagne communiste classique, additionnant revendications sociales, nationalisations, hausses de salaires et taxation du capital, il risque d\u2019\u00eatre broy\u00e9 entre M\u00e9lenchon, le vote utile et le RN. S\u2019il court derri\u00e8re ses adversaires, il dispara\u00eetra derri\u00e8re eux.<\/p>\n<p>S\u2019il transforme en revanche sa candidature en proposition d\u2019un nouveau contrat national, appuy\u00e9 sur un Pacte, articulant question sociale, production, \u00e9cologie, \u00e9ducation, s\u00e9curit\u00e9 quotidienne, souverainet\u00e9 d\u00e9mocratique et paix, il peut rouvrir un espace.<\/p>\n<p>Car l\u2019enjeu d\u00e9passe le score de Fabien Roussel. Il tient en une question\u00a0: le PCF est-il encore capable d\u2019incarner un nouveau dessein national\u00a0?<\/p>\n<p>Waterloo, si cette pr\u00e9sidentielle n\u2019est que la r\u00e9p\u00e9tition des pr\u00e9c\u00e9dentes.<\/p>\n<p>Verdun, si 2027 devient le point de d\u00e9part d\u2019une reconqu\u00eate politique, populaire et territoriale.<\/p>\n<p>Entre les deux, il reste un chemin\u00a0: surprendre, innover et donner \u00e0 nouveau envie de croire qu\u2019une France nouvelle est possible.<\/p>\n<\/p><\/div>\n","protected":false},"excerpt":{"rendered":"En se d&eacute;clarant candidat &laquo;&nbsp;jusqu&rsquo;au bout&nbsp;&raquo;, malgr&eacute; des sondages particuli&egrave;rement d&eacute;favorables, Fabien Roussel a franchi le Rubicon. Le choix est logique&nbsp;: une candidature sous conditions &#8230;","protected":false},"author":1,"featured_media":39893,"comment_status":"open","ping_status":"open","sticky":false,"template":"","format":"standard","meta":{"footnotes":""},"categories":[3926,3925,330,4310],"tags":[545,2949,606,572,250,621],"news-destination":[3944],"news-source":[475],"is_homepage":[],"ta_other":[],"class_list":["post-39892","post","type-post","status-publish","format-standard","has-post-thumbnail","hentry","category-accueil-merge","category-accueil-third","category-politique","category-politque","tag-candidature","tag-elysee","tag-fabien-roussel","tag-france","tag-pcf","tag-tribune","news-destination-homepage","news-source-website"],"_links":{"self":[{"href":"https:\/\/euapp01.newsmemory.com\/lamarseillaise\/news\/wp-json\/wp\/v2\/posts\/39892","targetHints":{"allow":["GET"]}}],"collection":[{"href":"https:\/\/euapp01.newsmemory.com\/lamarseillaise\/news\/wp-json\/wp\/v2\/posts"}],"about":[{"href":"https:\/\/euapp01.newsmemory.com\/lamarseillaise\/news\/wp-json\/wp\/v2\/types\/post"}],"author":[{"embeddable":true,"href":"https:\/\/euapp01.newsmemory.com\/lamarseillaise\/news\/wp-json\/wp\/v2\/users\/1"}],"replies":[{"embeddable":true,"href":"https:\/\/euapp01.newsmemory.com\/lamarseillaise\/news\/wp-json\/wp\/v2\/comments?post=39892"}],"version-history":[{"count":1,"href":"https:\/\/euapp01.newsmemory.com\/lamarseillaise\/news\/wp-json\/wp\/v2\/posts\/39892\/revisions"}],"predecessor-version":[{"id":39894,"href":"https:\/\/euapp01.newsmemory.com\/lamarseillaise\/news\/wp-json\/wp\/v2\/posts\/39892\/revisions\/39894"}],"wp:featuredmedia":[{"embeddable":true,"href":"https:\/\/euapp01.newsmemory.com\/lamarseillaise\/news\/wp-json\/wp\/v2\/media\/39893"}],"wp:attachment":[{"href":"https:\/\/euapp01.newsmemory.com\/lamarseillaise\/news\/wp-json\/wp\/v2\/media?parent=39892"}],"wp:term":[{"taxonomy":"category","embeddable":true,"href":"https:\/\/euapp01.newsmemory.com\/lamarseillaise\/news\/wp-json\/wp\/v2\/categories?post=39892"},{"taxonomy":"post_tag","embeddable":true,"href":"https:\/\/euapp01.newsmemory.com\/lamarseillaise\/news\/wp-json\/wp\/v2\/tags?post=39892"},{"taxonomy":"news-destination","embeddable":true,"href":"https:\/\/euapp01.newsmemory.com\/lamarseillaise\/news\/wp-json\/wp\/v2\/news-destination?post=39892"},{"taxonomy":"news-source","embeddable":true,"href":"https:\/\/euapp01.newsmemory.com\/lamarseillaise\/news\/wp-json\/wp\/v2\/news-source?post=39892"},{"taxonomy":"is_homepage","embeddable":true,"href":"https:\/\/euapp01.newsmemory.com\/lamarseillaise\/news\/wp-json\/wp\/v2\/is_homepage?post=39892"},{"taxonomy":"ta_other","embeddable":true,"href":"https:\/\/euapp01.newsmemory.com\/lamarseillaise\/news\/wp-json\/wp\/v2\/ta_other?post=39892"}],"curies":[{"name":"wp","href":"https:\/\/api.w.org\/{rel}","templated":true}]}}