{"id":39880,"date":"2026-08-21T09:17:00","date_gmt":"2026-08-21T07:17:00","guid":{"rendered":"https:\/\/euapp01.newsmemory.com\/lamarseillaise\/news\/?p=39880"},"modified":"2026-08-26T07:58:34","modified_gmt":"2026-08-26T05:58:34","slug":"tous-dehors-une-balade-au-plus-pres-de-la-biodiversite-marine-locale","status":"publish","type":"post","link":"https:\/\/euapp01.newsmemory.com\/lamarseillaise\/news\/2026\/08\/21\/tous-dehors-une-balade-au-plus-pres-de-la-biodiversite-marine-locale\/","title":{"rendered":"[Tous dehors] Une balade au plus pr\u00e8s de la biodiversit\u00e9 marine locale"},"content":{"rendered":"<div class=\"paragraph\">\n<p>L\u2019association l\u2019Atelier Bleu CPIE C\u00f4te Proven\u00e7ale emm\u00e8ne les curieux, d\u00e8s six ans, \u00e0 la d\u00e9couverte des sentiers sous-marins sur le littoral de La Ciotat et de Saint-Cyr. Une fois \u00e9quip\u00e9 de combinaison, palmes, masque et tuba fournis par l\u2019association, direction le site de Mugel ou Port d\u2019Alon pour une heure dans l\u2019eau aux c\u00f4t\u00e9s d\u2019un \u00e9co-guide dipl\u00f4m\u00e9 d\u2019\u00c9tat de plong\u00e9e. \u00ab\u00a0<i>On fait d\u00e9couvrir les esp\u00e8ces et leurs interactions. On parle aussi des mar\u00e9es en M\u00e9diterran\u00e9e, puisque la plupart des gens sont persuad\u00e9s qu\u2019il n\u2019y en a pas, alors que certaines esp\u00e8ces en d\u00e9pendent pour survivre<\/i>\u00a0\u00bb, d\u00e9crit Damien Braconnier, moniteur de plong\u00e9e \u00e0 l\u2019Atelier Bleu.<\/p>\n<\/p><\/div>\n<div class=\"intext\"> Une exp\u00e9rience personnalis\u00e9e\n              <\/div>\n<div class=\"paragraph\">\n<p>\u00c9ducateur sportif form\u00e9 \u00e0 la biologie marine, il insiste sur la dimension \u00e9ducative de l\u2019activit\u00e9\u00a0: \u00ab\u00a0<i>Contrairement au snorkeling, on apporte un vrai contenu p\u00e9dagogique qui demande au guide des connaissances \u00e9cologiques cons\u00e9quentes<\/i><i>\u00a0<\/i>\u00bb. Les groupes, limit\u00e9s \u00e0 huit personnes, \u00e9voluent selon la saison. \u00ab\u00a0<i>Pendant l\u2019ann\u00e9e je travaille surtout avec des enfants. L\u2019\u00e9t\u00e9, on a des touristes, mais aussi des locaux intrigu\u00e9s, qui ne savent pas o\u00f9 regarder dans les fonds marins<\/i><i>\u00a0<\/i>\u00bb, indique Damien Braconnier. Il \u00e9voque notamment le site de Mugel o\u00f9 \u00ab\u00a0<i>des formations rocheuses appel\u00e9es poudingues donnent un fond diff\u00e9rent du calcaire habituel de Provence<\/i><i>\u00a0<\/i>\u00bb.<\/p>\n<p>\u00c0 l\u2019Atelier Bleu, aucune sortie n\u2019est identique\u00a0: \u00ab<i>\u00a0<\/i><i>Il n\u2019y a pas de d\u00e9roul\u00e9 type, \u00e7a d\u00e9pend de la curiosit\u00e9 des gens. Le guide choisit le trajet le jour m\u00eame. \u00c7a permet de s\u2019adapter au public, \u00e0 la m\u00e9t\u00e9o et d\u2019\u00eatre plus r\u00e9actif aux questions qui nous sont pos\u00e9es, <\/i>pr\u00e9cise le moniteur. <i>\u00c7a m\u2019est arriv\u00e9 d\u2019avoir des gens qui n\u2019y connaissaient rien, comme j\u2019ai pu avoir des biologistes<\/i><i>\u00a0<\/i><i>!<\/i><i>\u00a0<\/i>\u00bb Pour les nageurs moins aguerris, les moniteurs disposent de bou\u00e9es afin de garantir un point d\u2019appui tout au long de l\u2019activit\u00e9.<\/p>\n<p>Toute l\u2019ann\u00e9e, l\u2019association assure un suivi biologique des esp\u00e8ces dans les calanques. Damien Braconnier alerte d\u2019ailleurs sur leur souffrance face \u00e0 \u00ab\u00a0<i>des hausses de temp\u00e9rature brutales de l\u2019eau, comme on en a eu derni\u00e8rement<\/i><i>\u00a0<\/i>\u00bb.<\/p>\n<\/p><\/div>\n<div class=\"paragraph\">\n<p><i>R\u00e9servations sur<\/i><i>\u00a0<\/i><i>:<br \/>cpie-coteprovencale.org<\/i><\/p>\n<\/p><\/div>\n","protected":false},"excerpt":{"rendered":"L&rsquo;association l&rsquo;Atelier Bleu CPIE C&ocirc;te Proven&ccedil;ale emm&egrave;ne les curieux, d&egrave;s six ans, &agrave; la d&eacute;couverte des sentiers sous-marins sur le littoral de La Ciotat et de Saint-Cyr. Une fois &#8230;","protected":false},"author":1,"featured_media":39897,"comment_status":"open","ping_status":"open","sticky":false,"template":"","format":"standard","meta":{"footnotes":""},"categories":[3926,3925,32],"tags":[84,1795,1288,57,79,1318,743,128,1126,2525,537,1085,165],"news-destination":[3944],"news-source":[475],"is_homepage":[],"ta_other":[],"class_list":["post-39880","post","type-post","status-publish","format-standard","has-post-thumbnail","hentry","category-accueil-merge","category-accueil-third","category-culture","tag-biodiversite","tag-biologie","tag-decouverte","tag-enfants","tag-fonds-marins","tag-guide","tag-la-ciotat","tag-mediterranee","tag-pedagogique","tag-plongee","tag-protection","tag-sensibilisation","tag-sous-marins","news-destination-homepage","news-source-website"],"_links":{"self":[{"href":"https:\/\/euapp01.newsmemory.com\/lamarseillaise\/news\/wp-json\/wp\/v2\/posts\/39880","targetHints":{"allow":["GET"]}}],"collection":[{"href":"https:\/\/euapp01.newsmemory.com\/lamarseillaise\/news\/wp-json\/wp\/v2\/posts"}],"about":[{"href":"https:\/\/euapp01.newsmemory.com\/lamarseillaise\/news\/wp-json\/wp\/v2\/types\/post"}],"author":[{"embeddable":true,"href":"https:\/\/euapp01.newsmemory.com\/lamarseillaise\/news\/wp-json\/wp\/v2\/users\/1"}],"replies":[{"embeddable":true,"href":"https:\/\/euapp01.newsmemory.com\/lamarseillaise\/news\/wp-json\/wp\/v2\/comments?post=39880"}],"version-history":[{"count":1,"href":"https:\/\/euapp01.newsmemory.com\/lamarseillaise\/news\/wp-json\/wp\/v2\/posts\/39880\/revisions"}],"predecessor-version":[{"id":39881,"href":"https:\/\/euapp01.newsmemory.com\/lamarseillaise\/news\/wp-json\/wp\/v2\/posts\/39880\/revisions\/39881"}],"wp:featuredmedia":[{"embeddable":true,"href":"https:\/\/euapp01.newsmemory.com\/lamarseillaise\/news\/wp-json\/wp\/v2\/media\/39897"}],"wp:attachment":[{"href":"https:\/\/euapp01.newsmemory.com\/lamarseillaise\/news\/wp-json\/wp\/v2\/media?parent=39880"}],"wp:term":[{"taxonomy":"category","embeddable":true,"href":"https:\/\/euapp01.newsmemory.com\/lamarseillaise\/news\/wp-json\/wp\/v2\/categories?post=39880"},{"taxonomy":"post_tag","embeddable":true,"href":"https:\/\/euapp01.newsmemory.com\/lamarseillaise\/news\/wp-json\/wp\/v2\/tags?post=39880"},{"taxonomy":"news-destination","embeddable":true,"href":"https:\/\/euapp01.newsmemory.com\/lamarseillaise\/news\/wp-json\/wp\/v2\/news-destination?post=39880"},{"taxonomy":"news-source","embeddable":true,"href":"https:\/\/euapp01.newsmemory.com\/lamarseillaise\/news\/wp-json\/wp\/v2\/news-source?post=39880"},{"taxonomy":"is_homepage","embeddable":true,"href":"https:\/\/euapp01.newsmemory.com\/lamarseillaise\/news\/wp-json\/wp\/v2\/is_homepage?post=39880"},{"taxonomy":"ta_other","embeddable":true,"href":"https:\/\/euapp01.newsmemory.com\/lamarseillaise\/news\/wp-json\/wp\/v2\/ta_other?post=39880"}],"curies":[{"name":"wp","href":"https:\/\/api.w.org\/{rel}","templated":true}]}}