{"id":39875,"date":"2026-08-21T07:54:00","date_gmt":"2026-08-21T05:54:00","guid":{"rendered":"https:\/\/euapp01.newsmemory.com\/lamarseillaise\/news\/?p=39875"},"modified":"2026-08-25T09:47:44","modified_gmt":"2026-08-25T07:47:44","slug":"entretien-luniversite-dete-du-pcf-pour-aborder-cette-annee-avec-ambition","status":"publish","type":"post","link":"https:\/\/euapp01.newsmemory.com\/lamarseillaise\/news\/2026\/08\/21\/entretien-luniversite-dete-du-pcf-pour-aborder-cette-annee-avec-ambition\/","title":{"rendered":"[Entretien] \u00ab L\u2019Universit\u00e9 d\u2019\u00e9t\u00e9 du PCF, pour aborder cette ann\u00e9e avec ambition \u00bb"},"content":{"rendered":"<div class=\"paragraph\">\n<p><b>La Marseillaise :<\/b> <b>Quels seront les temps forts de cette universit\u00e9 d\u2019\u00e9t\u00e9 du PCF \u00e0 Toulouse<\/b><b>\u00a0<\/b><b>?<\/b><\/p>\n<p>Guillaume Roubaud-Quashie\u00a0: C\u2019est une universit\u00e9 un peu particuli\u00e8re parce qu\u2019elle arrive juste apr\u00e8s le 40<sup>e<\/sup>\u00a0Congr\u00e8s du Parti Communiste. C\u2019est, pour nous, le premier \u00e9v\u00e9nement public majeur, important, national, depuis. Il s\u2019inscrit dans un contexte bien connu, qui est celui, du macronisme finissant mais qui n\u2019est pas encore parti puisqu\u2019ils sont dans la pr\u00e9paration d\u2019un prochain budget et envoient des signaux assez inqui\u00e9tants. Parmi les temps forts de cette ann\u00e9e, on a voulu donner une place importante aux enjeux climatiques et environnementaux. Cela se traduira notamment par la pr\u00e9sence d\u00e8s l\u2019ouverture d\u2019un responsable syndical des Sdis. On a aussi voulu apporter un \u00e9clairage particulier sur la question des enjeux de l\u2019intelligence artificielle. On aura toute une s\u00e9rie de rendez-vous autour des questions internationales, avec le retour de la d\u00e9l\u00e9gation du PCF qui s\u2019est rendue au Proche-Orient, un temps fort aussi autour de Cuba face au danger trumpiste qui ne cesse de grandir, et une s\u00e9quence consacr\u00e9e \u00e0 l\u2019\u00e9volution de la domination \u00e9tats-unienne dans la p\u00e9riode. Dans les temps forts politiques, Fabien Roussel donnera son allocution de rentr\u00e9e ce samedi soir, un d\u00e9bat est organis\u00e9 dimanche entre L\u00e9on Deffontaines et le Haut-Commissaire \u00e0 la Strat\u00e9gie et au Plan Cl\u00e9ment Beaune sur la question de la planification d\u00e9mocratique. Nous avons \u00e9galement organis\u00e9 une rencontre entre les diff\u00e9rentes formations politiques de gauche, avec socialistes, \u00e9cologistes, insoumis et communistes bien s\u00fbr, ainsi qu\u2019une rencontre avec le monde du travail, en pr\u00e9sence de Caroline Chev\u00e9 secr\u00e9taire g\u00e9n\u00e9rale de la FSU et Fabienne Rouchy, secr\u00e9taire conf\u00e9d\u00e9rale de la CGT.<\/p>\n<p><b>Vous prendrez part<br \/>\u00e0 une conf\u00e9rence intitul\u00e9e \u00ab<\/b><b>\u00a0<\/b><b>Antifascisme et politique<br \/>de masse<\/b><b>\u00a0<\/b><b>\u00bb, pouvez-vous<br \/>la pr\u00e9senter<\/b><b>\u00a0<\/b><b>?<\/b><\/p>\n<p>G.R.-Q.\u00a0: C\u2019est une th\u00e9matique qui est importante pour nous parce qu\u2019il y a la question de la nature de la menace d\u2019extr\u00eame droite qui est devant nous et beaucoup d\u2019ateliers seront consacr\u00e9s \u00e0 cette question, avec, notamment, Bernard Pudal qui a sorti un livre tr\u00e8s important sur le sujet. On a voulu construire avec la jeunesse communiste un projet d\u2019\u00e9change qui marie leurs r\u00e9flexions en cours d\u2019un c\u00f4t\u00e9, et de l\u2019autre, un ancrage historique. C\u2019est \u00e0 ce titre-l\u00e0 que je vais intervenir dans cet atelier, parce que cette question de l\u2019extr\u00eame droite, il faut \u00e9videmment la regarder \u00e0 la lumi\u00e8re pr\u00e9cise du pr\u00e9sent, mais elle n\u2019est pas neuve. On a d\u00e9j\u00e0 \u00e9t\u00e9 confront\u00e9s \u00e0 cette question et \u00e0 des moments d\u2019affirmation de l\u2019extr\u00eame droite, et il y a eu des r\u00e9ponses des communistes dont on peut juger qu\u2019elles sont adapt\u00e9es pour le pr\u00e9sent, qu\u2019elles ne le sont plus, qu\u2019elles l\u2019ont \u00e9t\u00e9, qu\u2019elles n\u2019ont pas \u00e9t\u00e9, peu importe. En tout cas l\u2019id\u00e9e est de proposer aux communistes de ne pas r\u00e9fl\u00e9chir comme si rien n\u2019avait jamais \u00e9t\u00e9 pens\u00e9 et tent\u00e9 par le pass\u00e9, si je puis dire. Le propos qui sera le mien sera surtout centr\u00e9 sur les r\u00e9flexions et les exp\u00e9riences des communistes dans les ann\u00e9es\u00a01930, au moment o\u00f9 justement l\u2019extr\u00eame droite en France \u00e9tait aux portes du pouvoir. Et, finalement, il faudra la victoire de Hitler pour que l\u2019extr\u00eame droite, qui a cess\u00e9 de progresser et n\u2019avait pas r\u00e9ussi \u00e0 obtenir le pouvoir, l\u2019obtienne dans le bagage de l\u2019arm\u00e9e nazie par ce rapport de force l\u00e0. Donc l\u2019id\u00e9e c\u2019est de voir un petit peu des \u00e9l\u00e9ments de r\u00e9flexion et de parall\u00e8les avec aujourd\u2019hui.<\/p>\n<p><b>Pourquoi ce moment est-il important pour le parti, les militants, les cadres et les \u00e9lus<\/b><b>\u00a0<\/b><b>?<\/b><\/p>\n<p>G.R.-Q.\u00a0: C\u2019est-\u00e0-dire qu\u2019on sait tous qu\u2019on va aborder une ann\u00e9e importante et qu\u2019on l\u2019aborde avec esprit d\u2019ambition absolument, mais tout en sachant qu\u2019elle n\u2019est pas facile d\u2019avance. C\u2019est-\u00e0-dire que le pire n\u2019est pas du tout certain mais le meilleur n\u2019arrivera pas par hasard. Donc, si on veut que le meilleur advienne et que le pire n\u2019advienne pas, alors, il est imp\u00e9ratif de prendre le temps de la r\u00e9flexion au-del\u00e0 des postures et des pens\u00e9es courtes. Il faut creuser un certain nombre de sujets sur lesquels l\u2019universit\u00e9 va justement travailler \u00e0 la veille de cette rentr\u00e9e 2026-2027.<\/p>\n<p><b>L\u2019allocution de Fabien Roussel est pr\u00e9vue ce samedi soir.<br \/>Est-ce un lancement de campagne pr\u00e9sidentielle, tout en sachant que le vote des militants pour d\u00e9terminer si oui ou non il sera candidat, est attendu<br \/>le 6<\/b><b>\u00a0<\/b><b>septembre prochain ? <\/b><\/p>\n<p>G.R.-Q.\u00a0: <span class=\"mln_uppercase_mln\">\u00e9<\/span>videmment, au Parti communiste, ce sont les adh\u00e9rents qui d\u00e9cident de leur orientation. En m\u00eame temps il est certain que le 40<sup>e<\/sup>\u00a0Congr\u00e8s, au terme d\u2019un processus d\u00e9mocratique, a d\u00e9j\u00e0 donn\u00e9 une certaine orientation. Le discours de Fabien Roussel ne pourra pas \u00eatre celui du candidat, puisque \u00e7a, c\u2019est aux communistes de le d\u00e9cider souverainement d\u00e9but septembre. N\u00e9anmoins, il s\u2019inscrira dans la perspective qui a \u00e9t\u00e9 trac\u00e9e d\u00e9mocratiquement par le 40<sup>e<\/sup>\u00a0congr\u00e8s. Il aura une tonalit\u00e9 offensive pour attaquer l\u2019ann\u00e9e dans le contexte pr\u00e9sent.<\/p>\n<\/p><\/div>\n","protected":false},"excerpt":{"rendered":"La Marseillaise : Quels seront les temps forts de cette universit&eacute; d&rsquo;&eacute;t&eacute; du PCF &agrave; Toulouse&nbsp;?","protected":false},"author":1,"featured_media":39876,"comment_status":"open","ping_status":"open","sticky":false,"template":"","format":"standard","meta":{"footnotes":""},"categories":[3926,3925,330],"tags":[],"news-destination":[3944],"news-source":[475],"is_homepage":[],"ta_other":[],"class_list":["post-39875","post","type-post","status-publish","format-standard","has-post-thumbnail","hentry","category-accueil-merge","category-accueil-third","category-politique","news-destination-homepage","news-source-website"],"_links":{"self":[{"href":"https:\/\/euapp01.newsmemory.com\/lamarseillaise\/news\/wp-json\/wp\/v2\/posts\/39875","targetHints":{"allow":["GET"]}}],"collection":[{"href":"https:\/\/euapp01.newsmemory.com\/lamarseillaise\/news\/wp-json\/wp\/v2\/posts"}],"about":[{"href":"https:\/\/euapp01.newsmemory.com\/lamarseillaise\/news\/wp-json\/wp\/v2\/types\/post"}],"author":[{"embeddable":true,"href":"https:\/\/euapp01.newsmemory.com\/lamarseillaise\/news\/wp-json\/wp\/v2\/users\/1"}],"replies":[{"embeddable":true,"href":"https:\/\/euapp01.newsmemory.com\/lamarseillaise\/news\/wp-json\/wp\/v2\/comments?post=39875"}],"version-history":[{"count":1,"href":"https:\/\/euapp01.newsmemory.com\/lamarseillaise\/news\/wp-json\/wp\/v2\/posts\/39875\/revisions"}],"predecessor-version":[{"id":39877,"href":"https:\/\/euapp01.newsmemory.com\/lamarseillaise\/news\/wp-json\/wp\/v2\/posts\/39875\/revisions\/39877"}],"wp:featuredmedia":[{"embeddable":true,"href":"https:\/\/euapp01.newsmemory.com\/lamarseillaise\/news\/wp-json\/wp\/v2\/media\/39876"}],"wp:attachment":[{"href":"https:\/\/euapp01.newsmemory.com\/lamarseillaise\/news\/wp-json\/wp\/v2\/media?parent=39875"}],"wp:term":[{"taxonomy":"category","embeddable":true,"href":"https:\/\/euapp01.newsmemory.com\/lamarseillaise\/news\/wp-json\/wp\/v2\/categories?post=39875"},{"taxonomy":"post_tag","embeddable":true,"href":"https:\/\/euapp01.newsmemory.com\/lamarseillaise\/news\/wp-json\/wp\/v2\/tags?post=39875"},{"taxonomy":"news-destination","embeddable":true,"href":"https:\/\/euapp01.newsmemory.com\/lamarseillaise\/news\/wp-json\/wp\/v2\/news-destination?post=39875"},{"taxonomy":"news-source","embeddable":true,"href":"https:\/\/euapp01.newsmemory.com\/lamarseillaise\/news\/wp-json\/wp\/v2\/news-source?post=39875"},{"taxonomy":"is_homepage","embeddable":true,"href":"https:\/\/euapp01.newsmemory.com\/lamarseillaise\/news\/wp-json\/wp\/v2\/is_homepage?post=39875"},{"taxonomy":"ta_other","embeddable":true,"href":"https:\/\/euapp01.newsmemory.com\/lamarseillaise\/news\/wp-json\/wp\/v2\/ta_other?post=39875"}],"curies":[{"name":"wp","href":"https:\/\/api.w.org\/{rel}","templated":true}]}}