{"id":39872,"date":"2026-08-21T07:57:00","date_gmt":"2026-08-21T05:57:00","guid":{"rendered":"https:\/\/euapp01.newsmemory.com\/lamarseillaise\/news\/?p=39872"},"modified":"2026-08-25T10:39:48","modified_gmt":"2026-08-25T08:39:48","slug":"en-famille-des-initiations-pour-travailler-la-matiere","status":"publish","type":"post","link":"https:\/\/euapp01.newsmemory.com\/lamarseillaise\/news\/2026\/08\/21\/en-famille-des-initiations-pour-travailler-la-matiere\/","title":{"rendered":"[En famille] Des initiations pour travailler la mati\u00e8re"},"content":{"rendered":"<div class=\"paragraph\">\n<p>Que vous soyez d\u00e9j\u00e0 habile de vos mains ou que vous soyez curieux de d\u00e9couvrir ces pratiques, l\u2019Atelier du Four de la Terre vous accueille au cours de demi-journ\u00e9es, journ\u00e9es ou m\u00eame pendant deux jours, ce week-end. Accessible aux adultes ou adolescents \u00e0 partir de 9\u00a0ans, il est possible de d\u00e9couvrir la multitude de techniques de modelages existantes en fonction de ce que les participants souhaitent r\u00e9aliser. Sophie Barr\u00e9, animatrice des cours et sculptrice initi\u00e9e par son grand-p\u00e8re, lui-m\u00eame sculpteur de marbre, se propose de guider les artistes en devenir. Vous seront fournis les outils, la mati\u00e8re premi\u00e8re, et les pr\u00e9cieux conseils de Sophie. Il ne reste qu\u2019\u00e0 apporter vos deux mains et votre cr\u00e9ativit\u00e9. Les pi\u00e8ces confectionn\u00e9es seront cuites par les soins de l\u2019animatrice, vous pourrez par la suite revenir les chercher afin de rapporter le souvenir chez vous.<\/p>\n<p>Les stages sont limit\u00e9s \u00e0 12\u00a0places. Les tarifs sont de 30\u00a0euros la demi-journ\u00e9e, 60\u00a0euros la journ\u00e9e et 120\u00a0euros les deux jours. Les informations relatives \u00e0 l\u2019inscription sont disponibles sur la page Facebook \u00ab\u00a0Atelier du Four de la Terre\u00a0\u00bb.<\/p>\n<\/p><\/div>\n","protected":false},"excerpt":{"rendered":"Que vous soyez d&eacute;j&agrave; habile de vos mains ou que vous soyez curieux de d&eacute;couvrir ces pratiques, l&rsquo;Atelier du Four de la Terre vous accueille au cours de demi-journ&eacute;es, journ&eacute;es ou m&ecirc;me pendant deux jours, &#8230;","protected":false},"author":1,"featured_media":39873,"comment_status":"open","ping_status":"open","sticky":false,"template":"","format":"standard","meta":{"footnotes":""},"categories":[3926,3925,1866],"tags":[1881,130,174,171],"news-destination":[3944],"news-source":[475],"is_homepage":[],"ta_other":[],"class_list":["post-39872","post","type-post","status-publish","format-standard","has-post-thumbnail","hentry","category-accueil-merge","category-accueil-third","category-loisirs","tag-artisanat","tag-ateliers","tag-avignon","tag-vaucluse","news-destination-homepage","news-source-website"],"_links":{"self":[{"href":"https:\/\/euapp01.newsmemory.com\/lamarseillaise\/news\/wp-json\/wp\/v2\/posts\/39872","targetHints":{"allow":["GET"]}}],"collection":[{"href":"https:\/\/euapp01.newsmemory.com\/lamarseillaise\/news\/wp-json\/wp\/v2\/posts"}],"about":[{"href":"https:\/\/euapp01.newsmemory.com\/lamarseillaise\/news\/wp-json\/wp\/v2\/types\/post"}],"author":[{"embeddable":true,"href":"https:\/\/euapp01.newsmemory.com\/lamarseillaise\/news\/wp-json\/wp\/v2\/users\/1"}],"replies":[{"embeddable":true,"href":"https:\/\/euapp01.newsmemory.com\/lamarseillaise\/news\/wp-json\/wp\/v2\/comments?post=39872"}],"version-history":[{"count":1,"href":"https:\/\/euapp01.newsmemory.com\/lamarseillaise\/news\/wp-json\/wp\/v2\/posts\/39872\/revisions"}],"predecessor-version":[{"id":39874,"href":"https:\/\/euapp01.newsmemory.com\/lamarseillaise\/news\/wp-json\/wp\/v2\/posts\/39872\/revisions\/39874"}],"wp:featuredmedia":[{"embeddable":true,"href":"https:\/\/euapp01.newsmemory.com\/lamarseillaise\/news\/wp-json\/wp\/v2\/media\/39873"}],"wp:attachment":[{"href":"https:\/\/euapp01.newsmemory.com\/lamarseillaise\/news\/wp-json\/wp\/v2\/media?parent=39872"}],"wp:term":[{"taxonomy":"category","embeddable":true,"href":"https:\/\/euapp01.newsmemory.com\/lamarseillaise\/news\/wp-json\/wp\/v2\/categories?post=39872"},{"taxonomy":"post_tag","embeddable":true,"href":"https:\/\/euapp01.newsmemory.com\/lamarseillaise\/news\/wp-json\/wp\/v2\/tags?post=39872"},{"taxonomy":"news-destination","embeddable":true,"href":"https:\/\/euapp01.newsmemory.com\/lamarseillaise\/news\/wp-json\/wp\/v2\/news-destination?post=39872"},{"taxonomy":"news-source","embeddable":true,"href":"https:\/\/euapp01.newsmemory.com\/lamarseillaise\/news\/wp-json\/wp\/v2\/news-source?post=39872"},{"taxonomy":"is_homepage","embeddable":true,"href":"https:\/\/euapp01.newsmemory.com\/lamarseillaise\/news\/wp-json\/wp\/v2\/is_homepage?post=39872"},{"taxonomy":"ta_other","embeddable":true,"href":"https:\/\/euapp01.newsmemory.com\/lamarseillaise\/news\/wp-json\/wp\/v2\/ta_other?post=39872"}],"curies":[{"name":"wp","href":"https:\/\/api.w.org\/{rel}","templated":true}]}}