{"id":39869,"date":"2026-08-21T07:59:00","date_gmt":"2026-08-21T05:59:00","guid":{"rendered":"https:\/\/euapp01.newsmemory.com\/lamarseillaise\/news\/?p=39869"},"modified":"2026-08-25T10:52:52","modified_gmt":"2026-08-25T08:52:52","slug":"happy-end-le-festival-qui-democratise-le-cinema","status":"publish","type":"post","link":"https:\/\/euapp01.newsmemory.com\/lamarseillaise\/news\/2026\/08\/21\/happy-end-le-festival-qui-democratise-le-cinema\/","title":{"rendered":"Happy End, le festival qui d\u00e9mocratise le cin\u00e9ma"},"content":{"rendered":"<div class=\"paragraph\">\n<p>Depuis\u00a02022, l\u2019association Action Bomaye \u0153uvre pour d\u00e9mocratiser l\u2019acc\u00e8s au cin\u00e9ma \u00e0 Marseille. Pour la 5<sup>e<\/sup>\u00a0\u00e9dition de <a rel=\"nofollow noopener noreferrer\" href=\"https:\/\/www.eventbrite.fr\/\" target=\"_blank\">son festival Happy End,<\/a> elle organise, \u00e0 partir de ce vendredi et jusqu\u2019\u00e0 dimanche, trois projections gratuites en bas d\u2019immeubles \u00e0 la Savine\u00a0(15<sup>e<\/sup>), au Panier\u00a0(2<sup>e<\/sup>) et \u00e0 F\u00e9lix Pyat\u00a0(3<sup>e<\/sup>).<\/p>\n<p>L\u2019id\u00e9e du festival est n\u00e9e d\u2019un constat\u00a0: \u00ab<i>\u00a0<\/i><i>Le cin\u00e9ma est devenu super cher et n\u2019est plus accessible pour beaucoup d\u2019habitants des quartiers prioritaires<\/i><i>\u00a0<\/i>\u00bb, explique Mouna, charg\u00e9e de projets de l\u2019association. Plac\u00e9e cette ann\u00e9e sous le th\u00e8me de la famille, chaque soir\u00e9e suit le m\u00eame parcours\u00a0: rencontre avec des professionnels du cin\u00e9ma, ap\u00e9ritif d\u00eenatoire, projection puis d\u00e9bat citoyen.<\/p>\n<\/p><\/div>\n<div class=\"intext\"> Plus qu\u2019une projection\n              <\/div>\n<div class=\"paragraph\">\n<p>Cette volont\u00e9 d\u2019aller au-del\u00e0 de la simple projection constitue la singularit\u00e9 du festival. \u00ab\u00a0<i>On se diff\u00e9rencie d\u2019autres \u00e9v\u00e8nements de projection parce qu\u2019on ram\u00e8ne les \u00e9quipes du film pour d\u00e9battre avec le public<\/i>\u00a0\u00bb, souligne Mouna. Ce vendredi, \u00e0 la Savine, le documentaire <i>L\u2019air des autres<\/i>, ouvrira le festival. Consacr\u00e9 aux in\u00e9galit\u00e9s environnementales, le film sera pr\u00e9c\u00e9d\u00e9 d\u2019un \u00e9change avec Sanaa Saitouli, cofondatrice de l\u2019association Banlieues Climat, et Sarah-Maria Hammou, enseignante-chercheuse en justice climatique.<\/p>\n<p>Samedi, place du Refuge, dans le Panier, le film <i>Ma m\u00e8re, Dieu et Sylvie Vartan<\/i> sera projet\u00e9. Le public pourra \u00e9changer avec Na\u00efm Naji, acteur du film, et Hana Levy, responsable des jeunes com\u00e9diens. Enfin, dimanche, le Stade Gris de F\u00e9lix Pyat accueillera <i>Intouchables<\/i>, en pr\u00e9sence des acteurs Cyril Mendy et Salimata Kamate.<\/p>\n<\/p><\/div>\n","protected":false},"excerpt":{"rendered":"Depuis&nbsp;2022, l&rsquo;association Action Bomaye &oelig;uvre pour d&eacute;mocratiser l&rsquo;acc&egrave;s au cin&eacute;ma &agrave; Marseille. Pour la 5e&nbsp;&eacute;dition de son festival Happy End, elle organise, &agrave; partir de ce &#8230;","protected":false},"author":1,"featured_media":39870,"comment_status":"open","ping_status":"open","sticky":false,"template":"","format":"standard","meta":{"footnotes":""},"categories":[3926,3925,32],"tags":[10,452,1314,329,1305,1083,59,5170,16,2708,78,232,269],"news-destination":[3944],"news-source":[475],"is_homepage":[],"ta_other":[],"class_list":["post-39869","post","type-post","status-publish","format-standard","has-post-thumbnail","hentry","category-accueil-merge","category-accueil-third","category-culture","tag-bouches-du-rhone","tag-debat","tag-documentaire","tag-festival","tag-film","tag-gratuit","tag-jeunes","tag-la-savine","tag-marseille","tag-panier","tag-projection","tag-projections","tag-quartiers-prioritaires","news-destination-homepage","news-source-website"],"_links":{"self":[{"href":"https:\/\/euapp01.newsmemory.com\/lamarseillaise\/news\/wp-json\/wp\/v2\/posts\/39869","targetHints":{"allow":["GET"]}}],"collection":[{"href":"https:\/\/euapp01.newsmemory.com\/lamarseillaise\/news\/wp-json\/wp\/v2\/posts"}],"about":[{"href":"https:\/\/euapp01.newsmemory.com\/lamarseillaise\/news\/wp-json\/wp\/v2\/types\/post"}],"author":[{"embeddable":true,"href":"https:\/\/euapp01.newsmemory.com\/lamarseillaise\/news\/wp-json\/wp\/v2\/users\/1"}],"replies":[{"embeddable":true,"href":"https:\/\/euapp01.newsmemory.com\/lamarseillaise\/news\/wp-json\/wp\/v2\/comments?post=39869"}],"version-history":[{"count":1,"href":"https:\/\/euapp01.newsmemory.com\/lamarseillaise\/news\/wp-json\/wp\/v2\/posts\/39869\/revisions"}],"predecessor-version":[{"id":39871,"href":"https:\/\/euapp01.newsmemory.com\/lamarseillaise\/news\/wp-json\/wp\/v2\/posts\/39869\/revisions\/39871"}],"wp:featuredmedia":[{"embeddable":true,"href":"https:\/\/euapp01.newsmemory.com\/lamarseillaise\/news\/wp-json\/wp\/v2\/media\/39870"}],"wp:attachment":[{"href":"https:\/\/euapp01.newsmemory.com\/lamarseillaise\/news\/wp-json\/wp\/v2\/media?parent=39869"}],"wp:term":[{"taxonomy":"category","embeddable":true,"href":"https:\/\/euapp01.newsmemory.com\/lamarseillaise\/news\/wp-json\/wp\/v2\/categories?post=39869"},{"taxonomy":"post_tag","embeddable":true,"href":"https:\/\/euapp01.newsmemory.com\/lamarseillaise\/news\/wp-json\/wp\/v2\/tags?post=39869"},{"taxonomy":"news-destination","embeddable":true,"href":"https:\/\/euapp01.newsmemory.com\/lamarseillaise\/news\/wp-json\/wp\/v2\/news-destination?post=39869"},{"taxonomy":"news-source","embeddable":true,"href":"https:\/\/euapp01.newsmemory.com\/lamarseillaise\/news\/wp-json\/wp\/v2\/news-source?post=39869"},{"taxonomy":"is_homepage","embeddable":true,"href":"https:\/\/euapp01.newsmemory.com\/lamarseillaise\/news\/wp-json\/wp\/v2\/is_homepage?post=39869"},{"taxonomy":"ta_other","embeddable":true,"href":"https:\/\/euapp01.newsmemory.com\/lamarseillaise\/news\/wp-json\/wp\/v2\/ta_other?post=39869"}],"curies":[{"name":"wp","href":"https:\/\/api.w.org\/{rel}","templated":true}]}}