{"id":39866,"date":"2026-08-21T08:17:00","date_gmt":"2026-08-21T06:17:00","guid":{"rendered":"https:\/\/euapp01.newsmemory.com\/lamarseillaise\/news\/?p=39866"},"modified":"2026-08-26T07:19:28","modified_gmt":"2026-08-26T05:19:28","slug":"un-concert-unique-de-chants-sacres-du-moyen-age-dans-la-basilique-royale","status":"publish","type":"post","link":"https:\/\/euapp01.newsmemory.com\/lamarseillaise\/news\/2026\/08\/21\/un-concert-unique-de-chants-sacres-du-moyen-age-dans-la-basilique-royale\/","title":{"rendered":"[C\u2019est l\u2019\u00e9t\u00e9] Un concert unique de chants sacr\u00e9s du Moyen-\u00c2ge dans la basilique royale"},"content":{"rendered":"<div class=\"paragraph\">\n<p>J<i>e suis tomb\u00e9 dedans tout petit vers 10<\/i><i>\u00a0<\/i><i>ans. J\u2019allais \u00e0 la cath\u00e9drale de Rennes o\u00f9 le p\u00e8re qui dirigeait la man\u00e9canterie (\u00e9cole de chant attach\u00e9e \u00e0 une paroisse) \u00e9tait branch\u00e9 musique m\u00e9di\u00e9vale. Tr\u00e8s vite, j\u2019ai fait des soli comme contret\u00e9nor<\/i>\u00a0\u00bb<i>,<\/i> relate Pierrick Bachelin passionn\u00e9 de chants sacr\u00e9s du Moyen-\u00c2ge et fondateur de la compagnie le Bel instant. Form\u00e9 en Angleterre avec Alfred Deller, chanteur et musicologue, r\u00e9f\u00e9rence en la mati\u00e8re qui a su, au lendemain de la 2<sup>nde<\/sup>\u00a0guerre, remettre \u00e0 l\u2019honneur cette tessiture ayant disparu depuis deux si\u00e8cles. \u00ab\u00a0<i>Une voix de femme dans un corps d\u2019homme ce qui \u00e0 l\u2019\u00e9poque n\u2019\u00e9tait vraiment pas courant du tout. Il n\u2019y avait pas de soli<\/i>\u00a0\u00bb<i>, <\/i>image Pierrick. Ce vendredi 21\u00a0ao\u00fbt, trois voix d\u2019hommes r\u00e9sonneront dans la basilique gothique Sainte-Marie-Madeleine pour un r\u00e9pertoire \u0153cum\u00e9nique m\u00ealant chant maronite, orthodoxe ou chr\u00e9tien. \u00ab\u00a0<i>Pendant 800<\/i><i>\u00a0<\/i><i>ans du Moyen-\u00c2ge, les instruments sont interdits. Il y a tout un travail sur les pouvoirs de la langue, sur la r\u00e9sonance de la voix sur les pierres<\/i>\u00a0\u00bb<i>, <\/i>d\u00e9taille le sp\u00e9cialiste. \u00c9motion assur\u00e9e.<\/p>\n<\/p><\/div>\n<div class=\"intext\"> Une musique inscrite<br \/>\n               <br \/>dans nos g\u00e8nes\n              <\/div>\n<div class=\"paragraph\">\n<p>Tr\u00e8s architectur\u00e9e, r\u00e9fl\u00e9chie et travaill\u00e9e, cette musique est un art sacr\u00e9. \u00ab\u00a0<i>Notre travail \u00e0 nous, a \u00e9t\u00e9 d\u2019essayer de le restituer pour ce programme qui m\u00e9lange les musiques orientales avec de l\u2019aram\u00e9en (langue parl\u00e9e au temps du Christ), du Grec (musique orthodoxe), de la musique Syrienne (rythmes maronites)<\/i>\u00a0\u00bb<i>, <\/i>d\u00e9taille Pierrick. Et de poursuivre comme une \u00e9vidence<i> <\/i>\u00ab\u00a0<i>cette musique est inscrite dans nos g\u00e8nes parce qu\u2019on est des citoyens du monde<\/i>\u00a0\u00bb.<\/p>\n<p>Ces musiques d\u2019\u00e9glises \u00e9taient chant\u00e9es partout de la Syrie jusqu\u2019\u00e0 l\u2019\u00c9cosse quelle que soit la langue. Elles ont pour certaines mille ans.<i> <\/i>\u00ab\u00a0<i>Olivier, le t\u00e9nor, chante un air du XII<\/i><i><sup>e<\/sup><\/i><i>\u00a0<\/i><i>si\u00e8cle en langue arabe qui est un chant chr\u00e9tien. Ce qui peut para\u00eetre un peu fou, surtout \u00e0 notre \u00e9poque<\/i>\u00a0\u00bb<i>,<\/i> d\u00e9taille Pierrick qui insiste sur cette diversit\u00e9 des langues \u00e0 laquelle la repr\u00e9sentation s\u2019attache. Une musique vari\u00e9e qui s\u2019adresse \u00e0 tous de 7\u00a0\u00e0 77\u00a0ans. \u00ab\u00a0<i>T\u00e9nor, contret\u00e9nor et baryton-basse, nous chantons tous trois, pour toucher l\u2019\u00e2me, surprendre et \u00e9mouvoir<\/i>\u00a0\u00bb<i>,<\/i> l\u00e2che-t-il en guise de conclusion.<\/p>\n<\/p><\/div>\n<div class=\"paragraph\">\n<p><i>Le 21<\/i><i>\u00a0<\/i><i>ao\u00fbt \u00e0 20h \u00e0 la basilique Sainte-Marie-Madeleine.<br \/>Entr\u00e9e<\/i><i>\u00a0<\/i><i>: 15<\/i><i>\u00a0<\/i><i>euros.<\/i><\/p>\n<\/p><\/div>\n","protected":false},"excerpt":{"rendered":"Je suis tomb&eacute; dedans tout petit vers 10&nbsp;ans. J&rsquo;allais &agrave; la cath&eacute;drale de Rennes o&ugrave; le p&egrave;re qui dirigeait la man&eacute;canterie (&eacute;cole de chant attach&eacute;e &agrave; une paroisse) &eacute;tait &#8230;","protected":false},"author":1,"featured_media":39867,"comment_status":"open","ping_status":"open","sticky":false,"template":"","format":"standard","meta":{"footnotes":""},"categories":[3926,3925,32],"tags":[3409,1511,34,948,2661,1805,6285,2372,325,6284,3720,31],"news-destination":[3944],"news-source":[475],"is_homepage":[],"ta_other":[],"class_list":["post-39866","post","type-post","status-publish","format-standard","has-post-thumbnail","hentry","category-accueil-merge","category-accueil-third","category-culture","tag-chant","tag-chants","tag-concert","tag-diversite","tag-fondateur","tag-instruments","tag-le-bel-instant","tag-moyen-age","tag-musique","tag-pierrick-bachelin","tag-saint-maximin-la-sainte-baume","tag-var","news-destination-homepage","news-source-website"],"_links":{"self":[{"href":"https:\/\/euapp01.newsmemory.com\/lamarseillaise\/news\/wp-json\/wp\/v2\/posts\/39866","targetHints":{"allow":["GET"]}}],"collection":[{"href":"https:\/\/euapp01.newsmemory.com\/lamarseillaise\/news\/wp-json\/wp\/v2\/posts"}],"about":[{"href":"https:\/\/euapp01.newsmemory.com\/lamarseillaise\/news\/wp-json\/wp\/v2\/types\/post"}],"author":[{"embeddable":true,"href":"https:\/\/euapp01.newsmemory.com\/lamarseillaise\/news\/wp-json\/wp\/v2\/users\/1"}],"replies":[{"embeddable":true,"href":"https:\/\/euapp01.newsmemory.com\/lamarseillaise\/news\/wp-json\/wp\/v2\/comments?post=39866"}],"version-history":[{"count":2,"href":"https:\/\/euapp01.newsmemory.com\/lamarseillaise\/news\/wp-json\/wp\/v2\/posts\/39866\/revisions"}],"predecessor-version":[{"id":39883,"href":"https:\/\/euapp01.newsmemory.com\/lamarseillaise\/news\/wp-json\/wp\/v2\/posts\/39866\/revisions\/39883"}],"wp:featuredmedia":[{"embeddable":true,"href":"https:\/\/euapp01.newsmemory.com\/lamarseillaise\/news\/wp-json\/wp\/v2\/media\/39867"}],"wp:attachment":[{"href":"https:\/\/euapp01.newsmemory.com\/lamarseillaise\/news\/wp-json\/wp\/v2\/media?parent=39866"}],"wp:term":[{"taxonomy":"category","embeddable":true,"href":"https:\/\/euapp01.newsmemory.com\/lamarseillaise\/news\/wp-json\/wp\/v2\/categories?post=39866"},{"taxonomy":"post_tag","embeddable":true,"href":"https:\/\/euapp01.newsmemory.com\/lamarseillaise\/news\/wp-json\/wp\/v2\/tags?post=39866"},{"taxonomy":"news-destination","embeddable":true,"href":"https:\/\/euapp01.newsmemory.com\/lamarseillaise\/news\/wp-json\/wp\/v2\/news-destination?post=39866"},{"taxonomy":"news-source","embeddable":true,"href":"https:\/\/euapp01.newsmemory.com\/lamarseillaise\/news\/wp-json\/wp\/v2\/news-source?post=39866"},{"taxonomy":"is_homepage","embeddable":true,"href":"https:\/\/euapp01.newsmemory.com\/lamarseillaise\/news\/wp-json\/wp\/v2\/is_homepage?post=39866"},{"taxonomy":"ta_other","embeddable":true,"href":"https:\/\/euapp01.newsmemory.com\/lamarseillaise\/news\/wp-json\/wp\/v2\/ta_other?post=39866"}],"curies":[{"name":"wp","href":"https:\/\/api.w.org\/{rel}","templated":true}]}}