{"id":39860,"date":"2026-08-21T09:44:00","date_gmt":"2026-08-21T07:44:00","guid":{"rendered":"https:\/\/euapp01.newsmemory.com\/lamarseillaise\/news\/?p=39860"},"modified":"2026-08-26T07:58:34","modified_gmt":"2026-08-26T05:58:34","slug":"pour-les-renouvelablesle-vert-a-moitie-vide","status":"publish","type":"post","link":"https:\/\/euapp01.newsmemory.com\/lamarseillaise\/news\/2026\/08\/21\/pour-les-renouvelablesle-vert-a-moitie-vide\/","title":{"rendered":"Pour les renouvelables, le vert \u00e0 moiti\u00e9 vide en R\u00e9gion Sud"},"content":{"rendered":"<div class=\"paragraph\">\n<p>Bien loin des ambitions affich\u00e9es, le d\u00e9ploiement des \u00e9nergies renouvelables est de plus en plus \u00e0 la tra\u00eene en r\u00e9gion Provence-Alpes-C\u00f4te d\u2019Azur. Alors que de nouveaux objectifs de production \u00e0 l\u2019horizon\u00a02035 doivent \u00eatre transmis au gouvernement avant le 15\u00a0septembre prochain dans le cadre de la troisi\u00e8me programmation pluriannuelle de l\u2019\u00e9nergie, le comit\u00e9 r\u00e9gional d\u00e9di\u00e9 qui s\u2019est tenu le 17\u00a0juin dernier sous l\u2019\u00e9gide de la pr\u00e9fecture et de la R\u00e9gion Sud s\u2019alarme du retard pris en la mati\u00e8re.<\/p>\n<p>Le constat est cruel. Le sch\u00e9ma r\u00e9gional d\u2019am\u00e9nagement, de d\u00e9veloppement durable, d\u2019am\u00e9nagement et d\u2019\u00e9galit\u00e9 des territoires (Sraddet) vot\u00e9 par la collectivit\u00e9 en\u00a02018 ambitionnait d\u2019atteindre une puissance \u00e9lectrique issue des renouvelables de 13,5\u00a0gigawatts en\u00a02024, de quoi plus que tripler la puissance install\u00e9e en\u00a02012 dans la r\u00e9gion. R\u00e9sultat\u00a0: en douze ans, \u00e0 peine 2\u00a0GW suppl\u00e9mentaires ont \u00e9t\u00e9 install\u00e9s, essentiellement en photovolta\u00efque, pour atteindre une puissance de seulement 5,6\u00a0GW. Quant \u00e0 la production thermique, si elle a \u00e9t\u00e9 multipli\u00e9e par six entre\u00a02012 et\u00a02023 essentiellement gr\u00e2ce au d\u00e9ploiement des pompes \u00e0 chaleur, seule la moiti\u00e9 de l\u2019objectif est atteinte avec une production r\u00e9gionale de 5,4\u00a0TWh. \u00c0 chaque fois, le retard sur les objectifs programm\u00e9s se creuse d\u2019ann\u00e9e en ann\u00e9e.<\/p>\n<\/p><\/div>\n<div class=\"intext\"> Ombre sur le solaire\n              <\/div>\n<div class=\"paragraph\">\n<p>Ainsi pour le photovolta\u00efque, le rythme des installations a ralenti au fil des ann\u00e9es et la r\u00e9gion est sortie en\u00a02023 du top\u00a03 en termes de puissance raccord\u00e9e, d\u00e9pass\u00e9e par la r\u00e9gion Auvergne-Rh\u00f4ne-Alpes. Les perspectives sont loin d\u2019\u00eatre brillantes\u00a0: d\u00e9sormais au m\u00eame rythme d\u2019installations que la r\u00e9gion Centre-Val de Loire, la r\u00e9gion ne compte qu\u2019une centaine de projets en cours d\u2019instruction au troisi\u00e8me trimestre\u00a02025. Seules la Bretagne, la Normandie et l\u2019\u00cele-de-France, moins r\u00e9put\u00e9es pour leur ensoleillement que le Sud, font moins bien.<\/p>\n<p>\u00ab\u00a0<i>La dynamique pour l\u2019\u00e9olien terrestre est presque inexistante dans notre r\u00e9gion, sujette \u00e0 de nombreuses contraintes r\u00e9glementaires<\/i><i>\u00a0<\/i>\u00bb, pointe aussi le comit\u00e9 r\u00e9gional de l\u2019\u00e9nergie, tandis que le d\u00e9veloppement de la fili\u00e8re de l\u2019\u00e9olien en mer \u00ab\u00a0<i>a \u00e9t\u00e9 plus lent que pr\u00e9vu<\/i><i>\u00a0<\/i>\u00bb. Quant \u00e0 la fili\u00e8re hydro\u00e9lectrique, si elle est \u00ab\u00a0<i>historiquement la plus d\u00e9velopp\u00e9e des \u00e9nergies renouvelables sur le territoire r\u00e9gional<\/i><i>\u00a0<\/i>\u00bb, son potentiel est \u00ab\u00a0<i>quasiment exploit\u00e9 en totalit\u00e9<\/i><i>\u00a0<\/i>\u00bb. R\u00e9sultat\u00a0: seul un quart des capacit\u00e9s r\u00e9serv\u00e9es dans le sch\u00e9ma r\u00e9gional de raccordement au r\u00e9seau des \u00e9nergies renouvelables a \u00e9t\u00e9 allou\u00e9, explique le gestionnaire RTE.<\/p>\n<p>Alors fili\u00e8re par fili\u00e8re, le comit\u00e9 r\u00e9gional de l\u2019\u00e9nergie ne peut que constater, comme il le fait pour le photovolta\u00efque\u00a0: \u00ab\u00a0<i>L\u2019objectif<\/i><i>\u00a0<\/i><i>2030 n\u2019est pas atteignable de fa\u00e7on r\u00e9aliste et doit \u00eatre revu \u00e0 la baisse<\/i><i>\u00a0<\/i>\u00bb. Le Sraddet visait une puissance \u00e9lectrique install\u00e9e de 17,3\u00a0GW en\u00a02030 pour les renouvelables. Les ambitions sont d\u00e9sormais divis\u00e9es par deux, avec un objectif de 8,6\u00a0GW \u00e0 la m\u00eame \u00e9ch\u00e9ance. La production thermique vis\u00e9e est quant \u00e0 elle de 13,8\u00a0TWh, contre 17,3\u00a0TWh planifi\u00e9s initialement.<\/p>\n<\/p><\/div>\n<div class=\"intext\"> 10\u00a0incin\u00e9rateurs d\u2019ici 2035\n              <\/div>\n<div class=\"paragraph\">\n<p>Pour l\u2019\u00e9lectricit\u00e9 photovolta\u00efque, cela signifie ainsi de couvrir 60\u00a0000\u00a0toitures et 1\u00a0800\u00a0hectares d\u2019ici\u00a02030, tandis que la mont\u00e9e en puissance de l\u2019\u00e9olien en mer doit suivre les appels d\u2019offres lanc\u00e9s. Pour le biogaz, au-del\u00e0 de la pyrogaz\u00e9ification amen\u00e9e \u00e0 se d\u00e9velopper, il faudrait installer 30\u00a0\u00e0 40\u00a0m\u00e9thaniseurs suppl\u00e9mentaires. En mati\u00e8re de g\u00e9othermique, la production devrait \u00eatre multipli\u00e9e par quatre, et par deux pour la thalassothermie, tandis que 800\u00a0000\u00a0pompes \u00e0 chaleurs suppl\u00e9mentaires sont attendues. Enfin, les projections visent une dizaine de chaufferies CSR &#8211;\u00a0des incin\u00e9rateurs de d\u00e9chets\u00a0&#8211; d\u2019ici\u00a02035. Une gageure au vu des lev\u00e9es de boucliers \u00e0 Marseille comme \u00e0 Istres.<\/p>\n<\/p><\/div>\n<div class=\"paragraph\">\n<p>\u00ab\u00a0L\u2019objectif\u00a02030 n\u2019est pas atteignable de fa\u00e7on r\u00e9aliste.\u00a0\u00bb<\/p>\n<\/p><\/div>\n","protected":false},"excerpt":{"rendered":"Bien loin des ambitions affich&eacute;es, le d&eacute;ploiement des &eacute;nergies renouvelables est de plus en plus &agrave; la tra&icirc;ne en r&eacute;gion Provence-Alpes-C&ocirc;te d&rsquo;Azur. Alors que de nouveaux objectifs de production &#8230;","protected":false},"author":1,"featured_media":39861,"comment_status":"open","ping_status":"open","sticky":false,"template":"","format":"standard","meta":{"footnotes":""},"categories":[3926,3925,333],"tags":[10,1026,1022,547,16,1455,222],"news-destination":[3944],"news-source":[475],"is_homepage":[],"ta_other":[],"class_list":["post-39860","post","type-post","status-publish","format-standard","has-post-thumbnail","hentry","category-accueil-merge","category-accueil-third","category-environnement","tag-bouches-du-rhone","tag-electricite","tag-energie","tag-energies-renouvelables","tag-marseille","tag-photovoltaique","tag-region-sud-paca","news-destination-homepage","news-source-website"],"_links":{"self":[{"href":"https:\/\/euapp01.newsmemory.com\/lamarseillaise\/news\/wp-json\/wp\/v2\/posts\/39860","targetHints":{"allow":["GET"]}}],"collection":[{"href":"https:\/\/euapp01.newsmemory.com\/lamarseillaise\/news\/wp-json\/wp\/v2\/posts"}],"about":[{"href":"https:\/\/euapp01.newsmemory.com\/lamarseillaise\/news\/wp-json\/wp\/v2\/types\/post"}],"author":[{"embeddable":true,"href":"https:\/\/euapp01.newsmemory.com\/lamarseillaise\/news\/wp-json\/wp\/v2\/users\/1"}],"replies":[{"embeddable":true,"href":"https:\/\/euapp01.newsmemory.com\/lamarseillaise\/news\/wp-json\/wp\/v2\/comments?post=39860"}],"version-history":[{"count":2,"href":"https:\/\/euapp01.newsmemory.com\/lamarseillaise\/news\/wp-json\/wp\/v2\/posts\/39860\/revisions"}],"predecessor-version":[{"id":39900,"href":"https:\/\/euapp01.newsmemory.com\/lamarseillaise\/news\/wp-json\/wp\/v2\/posts\/39860\/revisions\/39900"}],"wp:featuredmedia":[{"embeddable":true,"href":"https:\/\/euapp01.newsmemory.com\/lamarseillaise\/news\/wp-json\/wp\/v2\/media\/39861"}],"wp:attachment":[{"href":"https:\/\/euapp01.newsmemory.com\/lamarseillaise\/news\/wp-json\/wp\/v2\/media?parent=39860"}],"wp:term":[{"taxonomy":"category","embeddable":true,"href":"https:\/\/euapp01.newsmemory.com\/lamarseillaise\/news\/wp-json\/wp\/v2\/categories?post=39860"},{"taxonomy":"post_tag","embeddable":true,"href":"https:\/\/euapp01.newsmemory.com\/lamarseillaise\/news\/wp-json\/wp\/v2\/tags?post=39860"},{"taxonomy":"news-destination","embeddable":true,"href":"https:\/\/euapp01.newsmemory.com\/lamarseillaise\/news\/wp-json\/wp\/v2\/news-destination?post=39860"},{"taxonomy":"news-source","embeddable":true,"href":"https:\/\/euapp01.newsmemory.com\/lamarseillaise\/news\/wp-json\/wp\/v2\/news-source?post=39860"},{"taxonomy":"is_homepage","embeddable":true,"href":"https:\/\/euapp01.newsmemory.com\/lamarseillaise\/news\/wp-json\/wp\/v2\/is_homepage?post=39860"},{"taxonomy":"ta_other","embeddable":true,"href":"https:\/\/euapp01.newsmemory.com\/lamarseillaise\/news\/wp-json\/wp\/v2\/ta_other?post=39860"}],"curies":[{"name":"wp","href":"https:\/\/api.w.org\/{rel}","templated":true}]}}