{"id":39857,"date":"2026-08-21T09:47:00","date_gmt":"2026-08-21T07:47:00","guid":{"rendered":"https:\/\/euapp01.newsmemory.com\/lamarseillaise\/news\/?p=39857"},"modified":"2026-08-26T08:13:21","modified_gmt":"2026-08-26T06:13:21","slug":"fne-13-appelle-la-mairie-a-dialoguer-avec-ceux-qui-lont-elue","status":"publish","type":"post","link":"https:\/\/euapp01.newsmemory.com\/lamarseillaise\/news\/2026\/08\/21\/fne-13-appelle-la-mairie-a-dialoguer-avec-ceux-qui-lont-elue\/","title":{"rendered":"FNE 13 appelle la mairie de Marseille \u00e0 dialoguer avec ceux qui l\u2019ont \u00e9lue"},"content":{"rendered":"<div class=\"paragraph\">\n<p>Le groupement baptis\u00e9 \u00ab\u00a0Les amoureux du parc de Bonneveine\u00a0\u00bb d\u00e9nonce dans un communiqu\u00e9 \u00ab\u00a0<i>l\u2019argumentaire s\u00e9curitaire<\/i><i>\u00a0<\/i><i>\u00bb<\/i> de la Ville pour justifier l\u2019abattage sans concertation de 58 arbres en tout depuis septembre dernier dont 37 nouveaux arbres cette semaine. Ce d\u00e9sastre r\u00e9sulte \u00ab\u00a0<i>des erreurs dans la conduite du chantier, les fragilisations dues \u00e0 des d\u00e9caissements et des creusements de tranch\u00e9es au pied des arbres endommageant leur \u00e9quilibre racinaire<\/i><i>\u00a0<\/i><i>\u00bb.<\/i><\/p>\n<p>\u00ab\u00a0<i>L\u2019ambition affich\u00e9e par la Ville de Marseille de renforcer durablement la qualit\u00e9 paysag\u00e8re et environnementale du parc est bien mal engag\u00e9e.<\/i><i>\u00a0<\/i>\u00bb. \u00ab\u00a0<i>Il est grand temps que la mairie de Marseille fasse preuve de transparence et accepte un dialogue constructif avec les citoyens qui l\u2019ont \u00e9lue.<\/i><i>\u00a0<\/i><i>\u00bb<\/i> Ils demandent \u00e0 la ville de \u00ab\u00a0<i>tirer les le\u00e7ons de cette gestion calamiteuse du patrimoine arbor\u00e9 du parc de Bonneveine dans un contexte de r\u00e9chauffement climatique et pr\u00e9server le patrimoine arbor\u00e9 existant tout en anticipant les adaptations \u00e0 venir<\/i><i>\u00a0<\/i>\u00bb.<\/p>\n<\/p><\/div>\n<div class=\"intext\"> Concertation et respect des promesses\n              <\/div>\n<div class=\"paragraph\">\n<p>Selon eux, des solutions de sauvegarde auraient permis de sauver une proportion non n\u00e9gligeable des 37 arbres cinquantenaires abattus cette semaine. La promesse municipale de planter 210 arbres de 3 \u00e0 4 m\u00e8tres de haut, soit 140 de plus que les 70 annonc\u00e9s \u00e0 l\u2019origine, ne r\u00e9siste pas au taux d\u2019\u00e9chec de 20% environ. Il faudra au moins 20 ans avant pour remplacer un arbre mature de 20 m\u00e8tres, \u00ab\u00a0<i>sans compter l\u2019impact sur l\u2019habitat de la faune qui compte pr\u00e8s d\u2019une dizaine d\u2019esp\u00e8ces prot\u00e9g\u00e9es<\/i><i>\u00a0<\/i>\u00bb.<\/p>\n<p>Les mesures alternatives n\u2019ont pas \u00e9t\u00e9 r\u00e9ellement \u00e9tudi\u00e9es alors que selon l\u2019ONF V\u00e9g\u00e9tis, filiale de l\u2019ONF, prestataire exclusif de la Ville, montrait d\u00e9j\u00e0 qu\u2019au moins 11 arbres pouvaient encore \u00eatre \u00e9pargn\u00e9s par des tailles de r\u00e9duction. Un arbre proche de l\u2019avenue de Hambourg a m\u00eame \u00e9t\u00e9 abattu alors que le rapport pr\u00e9conisait sa \u00ab<i>\u00a0<\/i><i>surveillance par test de traction dans 2 ans<\/i><i>\u00a0<\/i><i>\u00bb.<\/i><\/p>\n<p><i>\u00ab<\/i><i>\u00a0<\/i><i>La Ville de Marseille ne respecte pas ses promesses<\/i><i>\u00a0<\/i><i>\u00bb,<\/i> cingle le communiqu\u00e9, elle qui s\u2019\u00e9tait engag\u00e9e \u00ab\u00a0<i>verbalement de ne rien faire avant une concertation finale<\/i><i>\u00a0<\/i>\u00bb. \u00ab\u00a0<i>Le pr\u00e9texte donn\u00e9 de la m\u00e9t\u00e9o ne peut justifier le caract\u00e8re pr\u00e9cipit\u00e9 de cette d\u00e9cision.<\/i><i>\u00a0<\/i><i>\u00bb<\/i> Ces arbres fragilis\u00e9s en septembre dernier avaient r\u00e9sist\u00e9 aux pr\u00e9cipitations et forts vents de l\u2019hiver et du printemps dont une temp\u00eate \u00e0 plus de 118 km\/h le 26 mars 2026. Cette r\u00e9sistance contredit dans la vie r\u00e9elle les conclusions des tests de l\u2019ONF V\u00e9g\u00e9tis sur lesquels s\u2019appuie la mairie pour justifier les abattages.<\/p>\n<\/p><\/div>\n","protected":false},"excerpt":{"rendered":"Le groupement baptis&eacute; &laquo;&nbsp;Les amoureux du parc de Bonneveine&nbsp;&raquo; d&eacute;nonce dans un communiqu&eacute; &laquo;&nbsp;l&rsquo;argumentaire s&eacute;curitaire&nbsp;&raquo; de la Ville pour justifier l&rsquo;abattage sans &#8230;","protected":false},"author":1,"featured_media":39858,"comment_status":"open","ping_status":"open","sticky":false,"template":"","format":"standard","meta":{"footnotes":""},"categories":[3923,3926,20],"tags":[4799,10,511,146,5889,3322,2436,1443,16,97,2769,419,1729,1064,1325,88,593,99],"news-destination":[3944],"news-source":[475],"is_homepage":[],"ta_other":[],"class_list":["post-39857","post","type-post","status-publish","format-standard","has-post-thumbnail","hentry","category-accueil-first","category-accueil-merge","category-societe","tag-amoureux","tag-bouches-du-rhone","tag-citoyens","tag-concertation","tag-decision","tag-dialogue","tag-fne","tag-mairie-de-marseille","tag-marseille","tag-patrimoine","tag-printemps","tag-rechauffement-climatique","tag-resistance","tag-riverains","tag-solutions","tag-surveillance","tag-transparence","tag-ville-de-marseille","news-destination-homepage","news-source-website"],"_links":{"self":[{"href":"https:\/\/euapp01.newsmemory.com\/lamarseillaise\/news\/wp-json\/wp\/v2\/posts\/39857","targetHints":{"allow":["GET"]}}],"collection":[{"href":"https:\/\/euapp01.newsmemory.com\/lamarseillaise\/news\/wp-json\/wp\/v2\/posts"}],"about":[{"href":"https:\/\/euapp01.newsmemory.com\/lamarseillaise\/news\/wp-json\/wp\/v2\/types\/post"}],"author":[{"embeddable":true,"href":"https:\/\/euapp01.newsmemory.com\/lamarseillaise\/news\/wp-json\/wp\/v2\/users\/1"}],"replies":[{"embeddable":true,"href":"https:\/\/euapp01.newsmemory.com\/lamarseillaise\/news\/wp-json\/wp\/v2\/comments?post=39857"}],"version-history":[{"count":2,"href":"https:\/\/euapp01.newsmemory.com\/lamarseillaise\/news\/wp-json\/wp\/v2\/posts\/39857\/revisions"}],"predecessor-version":[{"id":39899,"href":"https:\/\/euapp01.newsmemory.com\/lamarseillaise\/news\/wp-json\/wp\/v2\/posts\/39857\/revisions\/39899"}],"wp:featuredmedia":[{"embeddable":true,"href":"https:\/\/euapp01.newsmemory.com\/lamarseillaise\/news\/wp-json\/wp\/v2\/media\/39858"}],"wp:attachment":[{"href":"https:\/\/euapp01.newsmemory.com\/lamarseillaise\/news\/wp-json\/wp\/v2\/media?parent=39857"}],"wp:term":[{"taxonomy":"category","embeddable":true,"href":"https:\/\/euapp01.newsmemory.com\/lamarseillaise\/news\/wp-json\/wp\/v2\/categories?post=39857"},{"taxonomy":"post_tag","embeddable":true,"href":"https:\/\/euapp01.newsmemory.com\/lamarseillaise\/news\/wp-json\/wp\/v2\/tags?post=39857"},{"taxonomy":"news-destination","embeddable":true,"href":"https:\/\/euapp01.newsmemory.com\/lamarseillaise\/news\/wp-json\/wp\/v2\/news-destination?post=39857"},{"taxonomy":"news-source","embeddable":true,"href":"https:\/\/euapp01.newsmemory.com\/lamarseillaise\/news\/wp-json\/wp\/v2\/news-source?post=39857"},{"taxonomy":"is_homepage","embeddable":true,"href":"https:\/\/euapp01.newsmemory.com\/lamarseillaise\/news\/wp-json\/wp\/v2\/is_homepage?post=39857"},{"taxonomy":"ta_other","embeddable":true,"href":"https:\/\/euapp01.newsmemory.com\/lamarseillaise\/news\/wp-json\/wp\/v2\/ta_other?post=39857"}],"curies":[{"name":"wp","href":"https:\/\/api.w.org\/{rel}","templated":true}]}}