{"id":39854,"date":"2026-08-21T10:10:00","date_gmt":"2026-08-21T08:10:00","guid":{"rendered":"https:\/\/euapp01.newsmemory.com\/lamarseillaise\/news\/?p=39854"},"modified":"2026-08-26T08:13:21","modified_gmt":"2026-08-26T06:13:21","slug":"interdire-la-chasse-pour-renaturer-apres-les-feux","status":"publish","type":"post","link":"https:\/\/euapp01.newsmemory.com\/lamarseillaise\/news\/2026\/08\/21\/interdire-la-chasse-pour-renaturer-apres-les-feux\/","title":{"rendered":"Interdire la chasse dans le Var pour renaturer apr\u00e8s les feux"},"content":{"rendered":"<div class=\"paragraph\">\n<p>Depuis d\u00e9but juillet, environ 7\u00a0450\u00a0hectares ont \u00e9t\u00e9 incendi\u00e9s dans le Var, notamment suite \u00e0 l\u2019incendie du Gros Bessillon, qui a ravag\u00e9 le d\u00e9partement pendant plus de 20\u00a0jours. D\u2019apr\u00e8s la pr\u00e9fecture, il \u00ab\u00a0<i>a parcouru 6<\/i><i>\u00a0<\/i><i>300<\/i><i>\u00a0<\/i><i>hectares et a br\u00fbl\u00e9 5<\/i><i>\u00a0<\/i><i>700<\/i><i>\u00a0<\/i><i>hectares sur les communes de Pontev\u00e8s, Correns, Cotignac, Carc\u00e8s, Montfort-sur-Argens, Ch\u00e2teauvert et Barjols<\/i>\u00a0\u00bb.<\/p>\n<p>Afin de faciliter la renaturation, le pr\u00e9fet a annonc\u00e9, ce mercredi 19\u00a0ao\u00fbt, \u00e9tudier un arr\u00eat\u00e9 qui \u00ab\u00a0<i>pr\u00e9voit d\u2019interdire la chasse dans les secteurs bois\u00e9s incendi\u00e9s pour la saison de chasse 2026-2027, qui ouvrira le 13<\/i><i>\u00a0<\/i><i>septembre prochain<\/i><i>\u00a0<\/i>\u00bb. Un pouvoir qui est donn\u00e9 au pr\u00e9fet par le code de l\u2019environnement\u00a0: \u00ab\u00a0<i>En cas de calamit\u00e9 [&#8230;] le pr\u00e9fet peut, pour tout ou partie du d\u00e9partement, suspendre l\u2019exercice de la chasse soit \u00e0 tout gibier, soit \u00e0 certaines esp\u00e8ces de gibier<\/i>\u00a0\u00bb (extrait de l\u2019article R.\u00a0424-3). D\u2019apr\u00e8s la pr\u00e9fecture, \u00ab<i>\u00a0<\/i><i>l\u2019objectif est de favoriser le repeuplement par le petit gibier des zones incendi\u00e9es<\/i>\u00a0\u00bb, afin de retrouver un \u00e9quilibre de l\u2019\u00e9cosyst\u00e8me.<\/p>\n<\/p><\/div>\n<div class=\"intext\"> Une application limit\u00e9e\n              <\/div>\n<div class=\"paragraph\">\n<p>Dans un premier temps, l\u2019arr\u00eat\u00e9 doit \u00eatre \u00e9tudi\u00e9 par les membres de la commission d\u00e9partementale de la chasse et de la faune sauvage. Un comit\u00e9 d\u2019aide \u00e0 la d\u00e9cision compos\u00e9e de diff\u00e9rents repr\u00e9sentants d\u2019acteurs environnementaux et de la chasse. La proposition \u00ab\u00a0<i>est soumise, durant une semaine, \u00e0 la consultation<\/i>\u00a0\u00bb. L\u2019objectif est de d\u00e9battre des modalit\u00e9s d\u2019application et non de savoir si l\u2019arr\u00eat\u00e9 sera promulgu\u00e9.<\/p>\n<p>Si toutes les autres esp\u00e8ces chassables sont concern\u00e9es par l\u2019interdiction, le sanglier, lui, sera exempt\u00e9 \u00ab\u00a0<i>afin de permettre la poursuite de la r\u00e9gulation de la population de sangliers dans le d\u00e9partement<\/i>\u00a0\u00bb. Jug\u00e9 responsable de nombreux d\u00e9g\u00e2ts dans les cultures, il est particuli\u00e8rement nuisible pour une r\u00e9gion viticole entrant dans la p\u00e9riode des vendanges.<\/p>\n<p>Si elle est valid\u00e9e, l\u2019interdiction de la chasse sera valable pour dix jours avant de devoir \u00eatre renouvel\u00e9e.<\/p>\n<\/p><\/div>\n","protected":false},"excerpt":{"rendered":"Depuis d&eacute;but juillet, environ 7&nbsp;450&nbsp;hectares ont &eacute;t&eacute; incendi&eacute;s dans le Var, notamment suite &agrave; l&rsquo;incendie du Gros Bessillon, qui a ravag&eacute; le d&eacute;partement pendant plus de 20&nbsp;jours. &#8230;","protected":false},"author":1,"featured_media":39855,"comment_status":"open","ping_status":"open","sticky":false,"template":"","format":"standard","meta":{"footnotes":""},"categories":[3926,3925,333],"tags":[1062,5876,376,1673,1567,31],"news-destination":[3944],"news-source":[475],"is_homepage":[],"ta_other":[],"class_list":["post-39854","post","type-post","status-publish","format-standard","has-post-thumbnail","hentry","category-accueil-merge","category-accueil-third","category-environnement","tag-arrete","tag-chasse","tag-faune-sauvage","tag-feux","tag-prefet","tag-var","news-destination-homepage","news-source-website"],"_links":{"self":[{"href":"https:\/\/euapp01.newsmemory.com\/lamarseillaise\/news\/wp-json\/wp\/v2\/posts\/39854","targetHints":{"allow":["GET"]}}],"collection":[{"href":"https:\/\/euapp01.newsmemory.com\/lamarseillaise\/news\/wp-json\/wp\/v2\/posts"}],"about":[{"href":"https:\/\/euapp01.newsmemory.com\/lamarseillaise\/news\/wp-json\/wp\/v2\/types\/post"}],"author":[{"embeddable":true,"href":"https:\/\/euapp01.newsmemory.com\/lamarseillaise\/news\/wp-json\/wp\/v2\/users\/1"}],"replies":[{"embeddable":true,"href":"https:\/\/euapp01.newsmemory.com\/lamarseillaise\/news\/wp-json\/wp\/v2\/comments?post=39854"}],"version-history":[{"count":2,"href":"https:\/\/euapp01.newsmemory.com\/lamarseillaise\/news\/wp-json\/wp\/v2\/posts\/39854\/revisions"}],"predecessor-version":[{"id":39902,"href":"https:\/\/euapp01.newsmemory.com\/lamarseillaise\/news\/wp-json\/wp\/v2\/posts\/39854\/revisions\/39902"}],"wp:featuredmedia":[{"embeddable":true,"href":"https:\/\/euapp01.newsmemory.com\/lamarseillaise\/news\/wp-json\/wp\/v2\/media\/39855"}],"wp:attachment":[{"href":"https:\/\/euapp01.newsmemory.com\/lamarseillaise\/news\/wp-json\/wp\/v2\/media?parent=39854"}],"wp:term":[{"taxonomy":"category","embeddable":true,"href":"https:\/\/euapp01.newsmemory.com\/lamarseillaise\/news\/wp-json\/wp\/v2\/categories?post=39854"},{"taxonomy":"post_tag","embeddable":true,"href":"https:\/\/euapp01.newsmemory.com\/lamarseillaise\/news\/wp-json\/wp\/v2\/tags?post=39854"},{"taxonomy":"news-destination","embeddable":true,"href":"https:\/\/euapp01.newsmemory.com\/lamarseillaise\/news\/wp-json\/wp\/v2\/news-destination?post=39854"},{"taxonomy":"news-source","embeddable":true,"href":"https:\/\/euapp01.newsmemory.com\/lamarseillaise\/news\/wp-json\/wp\/v2\/news-source?post=39854"},{"taxonomy":"is_homepage","embeddable":true,"href":"https:\/\/euapp01.newsmemory.com\/lamarseillaise\/news\/wp-json\/wp\/v2\/is_homepage?post=39854"},{"taxonomy":"ta_other","embeddable":true,"href":"https:\/\/euapp01.newsmemory.com\/lamarseillaise\/news\/wp-json\/wp\/v2\/ta_other?post=39854"}],"curies":[{"name":"wp","href":"https:\/\/api.w.org\/{rel}","templated":true}]}}