{"id":39851,"date":"2026-08-21T08:07:00","date_gmt":"2026-08-21T06:07:00","guid":{"rendered":"https:\/\/euapp01.newsmemory.com\/lamarseillaise\/news\/?p=39851"},"modified":"2026-08-26T07:05:59","modified_gmt":"2026-08-26T05:05:59","slug":"la-canicule-a-provoque-48-deces-en-juillet","status":"publish","type":"post","link":"https:\/\/euapp01.newsmemory.com\/lamarseillaise\/news\/2026\/08\/21\/la-canicule-a-provoque-48-deces-en-juillet\/","title":{"rendered":"La canicule a provoqu\u00e9 48&nbsp;d\u00e9c\u00e8s en juillet"},"content":{"rendered":"<div class=\"paragraph\">\n<p>Deux canicules pour le prix d\u2019une et des donn\u00e9es qui font froid dans le dos. Sant\u00e9 Publique France, l\u2019agence nationale de sant\u00e9 publique, a d\u00e9voil\u00e9, ce mercredi et ce jeudi, une s\u00e9rie d\u2019\u00e9tudes sur les canicules estivales et leurs cons\u00e9quences sanitaires.<\/p>\n<p>La premi\u00e8re est \u00ab\u00a0<i>relative \u00e0 l\u2019exc\u00e8s de mortalit\u00e9 observ\u00e9 durant l\u2019\u00e9pisode de canicule du 3<\/i><i>\u00a0<\/i><i>au 22<\/i><i>\u00a0<\/i><i>juillet 2026<\/i><i>\u00a0<\/i>\u00bb. Un \u00e9pisode qui \u00e9tait \u00ab<i>\u00a0<\/i><i>exceptionnel de par sa dur\u00e9e et son \u00e9tendue g\u00e9ographique<\/i>\u00a0\u00bb, rappelle l\u2019organisme, citant notamment les 78\u00a0d\u00e9partements concern\u00e9s pour 78,5% de la population fran\u00e7aise. D\u2019autant que cette canicule a dur\u00e9 la majeure partie du mois, lequel est donc devenu \u00ab\u00a0<i>le plus chaud jamais enregistr\u00e9 en France depuis le d\u00e9but des mesures en<\/i><i>\u00a0<\/i><i>1900<\/i><i>\u00a0<\/i>\u00bb, selon M\u00e9t\u00e9o France cette fois. Reste que la mortalit\u00e9 lors de cette canicule a \u00e9t\u00e9 en \u00ab\u00a0<i>augmentation de 9,2%<\/i><i>\u00a0<\/i>\u00bb par rapport \u00e0 ce qui \u00e9tait pr\u00e9vu. \u00ab<i>\u00a0<\/i><i>1<\/i><i>\u00a0<\/i><i>243<\/i><i>\u00a0<\/i><i>d\u00e9c\u00e8s en exc\u00e8s ont \u00e9t\u00e9 estim\u00e9s<\/i><i>\u00a0<\/i><i>: 14<\/i><i>\u00a0<\/i><i>713<\/i><i>\u00a0<\/i><i>d\u00e9c\u00e8s observ\u00e9s contre 13<\/i><i>\u00a0<\/i><i>470<\/i><i>\u00a0<\/i><i>d\u00e9c\u00e8s attendus<\/i>\u00a0\u00bb, d\u00e9veloppe Sant\u00e9 Publique France, qui s\u2019appuie sur les donn\u00e9es de l\u2019Insee.<\/p>\n<p>Pr\u00e9cisons tout de m\u00eame que son \u00e9tude s\u2019attarde sur la mortalit\u00e9 \u00ab\u00a0toutes causes\u00a0\u00bb, et donc pas directement reli\u00e9e \u00e0 la canicule. Concr\u00e8tement, on d\u00e9compte plus de 1\u00a0200\u00a0morts de plus que ce que les analyses pr\u00e9voyaient pour un mois de juillet classique. D\u2019o\u00f9 le terme \u00ab\u00a0exc\u00e8s de mortalit\u00e9\u00a0\u00bb utilis\u00e9 par l\u2019organisme.<\/p>\n<p>Concernant le profil des d\u00e9c\u00e9d\u00e9s, le point de Sant\u00e9 Publique France pr\u00e9cise que ce sont \u00ab\u00a0<i>les personnes \u00e2g\u00e9es de 75<\/i><i>\u00a0<\/i><i>ans et plus constituent les trois quarts des d\u00e9c\u00e8s de ce bilan provisoire avec au moins 917<\/i><i>\u00a0<\/i><i>d\u00e9c\u00e8s en exc\u00e8s<\/i>\u00a0\u00bb.<\/p>\n<\/p><\/div>\n<div class=\"intext\"> 1\u00a0397\u00a0d\u00e9c\u00e8s observ\u00e9s\n              <\/div>\n<div class=\"paragraph\">\n<p>Et c\u00f4t\u00e9 g\u00e9ographique, \u00ab<i>\u00a0<\/i><i>toutes les r\u00e9gions ont \u00e9t\u00e9 concern\u00e9es par un exc\u00e8s de mortalit\u00e9 toutes causes \u00e0 l\u2019exception de la Corse<\/i><i>\u00a0<\/i>\u00bb. En R\u00e9gion Paca, le nombre de d\u00e9c\u00e8s attendus \u00e9tait de\u00a01\u00a0339 mais il y a eu 1\u00a0397\u00a0d\u00e9c\u00e8s observ\u00e9s. D\u2019o\u00f9 48\u00a0d\u00e9c\u00e8s en exc\u00e8s d\u00e9compt\u00e9s, pla\u00e7ant la r\u00e9gion parmi les moins touch\u00e9es sur ce plan. Elle est bien loin des 236\u00a0morts exc\u00e9dentaires du Pays de la Loire.<\/p>\n<p>Les d\u00e9partements de la R\u00e9gion Sud s\u2019en sortent bien\u00a0: Les Bouches-du-Rh\u00f4ne, le Var, le Vaucluse et les Alpes-de-Haute-Provence ont une \u00ab\u00a0surmortalit\u00e9 relative\u00a0\u00bb qui oscille entre 0\u00a0et 10%, le niveau le plus faible. Le d\u00e9partement des Hautes-Alpes n\u2019a pas \u00e9t\u00e9 consid\u00e9r\u00e9 comme en canicule sur toute la p\u00e9riode et celui des Alpes-Maritimes comme n\u2019ayant pas de surmortalit\u00e9.<\/p>\n<p>Enfin, l\u2019organisme public a sorti une autre \u00e9tude, sur la canicule qui a officiellement pris fin en d\u00e9but de semaine, d\u00e9di\u00e9e \u00e0 la r\u00e9gion Paca et notamment aux recours aux soins sur la p\u00e9riode. \u00ab\u00a0<i>L\u2019analyse au niveau r\u00e9gional des recours aux soins d\u2019urgence indique une stabilit\u00e9 des passages aux urgences, des hospitalisations et des actes SOS M\u00e9decins<\/i><i>\u00a0<\/i>\u00bb, explique Sant\u00e9 Publique France. Avec tout de m\u00eame \u00ab\u00a0une activit\u00e9 en hausse\u00a0\u00bb pour SOS M\u00e9decins sur le week-end du 15\u00a0ao\u00fbt. L\u00e0 encore pour des motifs \u00ab\u00a0toutes causes\u00a0\u00bb donc pas forc\u00e9ment en lien direct avec la chaleur.<\/p>\n<\/p><\/div>\n","protected":false},"excerpt":{"rendered":"Deux canicules pour le prix d&rsquo;une et des donn&eacute;es qui font froid dans le dos. Sant&eacute; Publique France, l&rsquo;agence nationale de sant&eacute; publique, a d&eacute;voil&eacute;, ce mercredi et ce jeudi, une s&eacute;rie &#8230;","protected":false},"author":1,"featured_media":39879,"comment_status":"open","ping_status":"open","sticky":false,"template":"","format":"standard","meta":{"footnotes":""},"categories":[3926,3925,20],"tags":[4467,10,372,1551,4468,292,2031,1761,1943,714,30,6283,6282,1544,171],"news-destination":[3944],"news-source":[475],"is_homepage":[],"ta_other":[],"class_list":["post-39851","post","type-post","status-publish","format-standard","has-post-thumbnail","hentry","category-accueil-merge","category-accueil-third","category-societe","tag-alpes-de-haute-provence","tag-bouches-du-rhone","tag-canicule","tag-chaud","tag-hautes-alpes","tag-medecins","tag-meteo-france","tag-mortalite","tag-personnes-agees","tag-region-sud","tag-sante-publique","tag-sante-publique-france","tag-sos-medecins","tag-urgences","tag-vaucluse","news-destination-homepage","news-source-website"],"_links":{"self":[{"href":"https:\/\/euapp01.newsmemory.com\/lamarseillaise\/news\/wp-json\/wp\/v2\/posts\/39851","targetHints":{"allow":["GET"]}}],"collection":[{"href":"https:\/\/euapp01.newsmemory.com\/lamarseillaise\/news\/wp-json\/wp\/v2\/posts"}],"about":[{"href":"https:\/\/euapp01.newsmemory.com\/lamarseillaise\/news\/wp-json\/wp\/v2\/types\/post"}],"author":[{"embeddable":true,"href":"https:\/\/euapp01.newsmemory.com\/lamarseillaise\/news\/wp-json\/wp\/v2\/users\/1"}],"replies":[{"embeddable":true,"href":"https:\/\/euapp01.newsmemory.com\/lamarseillaise\/news\/wp-json\/wp\/v2\/comments?post=39851"}],"version-history":[{"count":1,"href":"https:\/\/euapp01.newsmemory.com\/lamarseillaise\/news\/wp-json\/wp\/v2\/posts\/39851\/revisions"}],"predecessor-version":[{"id":39853,"href":"https:\/\/euapp01.newsmemory.com\/lamarseillaise\/news\/wp-json\/wp\/v2\/posts\/39851\/revisions\/39853"}],"wp:featuredmedia":[{"embeddable":true,"href":"https:\/\/euapp01.newsmemory.com\/lamarseillaise\/news\/wp-json\/wp\/v2\/media\/39879"}],"wp:attachment":[{"href":"https:\/\/euapp01.newsmemory.com\/lamarseillaise\/news\/wp-json\/wp\/v2\/media?parent=39851"}],"wp:term":[{"taxonomy":"category","embeddable":true,"href":"https:\/\/euapp01.newsmemory.com\/lamarseillaise\/news\/wp-json\/wp\/v2\/categories?post=39851"},{"taxonomy":"post_tag","embeddable":true,"href":"https:\/\/euapp01.newsmemory.com\/lamarseillaise\/news\/wp-json\/wp\/v2\/tags?post=39851"},{"taxonomy":"news-destination","embeddable":true,"href":"https:\/\/euapp01.newsmemory.com\/lamarseillaise\/news\/wp-json\/wp\/v2\/news-destination?post=39851"},{"taxonomy":"news-source","embeddable":true,"href":"https:\/\/euapp01.newsmemory.com\/lamarseillaise\/news\/wp-json\/wp\/v2\/news-source?post=39851"},{"taxonomy":"is_homepage","embeddable":true,"href":"https:\/\/euapp01.newsmemory.com\/lamarseillaise\/news\/wp-json\/wp\/v2\/is_homepage?post=39851"},{"taxonomy":"ta_other","embeddable":true,"href":"https:\/\/euapp01.newsmemory.com\/lamarseillaise\/news\/wp-json\/wp\/v2\/ta_other?post=39851"}],"curies":[{"name":"wp","href":"https:\/\/api.w.org\/{rel}","templated":true}]}}