{"id":39848,"date":"2026-08-21T15:18:00","date_gmt":"2026-08-21T13:18:00","guid":{"rendered":"https:\/\/euapp01.newsmemory.com\/lamarseillaise\/news\/?p=39848"},"modified":"2026-08-26T09:16:50","modified_gmt":"2026-08-26T07:16:50","slug":"plus-de-600-000-eurosde-travaux-dans-les-ecoles","status":"publish","type":"post","link":"https:\/\/euapp01.newsmemory.com\/lamarseillaise\/news\/2026\/08\/21\/plus-de-600-000-eurosde-travaux-dans-les-ecoles\/","title":{"rendered":"Plus de 600&nbsp;000&nbsp;euros de travaux dans les \u00e9coles de Port-Saint-Louis-du-Rh\u00f4ne"},"content":{"rendered":"<div class=\"paragraph\">\n<p>\u00c0 quelques jours de la rentr\u00e9e, les \u00e9coles sont de v\u00e9ritables fourmili\u00e8res. \u00c0 l\u2019int\u00e9rieur, agents et travailleurs s\u2019activent pour que tout soit pr\u00eat lors de l\u2019arriv\u00e9e des \u00e9l\u00e8ves, qui devraient \u00eatre un peu moins de\u00a0900 cette ann\u00e9e. \u00ab\u00a0<i>On profite de la saison estivale pour r\u00e9aliser les gros chantiers, et \u00e0 la fin de l\u2019\u00e9t\u00e9 on fait une tourn\u00e9e avec l\u2019ensemble des services techniques pour voir les avanc\u00e9es, jeter un coup d\u2019\u0153il dans toutes les classes, essayer tous les interrupteurs, les robinets&#8230; pour que les jeunes et les \u00e9quipes \u00e9ducatives rentrent dans les meilleures conditions<\/i><i>\u00a0<\/i>\u00bb, explique Marc Minoretti, adjoint au maire d\u00e9l\u00e9gu\u00e9 aux travaux, au cadre de vie et aux affaires g\u00e9n\u00e9rales.<\/p>\n<p>En\u00a02026,<b> <\/b>606\u00a0000\u00a0euros de travaux ont \u00e9t\u00e9 consacr\u00e9s aux sept \u00e9tablissements primaires et maternels de la commune. Dans le d\u00e9tail, 201\u00a0000\u00a0euros ont \u00e9t\u00e9 allou\u00e9s \u00e0 la climatisation de tous les r\u00e9fectoires, dortoirs et halls. \u00ab\u00a0<i>On avait fait l\u2019isolation thermique par l\u2019ext\u00e9rieur de 4<\/i><i>\u00a0<\/i><i>groupes scolaires il y a deux<\/i><i>\u00a0<\/i><i>ans, ce qui nous a permis de gagner quelques degr\u00e9s mais c\u2019\u00e9tait pas suffisant, <\/i>poursuit l\u2019\u00e9lu.<i> Les clims ont \u00e9t\u00e9 install\u00e9es d\u00e9but juin, avant la premi\u00e8re vague de canicule<\/i><i>\u00a0<\/i>\u00bb.<\/p>\n<p>150\u00a0000\u00a0euros ont \u00e9t\u00e9 d\u00e9di\u00e9s \u00e0 la r\u00e9novation compl\u00e8te de l\u2019ancien logement de fonction de l\u2019\u00e9cole Paul \u00c9luard, d\u00e9sormais d\u00e9di\u00e9 au Rased et au p\u00e9riscolaire, 93\u00a0000\u00a0euros \u00e0 la premi\u00e8re tranche de r\u00e9novation des toitures, et 92\u00a0900\u00a0euros \u00e0 la r\u00e9fection des sols des quatre classes nord de l\u2019\u00e9cole Jules Verne, qui avaient \u00e9t\u00e9 d\u00e9form\u00e9s par les racines des platanes situ\u00e9s \u00e0 proximit\u00e9. 109\u00a0000\u00a0euros suppl\u00e9mentaires sont all\u00e9s \u00e0 l\u2019entretien courant des classes, entre peintures, \u00e9tanch\u00e9it\u00e9, cl\u00f4tures ou encore s\u00e9curisation des acc\u00e8s. La Ville a \u00e9galement fait l\u2019acquisition de 12\u00a0\u00e9crans num\u00e9riques interactifs. \u00ab\u00a0<i>C\u2019est un renouvellement, toutes les classes \u00e9l\u00e9mentaires sont \u00e9quip\u00e9es depuis 5\/6<\/i><i>\u00a0<\/i><i>ans<\/i><i>\u00a0<\/i>\u00bb, pr\u00e9cise Maryline Oxisoglou, adjointe au maire d\u00e9l\u00e9gu\u00e9e \u00e0 l\u2019\u00e9ducation.<\/p>\n<\/p><\/div>\n","protected":false},"excerpt":{"rendered":"&Agrave; quelques jours de la rentr&eacute;e, les &eacute;coles sont de v&eacute;ritables fourmili&egrave;res. &Agrave; l&rsquo;int&eacute;rieur, agents et travailleurs s&rsquo;activent pour que tout soit pr&ecirc;t lors de l&rsquo;arriv&eacute;e &#8230;","protected":false},"author":1,"featured_media":39849,"comment_status":"open","ping_status":"open","sticky":false,"template":"","format":"standard","meta":{"footnotes":""},"categories":[3926,3925,20],"tags":[10,1624,977,1428,411,412,2350,3139,1983,2358,1582,1698,804,166],"news-destination":[3944],"news-source":[475],"is_homepage":[],"ta_other":[],"class_list":["post-39848","post","type-post","status-publish","format-standard","has-post-thumbnail","hentry","category-accueil-merge","category-accueil-third","category-societe","tag-bouches-du-rhone","tag-chantiers","tag-classes","tag-climatisation","tag-ecoles","tag-eleves","tag-peintures","tag-periscolaire","tag-port-saint-louis-du-rhone","tag-primaires","tag-renovation","tag-saison-estivale","tag-scolaires","tag-travaux","news-destination-homepage","news-source-website"],"_links":{"self":[{"href":"https:\/\/euapp01.newsmemory.com\/lamarseillaise\/news\/wp-json\/wp\/v2\/posts\/39848","targetHints":{"allow":["GET"]}}],"collection":[{"href":"https:\/\/euapp01.newsmemory.com\/lamarseillaise\/news\/wp-json\/wp\/v2\/posts"}],"about":[{"href":"https:\/\/euapp01.newsmemory.com\/lamarseillaise\/news\/wp-json\/wp\/v2\/types\/post"}],"author":[{"embeddable":true,"href":"https:\/\/euapp01.newsmemory.com\/lamarseillaise\/news\/wp-json\/wp\/v2\/users\/1"}],"replies":[{"embeddable":true,"href":"https:\/\/euapp01.newsmemory.com\/lamarseillaise\/news\/wp-json\/wp\/v2\/comments?post=39848"}],"version-history":[{"count":2,"href":"https:\/\/euapp01.newsmemory.com\/lamarseillaise\/news\/wp-json\/wp\/v2\/posts\/39848\/revisions"}],"predecessor-version":[{"id":39901,"href":"https:\/\/euapp01.newsmemory.com\/lamarseillaise\/news\/wp-json\/wp\/v2\/posts\/39848\/revisions\/39901"}],"wp:featuredmedia":[{"embeddable":true,"href":"https:\/\/euapp01.newsmemory.com\/lamarseillaise\/news\/wp-json\/wp\/v2\/media\/39849"}],"wp:attachment":[{"href":"https:\/\/euapp01.newsmemory.com\/lamarseillaise\/news\/wp-json\/wp\/v2\/media?parent=39848"}],"wp:term":[{"taxonomy":"category","embeddable":true,"href":"https:\/\/euapp01.newsmemory.com\/lamarseillaise\/news\/wp-json\/wp\/v2\/categories?post=39848"},{"taxonomy":"post_tag","embeddable":true,"href":"https:\/\/euapp01.newsmemory.com\/lamarseillaise\/news\/wp-json\/wp\/v2\/tags?post=39848"},{"taxonomy":"news-destination","embeddable":true,"href":"https:\/\/euapp01.newsmemory.com\/lamarseillaise\/news\/wp-json\/wp\/v2\/news-destination?post=39848"},{"taxonomy":"news-source","embeddable":true,"href":"https:\/\/euapp01.newsmemory.com\/lamarseillaise\/news\/wp-json\/wp\/v2\/news-source?post=39848"},{"taxonomy":"is_homepage","embeddable":true,"href":"https:\/\/euapp01.newsmemory.com\/lamarseillaise\/news\/wp-json\/wp\/v2\/is_homepage?post=39848"},{"taxonomy":"ta_other","embeddable":true,"href":"https:\/\/euapp01.newsmemory.com\/lamarseillaise\/news\/wp-json\/wp\/v2\/ta_other?post=39848"}],"curies":[{"name":"wp","href":"https:\/\/api.w.org\/{rel}","templated":true}]}}