{"id":39845,"date":"2026-08-21T08:46:00","date_gmt":"2026-08-21T06:46:00","guid":{"rendered":"https:\/\/euapp01.newsmemory.com\/lamarseillaise\/news\/?p=39845"},"modified":"2026-08-26T07:33:29","modified_gmt":"2026-08-26T05:33:29","slug":"on-va-creer-une-inegalite-hydraulique","status":"publish","type":"post","link":"https:\/\/euapp01.newsmemory.com\/lamarseillaise\/news\/2026\/08\/21\/on-va-creer-une-inegalite-hydraulique\/","title":{"rendered":"[Entretien] \u00ab&nbsp;On va cr\u00e9er une in\u00e9galit\u00e9 hydraulique avec les digues du Coulon&nbsp;\u00bb"},"content":{"rendered":"<div class=\"paragraph\">\n<p><b>La Marseillaise :<\/b> <b>Vous organisez samedi en fin de journ\u00e9e une balade\/rassemblement \u00e0 Robion pour mettre en avant 17<\/b><b>\u00a0<\/b><b>km d\u2019\u00eelots de fra\u00eecheur. Dans quel but<\/b><b>\u00a0<\/b><b>?<\/b><\/p>\n<p>Pierre Leclerc\u00a0: On souhaite f\u00eater un double tour de force d\u2019avoir r\u00e9ussi \u00e0 d\u00e9poser en 15\u00a0jours deux recours en justice contre deux \u00e9tapes d\u2019expropriations et d\u2019am\u00e9nagements des digues du Coulon. C\u2019est aussi une occasion de se rencontrer entre diff\u00e9rents acteurs associatifs. Enfin, l\u2019id\u00e9e est de faire conna\u00eetre le Coulon bleu, o\u00f9 il y a tout le temps de l\u2019eau l\u2019\u00e9t\u00e9. Ceux qui viendront samedi verront qu\u2019il coule \u00e0 flots, qu\u2019il y a des cascades malgr\u00e9 la s\u00e9cheresse. C\u2019est un privil\u00e8ge d\u2019avoir 17\u00a0kilom\u00e8tres de rivi\u00e8re, en plus \u00e0 l\u2019ombre. Et quand on voit que Cavaillon est promise \u00e0 \u00eatre une des villes les plus insupportables \u00e0 vivre face aux temp\u00e9ratures [selon un classement du <i>Parisien<\/i>], c\u2019est \u00e9tonnant qu\u2019on soit amen\u00e9 \u00e0 raser ces 17\u00a0km.<\/p>\n<p><b>Vous parlez de recours. Sur quoi portent-ils<\/b><b>\u00a0<\/b><b>?<\/b><\/p>\n<p>P.L. : Il y a un premier concernant des expropriations \u00e0 Robion port\u00e9 par trois riverains du Coulon, quartier de la Tengude. L\u2019agglom\u00e9ration Luberon Monts de Vaucluse veut y refaire les digues d\u2019ici \u00e0 20\u00a0ans. Il y a un deuxi\u00e8me recours, beaucoup plus important, avec 5\u00a0associations et 9\u00a0riverains, c\u00f4t\u00e9 Cavaillon, <a rel=\"noopener noreferrer\" href=\"https:\/\/www.lamarseillaise.fr\/environnement\/le-projet-de-digue-sur-le-coulon-vivement-critique-KL16486369\" target=\"_blank\">pour s\u2019opposer au commencement des travaux pr\u00e9vus l\u2019ann\u00e9e prochaine par le SIRC<\/a> (syndicat intercommunautaire rivi\u00e8re Calavon-Coulon). On attaque sur tous les aspects \u00e9cologiques. Les travaux consistent \u00e0 raser des digues existantes pour les remplacer par des digues in\u00e9gales. Parfois on peut admettre, comme sur l\u2019\u00eele de la Barthelasse, un c\u00f4t\u00e9 sacrifi\u00e9 car il est\u00a030, 40\u00a0ou 50\u00a0fois moins peupl\u00e9 que le c\u00f4t\u00e9 prot\u00e9g\u00e9. L\u00e0, on va cr\u00e9er une in\u00e9galit\u00e9 hydraulique aux d\u00e9pens de la population la plus nombreuse, soit environ 900\u00a0personnes, pour prot\u00e9ger, avec une digue dite insubmersible les 200\u00a0hectares du quartier agricole du Gr\u00e8s qui compte 300\u00a0personnes. Au lieu que l\u2019eau aille des deux c\u00f4t\u00e9s, elle n\u2019ira plus que d\u2019un c\u00f4t\u00e9. Tout \u00e7a derri\u00e8re pour obtenir des terrains constructibles.<\/p>\n<p><b><a rel=\"noopener noreferrer\" href=\"https:\/\/www.lamarseillaise.fr\/environnement\/inondations-l-absence-de-plans-est-un-scandale-HN18735031\" target=\"_blank\">Il y a un an, vous alertiez sur l\u2019absence de plan de pr\u00e9vention des risques inondations<\/a> (PPRI) du Coulon aval. Le dossier a depuis \u00e9t\u00e9 relanc\u00e9&#8230;<\/b><\/p>\n<p>P.L. : Oui, alors qu\u2019il date de\u00a02002&#8230; Il devrait y avoir une enqu\u00eate publique \u00e0 la fin de l\u2019ann\u00e9e. On a eu droit \u00e0 une nouvelle consultation avec trois r\u00e9unions publiques en juin assez houleuses. Pour nous ce PPRI reste scandaleux. C\u2019est notre motivation principale \u00e0 l\u2019association depuis 13\u00a0ans\u00a0: il y a des zones inondables totalement cach\u00e9es, des milliers de gens \u00e0 L\u2019Isle-sur-la-Sorgue, au Thor, \u00e0 Ch\u00e2teauneuf-de-Gadagne, \u00e0 Velleron et jusqu\u2019au centre d\u2019Entraigues qui sont inondables et dont le risque est cach\u00e9 dans le PPRI.<\/p>\n<\/p><\/div>\n","protected":false},"excerpt":{"rendered":"La Marseillaise : Vous organisez samedi en fin de journ&eacute;e une balade\/rassemblement &agrave; Robion pour mettre en avant 17&nbsp;km d&rsquo;&icirc;lots de fra&icirc;cheur. Dans quel but&nbsp;?","protected":false},"author":1,"featured_media":39846,"comment_status":"open","ping_status":"open","sticky":false,"template":"","format":"standard","meta":{"footnotes":""},"categories":[3926,3925,333],"tags":[495,4362,1130,171],"news-destination":[3944],"news-source":[475],"is_homepage":[],"ta_other":[],"class_list":["post-39845","post","type-post","status-publish","format-standard","has-post-thumbnail","hentry","category-accueil-merge","category-accueil-third","category-environnement","tag-495","tag-digue","tag-inondations","tag-vaucluse","news-destination-homepage","news-source-website"],"_links":{"self":[{"href":"https:\/\/euapp01.newsmemory.com\/lamarseillaise\/news\/wp-json\/wp\/v2\/posts\/39845","targetHints":{"allow":["GET"]}}],"collection":[{"href":"https:\/\/euapp01.newsmemory.com\/lamarseillaise\/news\/wp-json\/wp\/v2\/posts"}],"about":[{"href":"https:\/\/euapp01.newsmemory.com\/lamarseillaise\/news\/wp-json\/wp\/v2\/types\/post"}],"author":[{"embeddable":true,"href":"https:\/\/euapp01.newsmemory.com\/lamarseillaise\/news\/wp-json\/wp\/v2\/users\/1"}],"replies":[{"embeddable":true,"href":"https:\/\/euapp01.newsmemory.com\/lamarseillaise\/news\/wp-json\/wp\/v2\/comments?post=39845"}],"version-history":[{"count":2,"href":"https:\/\/euapp01.newsmemory.com\/lamarseillaise\/news\/wp-json\/wp\/v2\/posts\/39845\/revisions"}],"predecessor-version":[{"id":39890,"href":"https:\/\/euapp01.newsmemory.com\/lamarseillaise\/news\/wp-json\/wp\/v2\/posts\/39845\/revisions\/39890"}],"wp:featuredmedia":[{"embeddable":true,"href":"https:\/\/euapp01.newsmemory.com\/lamarseillaise\/news\/wp-json\/wp\/v2\/media\/39846"}],"wp:attachment":[{"href":"https:\/\/euapp01.newsmemory.com\/lamarseillaise\/news\/wp-json\/wp\/v2\/media?parent=39845"}],"wp:term":[{"taxonomy":"category","embeddable":true,"href":"https:\/\/euapp01.newsmemory.com\/lamarseillaise\/news\/wp-json\/wp\/v2\/categories?post=39845"},{"taxonomy":"post_tag","embeddable":true,"href":"https:\/\/euapp01.newsmemory.com\/lamarseillaise\/news\/wp-json\/wp\/v2\/tags?post=39845"},{"taxonomy":"news-destination","embeddable":true,"href":"https:\/\/euapp01.newsmemory.com\/lamarseillaise\/news\/wp-json\/wp\/v2\/news-destination?post=39845"},{"taxonomy":"news-source","embeddable":true,"href":"https:\/\/euapp01.newsmemory.com\/lamarseillaise\/news\/wp-json\/wp\/v2\/news-source?post=39845"},{"taxonomy":"is_homepage","embeddable":true,"href":"https:\/\/euapp01.newsmemory.com\/lamarseillaise\/news\/wp-json\/wp\/v2\/is_homepage?post=39845"},{"taxonomy":"ta_other","embeddable":true,"href":"https:\/\/euapp01.newsmemory.com\/lamarseillaise\/news\/wp-json\/wp\/v2\/ta_other?post=39845"}],"curies":[{"name":"wp","href":"https:\/\/api.w.org\/{rel}","templated":true}]}}