{"id":39839,"date":"2026-08-21T07:44:00","date_gmt":"2026-08-21T05:44:00","guid":{"rendered":"https:\/\/euapp01.newsmemory.com\/lamarseillaise\/news\/?p=39839"},"modified":"2026-08-25T09:47:44","modified_gmt":"2026-08-25T07:47:44","slug":"les-france-sont-partis-sur-de-bonnes-bases-a-tholon","status":"publish","type":"post","link":"https:\/\/euapp01.newsmemory.com\/lamarseillaise\/news\/2026\/08\/21\/les-france-sont-partis-sur-de-bonnes-bases-a-tholon\/","title":{"rendered":"Les \u00ab France \u00bb sont partis sur de bonnes bases \u00e0 Tholon"},"content":{"rendered":"<div class=\"paragraph\">\n<p>Mercredi, les conditions \u00e9taient id\u00e9ales pour lancer les courses.<\/p>\n<p>Au lendemain d\u2019une belle c\u00e9r\u00e9monie d\u2019ouverture, le vent s\u2019est lev\u00e9 au bon moment. \u00c0 13h, il oscillait entre 11\u00a0et 15\u00a0n\u0153uds. Parfait pour profiter du plan d\u2019eau de l\u2019\u00e9tang de Berre. Au total 4\u00a0courses ont pu \u00eatre valid\u00e9es pour tout le monde, r\u00e9partis sur 4\u00a0ronds de course. Une belle premi\u00e8re journ\u00e9e de championnat qui lance le rythme.<\/p>\n<p>Cette premi\u00e8re journ\u00e9e a donc \u00e9t\u00e9 un succ\u00e8s sportif. Avec de belles images de jeunes navigateurs tentant de tirer le meilleur parti de leur embarcation et des conditions de mer. Elle a aussi mis en lumi\u00e8re le savoir-faire du Cercle de voile de Martigues.<\/p>\n<\/p><\/div>\n<div class=\"intext\"> Le temps se g\u00e2te\n              <\/div>\n<div class=\"paragraph\">\n<p>Ainsi t\u00e9moigne Pierre Caste. \u00ab\u00a0<i>Nous avons l\u2019honneur d\u2019accueillir ce championnat et, chaque jour, pr\u00e8s de 1<\/i><i>\u00a0<\/i><i>500<\/i><i>\u00a0<\/i><i>personnes foulent notre site<\/i><i>\u00a0<\/i><i>: 900<\/i><i>\u00a0<\/i><i>concurrents sur 10<\/i><i>\u00a0<\/i><i>jours, 500<\/i><i>\u00a0<\/i><i>bateaux sur l\u2019eau, 80<\/i><i>\u00a0<\/i><i>coaches, et pas moins de 150<\/i><i>\u00a0<\/i><i>b\u00e9n\u00e9voles &#8211;<\/i><i>\u00a0<\/i><i>\u00e0 terre comme sur l\u2019eau. Sans oublier l\u2019\u00e9quipe cuisine de 12<\/i><i>\u00a0<\/i><i>personnes, les gardiens, ou encore ceux qui, discr\u00e8tement, ramassent les ordures m\u00e9nag\u00e8res. Ce sont toutes ces petites mains qui rendent cet \u00e9v\u00e9nement possible.<\/i>\u00a0\u00bb<\/p>\n<p>Au-del\u00e0 des chiffres, c\u2019est une philosophie qui guide le club qu\u2019il pr\u00e9side, en digne h\u00e9ritier de Bernard Chable, son pr\u00e9d\u00e9cesseur. \u00ab\u00a0<i>Nous privil\u00e9gions l\u2019accueil, le sourire. Et en g\u00e9n\u00e9ral, le reste suit, car nous avons la chance de disposer d\u2019un plan d\u2019eau superbe<\/i><i>\u00a0<\/i>\u00bb. Une recette qui fonctionne, et qui permet aussi de faire vivre le club au-del\u00e0 de la comp\u00e9tition. \u00ab\u00a0<i>Organiser un tel spectacle, c\u2019est montrer aux Mart\u00e9gaux et Mart\u00e9gales que notre plan d\u2019eau existe, qu\u2019il est accessible pour la comp\u00e9tition, le loisir, le plaisir&#8230; ou m\u00eame la baignade<\/i><i>\u00a0<\/i><i>!<\/i><i>\u00a0<\/i>\u00bb Une qualit\u00e9 d\u2019eau d\u2019ailleurs confirm\u00e9e ce matin m\u00eame par le Gipreb, l\u2019organe de surveillance de l\u2019\u00e9tang.<\/p>\n<p>Derri\u00e8re les coulisses, le Cercle de Voile de Martigues est un acteur cl\u00e9 de la d\u00e9mocratisation de la voile. \u00ab\u00a0<i>Tout au long de l\u2019ann\u00e9e, une douzaine de personnes travaillent avec des scolaires<\/i><i>\u00a0<\/i><i>: lyc\u00e9e, coll\u00e8ges, \u00e9coles. Au total, ce sont 1<\/i><i>\u00a0<\/i><i>000<\/i><i>\u00a0<\/i><i>enfants qui passent par ici.<\/i>\u00a0\u00bb Pour Pierre Caste, ce championnat est donc bien plus qu\u2019une comp\u00e9tition\u00a0: \u00ab\u00a0<i>C\u2019est une carte de visite pour montrer tout ce que notre plan d\u2019eau peut offrir<\/i><i>\u00a0<\/i>\u00bb.<\/p>\n<p>Le temps orageux de la deuxi\u00e8me journ\u00e9e de course a eu raison des manches pr\u00e9vues jeudi. Les organisateurs ont bien tent\u00e9 de lancer les bateaux sur l\u2019eau, mais seuls les ILCA\u00a06, ILCA\u00a07 et les Open\u00a05.70 ont r\u00e9ussi \u00e0 lancer une manche \u00e0 17h45, profitant du vent l\u00e9ger mais stabilis\u00e9.<\/p>\n<p>Ce vendredi le syst\u00e8me orageux devrait \u00eatre moins pr\u00e9sent et le vent devrait se stabiliser pour permettre de lancer les courses pr\u00e9vues. Le premier d\u00e9part possible est pr\u00e9vu \u00e0 11h.<\/p>\n<\/p><\/div>\n","protected":false},"excerpt":{"rendered":"Mercredi, les conditions &eacute;taient id&eacute;ales pour lancer les courses.","protected":false},"author":1,"featured_media":39840,"comment_status":"open","ping_status":"open","sticky":false,"template":"","format":"standard","meta":{"footnotes":""},"categories":[3926,3925,7],"tags":[10,1162,63,1198],"news-destination":[3944],"news-source":[475],"is_homepage":[],"ta_other":[],"class_list":["post-39839","post","type-post","status-publish","format-standard","has-post-thumbnail","hentry","category-accueil-merge","category-accueil-third","category-sports","tag-bouches-du-rhone","tag-championnats","tag-martigues","tag-voile","news-destination-homepage","news-source-website"],"_links":{"self":[{"href":"https:\/\/euapp01.newsmemory.com\/lamarseillaise\/news\/wp-json\/wp\/v2\/posts\/39839","targetHints":{"allow":["GET"]}}],"collection":[{"href":"https:\/\/euapp01.newsmemory.com\/lamarseillaise\/news\/wp-json\/wp\/v2\/posts"}],"about":[{"href":"https:\/\/euapp01.newsmemory.com\/lamarseillaise\/news\/wp-json\/wp\/v2\/types\/post"}],"author":[{"embeddable":true,"href":"https:\/\/euapp01.newsmemory.com\/lamarseillaise\/news\/wp-json\/wp\/v2\/users\/1"}],"replies":[{"embeddable":true,"href":"https:\/\/euapp01.newsmemory.com\/lamarseillaise\/news\/wp-json\/wp\/v2\/comments?post=39839"}],"version-history":[{"count":1,"href":"https:\/\/euapp01.newsmemory.com\/lamarseillaise\/news\/wp-json\/wp\/v2\/posts\/39839\/revisions"}],"predecessor-version":[{"id":39841,"href":"https:\/\/euapp01.newsmemory.com\/lamarseillaise\/news\/wp-json\/wp\/v2\/posts\/39839\/revisions\/39841"}],"wp:featuredmedia":[{"embeddable":true,"href":"https:\/\/euapp01.newsmemory.com\/lamarseillaise\/news\/wp-json\/wp\/v2\/media\/39840"}],"wp:attachment":[{"href":"https:\/\/euapp01.newsmemory.com\/lamarseillaise\/news\/wp-json\/wp\/v2\/media?parent=39839"}],"wp:term":[{"taxonomy":"category","embeddable":true,"href":"https:\/\/euapp01.newsmemory.com\/lamarseillaise\/news\/wp-json\/wp\/v2\/categories?post=39839"},{"taxonomy":"post_tag","embeddable":true,"href":"https:\/\/euapp01.newsmemory.com\/lamarseillaise\/news\/wp-json\/wp\/v2\/tags?post=39839"},{"taxonomy":"news-destination","embeddable":true,"href":"https:\/\/euapp01.newsmemory.com\/lamarseillaise\/news\/wp-json\/wp\/v2\/news-destination?post=39839"},{"taxonomy":"news-source","embeddable":true,"href":"https:\/\/euapp01.newsmemory.com\/lamarseillaise\/news\/wp-json\/wp\/v2\/news-source?post=39839"},{"taxonomy":"is_homepage","embeddable":true,"href":"https:\/\/euapp01.newsmemory.com\/lamarseillaise\/news\/wp-json\/wp\/v2\/is_homepage?post=39839"},{"taxonomy":"ta_other","embeddable":true,"href":"https:\/\/euapp01.newsmemory.com\/lamarseillaise\/news\/wp-json\/wp\/v2\/ta_other?post=39839"}],"curies":[{"name":"wp","href":"https:\/\/api.w.org\/{rel}","templated":true}]}}