{"id":39836,"date":"2026-08-21T08:22:00","date_gmt":"2026-08-21T06:22:00","guid":{"rendered":"https:\/\/euapp01.newsmemory.com\/lamarseillaise\/news\/?p=39836"},"modified":"2026-08-26T07:19:28","modified_gmt":"2026-08-26T05:19:28","slug":"le-projet-dhotel-de-luxe-sort-renforce-de-la-consultation","status":"publish","type":"post","link":"https:\/\/euapp01.newsmemory.com\/lamarseillaise\/news\/2026\/08\/21\/le-projet-dhotel-de-luxe-sort-renforce-de-la-consultation\/","title":{"rendered":"Le projet d\u2019h\u00f4tel de luxe \u00e0 Orange sort renforc\u00e9 de la consultation"},"content":{"rendered":"<div class=\"paragraph\">\n<p>G\u00e9n\u00e9ralement, les consultations ou enqu\u00eates publiques ne passionnent gu\u00e8re les foules. Le projet Orange baie des Princes en a \u00e9t\u00e9 le parfait contre-exemple. Il faut dire que la construction d\u2019un h\u00f4tel de luxe sur une ancienne carri\u00e8re dans la colline Saint-Eutrope coche toutes les cases d\u2019un br\u00fblant sujet. <a rel=\"noopener noreferrer\" href=\"https:\/\/www.lamarseillaise.fr\/societe\/a-orange-un-projet-hotelier-de-luxe-fait-bondir-les-riverains-OA20571618\" target=\"_blank\">Pour rappel (notre \u00e9dition du 6\u00a0ao\u00fbt), le promoteur Immobilis<\/a> compte, sur cette friche industrielle de 15\u00a0ha, b\u00e2tir 5\u00a0\u00eelots (1,75\u00a0ha au total sera artificialis\u00e9) et implanter un h\u00f4tel de 180\u00a0chambres, un h\u00f4tel d\u2019entreprises, une r\u00e9sidence seniors et une autre dite \u00ab\u00a0<i>\u00e9co-touristique, cyclo-touristique, oeno-touristique<\/i>\u00a0\u00bb et enfin un spa.<\/p>\n<p>Un projet dans les cartons depuis 15\u00a0ans qui vient de faire l\u2019objet d\u2019une vive consultation du public lors d\u2019un trimestre, achev\u00e9e le 31\u00a0juillet. Contrairement \u00e0 l\u2019enqu\u00eate publique o\u00f9 le commissaire enqu\u00eateur doit donner un avis qui agit comme s\u00e9same \u00e0 la validation d\u2019un permis de construire, la consultation est une premi\u00e8re \u00e9tape en vue d\u2019un permis d\u2019am\u00e9nager et d\u2019une autorisation environnementale. Au total, 1\u00a0947\u00a0contributions ont \u00e9t\u00e9 apport\u00e9es. \u00ab\u00a0<i>Cette consultation du public s\u2019est d\u00e9roul\u00e9e dans un climat tr\u00e8s houleux et il faut bien le dire assez p\u00e9nible<\/i><i>\u00a0<\/i>\u00bb, r\u00e9sume, sur la forme, le commissaire enqu\u00eateur Bruno Espieux.<\/p>\n<\/p><\/div>\n<div class=\"intext\"> La mairie ne se positionne pas encore\n              <\/div>\n<div class=\"paragraph\">\n<p>Quant au fond, ses conclusions viennent plut\u00f4t approuver le dossier. \u00ab<i>\u00a0<\/i><i>Ce projet est lourdement attaqu\u00e9 en ce qu\u2019il porterait gravement atteinte \u00e0 la biodiversit\u00e9<\/i>\u00a0\u00bb, rel\u00e8ve-t-il. Or, \u00ab\u00a0<i>le dossier ne permet absolument pas de conclure que ce projet va se traduire par un saccage de la biodiversit\u00e9, bien au contraire<\/i>\u00a0\u00bb. Le commissaire enqu\u00eateur se fonde sur une \u00ab\u00a0<i>masse documentaire tr\u00e8s volumineuse, qui a fait l\u2019objet d\u2019analyse par les autorit\u00e9s publiques<\/i><i>\u00a0<\/i>\u00bb qui n\u2019ont \u00e9mis \u00ab\u00a0<i>aucun avis n\u00e9gatif<\/i>\u00a0\u00bb, abonde-t-il. Toutefois, Bruno Espieux estime que \u00ab\u00a0<i>plusieurs questions m\u00e9ritent d\u2019\u00eatre \u00e9claircies<\/i>\u00a0\u00bb. Il formule ainsi trois sortes de r\u00e9serves, pointant \u00ab\u00a0<i>le risque inondation et la question du tunnel de la Mine<\/i>\u00a0\u00bb, le \u00ab<i>\u00a0<\/i><i>risque \u00e9boulement<\/i><i>\u00a0<\/i>\u00bb avec des \u00e9tudes compl\u00e9mentaires souhait\u00e9es et, enfin, la question du parking et circulation.<\/p>\n<p>\u00ab<i>\u00a0<\/i><i>Nous retenons de ces conclusions un avis de fond tr\u00e8s favorable<\/i>\u00a0\u00bb, se r\u00e9jouit, aupr\u00e8s de <i>La<\/i><i>\u00a0<\/i><i>Provence<\/i>, Emmanuel Purpan, porteur du projet pour Immobilis, assurant que les trois points soulev\u00e9s font d\u00e9j\u00e0 l\u2019objet \u00ab<i>\u00a0<\/i><i>de travaux engag\u00e9s par nos \u00e9quipes<\/i>\u00a0\u00bb. C\u00f4t\u00e9 opposants, comme l\u2019Association de d\u00e9fense de l\u2019environnement orangeois (Adeo), son pr\u00e9sident Thierry Jaumard n\u2019est pas \u00ab\u00a0<i>\u00e9tonn\u00e9<\/i>\u00a0\u00bb de l\u2019avis bien qu\u2019il se satisfasse \u00ab\u00a0<i>de voir aborder la question du tunnel de la Mine qui n\u2019est pas r\u00e9pertori\u00e9 et entretenu et doit absorber toute l\u2019eau<\/i><i>\u00a0<\/i>\u00bb. Tout le monde attend d\u00e9sormais la position du maire Jean-Dominique Artaud (RN). Il reste toujours sur la r\u00e9serve quand la pr\u00e9c\u00e9dente majorit\u00e9 Bompard, \u00e0 laquelle il a longtemps appartenu, soutenait le promoteur.<\/p>\n<\/p><\/div>\n","protected":false},"excerpt":{"rendered":"G&eacute;n&eacute;ralement, les consultations ou enqu&ecirc;tes publiques ne passionnent gu&egrave;re les foules. Le projet Orange baie des Princes en a &eacute;t&eacute; le parfait contre-exemple. Il faut dire que la construction d&rsquo;un &#8230;","protected":false},"author":1,"featured_media":39837,"comment_status":"open","ping_status":"open","sticky":false,"template":"","format":"standard","meta":{"footnotes":""},"categories":[3926,3925,333],"tags":[495,354,4010,4018,171],"news-destination":[3944],"news-source":[475],"is_homepage":[],"ta_other":[],"class_list":["post-39836","post","type-post","status-publish","format-standard","has-post-thumbnail","hentry","category-accueil-merge","category-accueil-third","category-environnement","tag-495","tag-biodiveriste","tag-friche-urbaine","tag-hotel","tag-vaucluse","news-destination-homepage","news-source-website"],"_links":{"self":[{"href":"https:\/\/euapp01.newsmemory.com\/lamarseillaise\/news\/wp-json\/wp\/v2\/posts\/39836","targetHints":{"allow":["GET"]}}],"collection":[{"href":"https:\/\/euapp01.newsmemory.com\/lamarseillaise\/news\/wp-json\/wp\/v2\/posts"}],"about":[{"href":"https:\/\/euapp01.newsmemory.com\/lamarseillaise\/news\/wp-json\/wp\/v2\/types\/post"}],"author":[{"embeddable":true,"href":"https:\/\/euapp01.newsmemory.com\/lamarseillaise\/news\/wp-json\/wp\/v2\/users\/1"}],"replies":[{"embeddable":true,"href":"https:\/\/euapp01.newsmemory.com\/lamarseillaise\/news\/wp-json\/wp\/v2\/comments?post=39836"}],"version-history":[{"count":2,"href":"https:\/\/euapp01.newsmemory.com\/lamarseillaise\/news\/wp-json\/wp\/v2\/posts\/39836\/revisions"}],"predecessor-version":[{"id":39882,"href":"https:\/\/euapp01.newsmemory.com\/lamarseillaise\/news\/wp-json\/wp\/v2\/posts\/39836\/revisions\/39882"}],"wp:featuredmedia":[{"embeddable":true,"href":"https:\/\/euapp01.newsmemory.com\/lamarseillaise\/news\/wp-json\/wp\/v2\/media\/39837"}],"wp:attachment":[{"href":"https:\/\/euapp01.newsmemory.com\/lamarseillaise\/news\/wp-json\/wp\/v2\/media?parent=39836"}],"wp:term":[{"taxonomy":"category","embeddable":true,"href":"https:\/\/euapp01.newsmemory.com\/lamarseillaise\/news\/wp-json\/wp\/v2\/categories?post=39836"},{"taxonomy":"post_tag","embeddable":true,"href":"https:\/\/euapp01.newsmemory.com\/lamarseillaise\/news\/wp-json\/wp\/v2\/tags?post=39836"},{"taxonomy":"news-destination","embeddable":true,"href":"https:\/\/euapp01.newsmemory.com\/lamarseillaise\/news\/wp-json\/wp\/v2\/news-destination?post=39836"},{"taxonomy":"news-source","embeddable":true,"href":"https:\/\/euapp01.newsmemory.com\/lamarseillaise\/news\/wp-json\/wp\/v2\/news-source?post=39836"},{"taxonomy":"is_homepage","embeddable":true,"href":"https:\/\/euapp01.newsmemory.com\/lamarseillaise\/news\/wp-json\/wp\/v2\/is_homepage?post=39836"},{"taxonomy":"ta_other","embeddable":true,"href":"https:\/\/euapp01.newsmemory.com\/lamarseillaise\/news\/wp-json\/wp\/v2\/ta_other?post=39836"}],"curies":[{"name":"wp","href":"https:\/\/api.w.org\/{rel}","templated":true}]}}