{"id":39833,"date":"2026-08-21T07:36:00","date_gmt":"2026-08-21T05:36:00","guid":{"rendered":"https:\/\/euapp01.newsmemory.com\/lamarseillaise\/news\/?p=39833"},"modified":"2026-08-25T09:08:03","modified_gmt":"2026-08-25T07:08:03","slug":"le-pcf-porte-la-solidarite-en-faveur-des-sinistres-des-incendies","status":"publish","type":"post","link":"https:\/\/euapp01.newsmemory.com\/lamarseillaise\/news\/2026\/08\/21\/le-pcf-porte-la-solidarite-en-faveur-des-sinistres-des-incendies\/","title":{"rendered":"Le PCF porte la solidarit\u00e9 en faveur des sinistr\u00e9s des incendies"},"content":{"rendered":"<div class=\"paragraph\">\n<p>Pas de tr\u00eave estivale pour les communistes varois qui continuent malgr\u00e9 la canicule \u00e0 mener la bataille des id\u00e9es sur les march\u00e9s du territoire au plus pr\u00e8s des touristes et des habitants. Le premier objectif aujourd\u2019hui \u00e9tant de venir en aide aux sinistr\u00e9s des incendies par une collecte de fonds men\u00e9e de concert avec le Secours populaire. Mais aussi d\u2019entamer une r\u00e9flexion globale avec la population sur les manques dont a p\u00e2ti la s\u00e9curit\u00e9 civile pour effectuer correctement ses missions d\u2019int\u00e9r\u00eat public et sur l\u2019urgence de lui accorder des moyens correspondant aux enjeux.<\/p>\n<p>Toutes les sections sont sur le coup, celles du haut et moyen Var en particulier, mais pas que, puisque les initiatives se multiplient aussi sur la c\u00f4te explique Romaric Baudier pour la f\u00e9d\u00e9ration varoise.<\/p>\n<p>Et de poursuivre\u00a0: \u00ab\u00a0<i>Nous recevons un accueil tr\u00e8s positif et nos propositions, compte tenu du contexte et de l\u2019\u00e9t\u00e9 que nous passons, parlent \u00e0 beaucoup de nos concitoyens qui ont touch\u00e9 du doigt ce \u00e0 quoi nous am\u00e8ne l\u2019aust\u00e9rit\u00e9 territoriale, une gestion de la crise qui n\u2019a pas \u00e9t\u00e9 du tout \u00e0 la hauteur parce qu\u2019il manque des moyens<\/i><i>\u00a0<\/i>\u00bb.<\/p>\n<\/p><\/div>\n<div class=\"intext\"> Une autre politique\n              <\/div>\n<div class=\"paragraph\">\n<p>Une d\u00e9marche, ajoute-t-il, qui est per\u00e7ue comme s\u00e9rieuse. Ce qui permet aux militants d\u2019aller plus loin et de mettre en avant les propositions port\u00e9es par le PCF. \u00ab\u00a0<i>Lorsqu\u2019on parle par exemple avec eux de l\u2019indemnisation des particuliers ou des exploitants agricoles on est \u00e9cout\u00e9s, c\u2019est du concret et \u00e7a nous permet d\u2019aborder le r\u00f4le qu\u2019aurait un p\u00f4le public bancaire<\/i><i>\u00a0<\/i>\u00bb, reprend le responsable communiste.<\/p>\n<p>\u00ab\u00a0<i>C\u2019est une question sur laquelle on nous aurait ri au nez y a quelque temps, mais qui maintenant peut prendre tout son sens, surtout quand on sait que les feux de for\u00eat vont se multiplier dans les ann\u00e9es \u00e0 venir<\/i>\u00a0\u00bb, analyse-t-il.<\/p>\n<p>Un p\u00f4le public bancaire, coupl\u00e9 \u00e0 un p\u00f4le public assurantiel, qui permettrait, pr\u00e9cise Romaric Baudier d\u2019offrir une s\u00e9curit\u00e9 avec des indemnisations \u00e0 la hauteur r\u00e9elle des pertes. Et de pr\u00e9venir\u00a0: \u00ab\u00a0<i>Parce que ce qui va se passer l\u00e0, c\u2019est que notamment, les petits exploitants vont se retrouver sur le tapis, acculer \u00e0 vendre \u00e0 de grands propri\u00e9taires terriens. On sait que les grands groupes, comme LVMH rach\u00e8tent \u00e9norm\u00e9ment de terres dans le Var&#8230;<\/i><i>\u00a0<\/i>\u00bb<\/p>\n<p>L\u2019occasion \u00e9galement de mettre sur la table la question du financement des Services d\u00e9partementaux d\u2019incendie et de secours (Sdis) mais aussi r\u00e9fl\u00e9chir \u00e0 la propri\u00e9t\u00e9 des for\u00eats, leur entretien et le maintien des activit\u00e9s agricoles aussi, l\u2019\u00e9cop\u00e2turage ou l\u2019entretien des pare-feu.<\/p>\n<p>Une ambition port\u00e9e par le PCF qui n\u2019est pas conciliable avec la perte de 25% des effectifs de l\u2019ONF et avec des sapeurs-pompiers professionnels en nombre insuffisant. \u00ab\u00a0<i>Nous sommes parmi les pays europ\u00e9ens, l\u2019un des pays qui en a le moins en proportion de sa population<\/i><i>\u00a0<\/i>\u00bb, conclut le militant qui nous r\u00e9pond en pleine distribution de tracts dans les bo\u00eetes aux lettres de la cit\u00e9 de la Rouve, \u00e0 La Seyne.<\/p>\n<\/p><\/div>\n","protected":false},"excerpt":{"rendered":"Pas de tr&ecirc;ve estivale pour les communistes varois qui continuent malgr&eacute; la canicule &agrave; mener la bataille des id&eacute;es sur les march&eacute;s du territoire au plus pr&egrave;s des touristes et des habitants. Le premier objectif &#8230;","protected":false},"author":1,"featured_media":39834,"comment_status":"open","ping_status":"open","sticky":false,"template":"","format":"standard","meta":{"footnotes":""},"categories":[3926,3925,330],"tags":[250,31],"news-destination":[3944],"news-source":[475],"is_homepage":[],"ta_other":[],"class_list":["post-39833","post","type-post","status-publish","format-standard","has-post-thumbnail","hentry","category-accueil-merge","category-accueil-third","category-politique","tag-pcf","tag-var","news-destination-homepage","news-source-website"],"_links":{"self":[{"href":"https:\/\/euapp01.newsmemory.com\/lamarseillaise\/news\/wp-json\/wp\/v2\/posts\/39833","targetHints":{"allow":["GET"]}}],"collection":[{"href":"https:\/\/euapp01.newsmemory.com\/lamarseillaise\/news\/wp-json\/wp\/v2\/posts"}],"about":[{"href":"https:\/\/euapp01.newsmemory.com\/lamarseillaise\/news\/wp-json\/wp\/v2\/types\/post"}],"author":[{"embeddable":true,"href":"https:\/\/euapp01.newsmemory.com\/lamarseillaise\/news\/wp-json\/wp\/v2\/users\/1"}],"replies":[{"embeddable":true,"href":"https:\/\/euapp01.newsmemory.com\/lamarseillaise\/news\/wp-json\/wp\/v2\/comments?post=39833"}],"version-history":[{"count":1,"href":"https:\/\/euapp01.newsmemory.com\/lamarseillaise\/news\/wp-json\/wp\/v2\/posts\/39833\/revisions"}],"predecessor-version":[{"id":39835,"href":"https:\/\/euapp01.newsmemory.com\/lamarseillaise\/news\/wp-json\/wp\/v2\/posts\/39833\/revisions\/39835"}],"wp:featuredmedia":[{"embeddable":true,"href":"https:\/\/euapp01.newsmemory.com\/lamarseillaise\/news\/wp-json\/wp\/v2\/media\/39834"}],"wp:attachment":[{"href":"https:\/\/euapp01.newsmemory.com\/lamarseillaise\/news\/wp-json\/wp\/v2\/media?parent=39833"}],"wp:term":[{"taxonomy":"category","embeddable":true,"href":"https:\/\/euapp01.newsmemory.com\/lamarseillaise\/news\/wp-json\/wp\/v2\/categories?post=39833"},{"taxonomy":"post_tag","embeddable":true,"href":"https:\/\/euapp01.newsmemory.com\/lamarseillaise\/news\/wp-json\/wp\/v2\/tags?post=39833"},{"taxonomy":"news-destination","embeddable":true,"href":"https:\/\/euapp01.newsmemory.com\/lamarseillaise\/news\/wp-json\/wp\/v2\/news-destination?post=39833"},{"taxonomy":"news-source","embeddable":true,"href":"https:\/\/euapp01.newsmemory.com\/lamarseillaise\/news\/wp-json\/wp\/v2\/news-source?post=39833"},{"taxonomy":"is_homepage","embeddable":true,"href":"https:\/\/euapp01.newsmemory.com\/lamarseillaise\/news\/wp-json\/wp\/v2\/is_homepage?post=39833"},{"taxonomy":"ta_other","embeddable":true,"href":"https:\/\/euapp01.newsmemory.com\/lamarseillaise\/news\/wp-json\/wp\/v2\/ta_other?post=39833"}],"curies":[{"name":"wp","href":"https:\/\/api.w.org\/{rel}","templated":true}]}}