{"id":39830,"date":"2026-08-21T07:25:00","date_gmt":"2026-08-21T05:25:00","guid":{"rendered":"https:\/\/euapp01.newsmemory.com\/lamarseillaise\/news\/?p=39830"},"modified":"2026-08-25T08:54:18","modified_gmt":"2026-08-25T06:54:18","slug":"feroces-affrontements-a-venir-derriere-le-paris-saint-germain","status":"publish","type":"post","link":"https:\/\/euapp01.newsmemory.com\/lamarseillaise\/news\/2026\/08\/21\/feroces-affrontements-a-venir-derriere-le-paris-saint-germain\/","title":{"rendered":"F\u00e9roces affrontements \u00e0 venir derri\u00e8re le Paris Saint-Germain"},"content":{"rendered":"<div class=\"paragraph\">\n<p>Qui d\u2019autre, finalement\u00a0? Si l\u2019on demande \u00e0 100\u00a0personnes qui remportera la Ligue\u00a01 en fin de saison, ils sont sans doute\u00a099 \u00e0 r\u00e9pondre le Paris Saint-Germain. L\u2019\u00e9vidence est nette, il est difficile d\u2019imaginer une \u00e9quipe autre que celle de la Capitale soulever le troph\u00e9e en mai prochain. Lens, Monaco, Lille, Rennes, Marseille et Lyon font tous figure d\u2019outsiders, mais voir l\u2019une de ces formations imiter les Mon\u00e9gasques et Lillois, victorieux en\u00a02017 et\u00a02021, para\u00eet simplement utopique.<\/p>\n<p>Les hommes de Luis Enrique foncent donc vers un 15<sup>e<\/sup>\u00a0titre national alors que la saison n\u2019a pas encore d\u00e9but\u00e9. Le fait de pouvoir aligner deux \u00e9quipes de tr\u00e8s haut niveau facilite les choses, surtout dans le championnat de France. Finalement, le suiveur lambda de la Ligue\u00a01 ne se demande pas qui gagnera \u00e0 la fin, mais quels records peut battre ce PSG double vainqueur de la Ligue des Champions. Les Parisiens courent apr\u00e8s le record d\u2019invincibilit\u00e9 sur une saison du FC Nantes de Jean-Claude Suaudeau et un autre challenge semble int\u00e9ressant \u00e0 r\u00e9aliser. 16\u00a0victoires d\u2019affil\u00e9e en\u00a02017, l\u2019AS\u00a0Monaco de Falcao, Mbapp\u00e9, Bernardo Silva et Fabinho avait frapp\u00e9 fort pour aller subtiliser la premi\u00e8re place \u00e0 Paris.<\/p>\n<p>Derri\u00e8re le mastodonte et sa pellet\u00e9e de stars, la lutte pour le podium sera intense et ind\u00e9cise, comme ce fut le cas en\u00a02025-2026. M\u00eame avec une boule de cristal ou autres pouvoirs divins, impossible de pr\u00e9dire avec justesse l\u2019ordre du classement final. Changement de coach, ventes de piliers de l\u2019effectif et pourtant, le RC Lens nous laisse croire que rien n\u2019a chang\u00e9 sur ce d\u00e9but de saison. Vainqueur du Troph\u00e9e des Champions, dimanche dernier, face au PSG (1-0), les Sang et Or ont pos\u00e9 leurs tripes sur la pelouse de Bollaert, montrant que l\u2019\u00e9t\u00e9 n\u2019avait pas \u00e9vapor\u00e9 leur sens du collectif. La principale inconnue concernant le RCL repose sur l\u2019encha\u00eenement de matches puisque la Ligue des Champions est de retour dans le bassin minier.<\/p>\n<p>Si les Lensois ont une bonne t\u00eate de dauphins des Parisiens, l\u2019incertitude est totale derri\u00e8re. Monaco est une \u00e9quipe difficilement lisible \u00e0 l\u2019instant\u00a0T, Lyon est encore dans le brouillard sur ses capacit\u00e9s, le Lille de Davide Ancelotti doit encore se d\u00e9couvrir, Rennes para\u00eet emballant, mais les derniers mercatos estivaux ont laiss\u00e9 cette impression sans que les r\u00e9sultats suivent ensuite. Et puis il y a l\u2019OM. Les Marseillais sont sans recrue \u00e0 pr\u00e9sent, in\u00e9vitablement sans\u00a0C1 cette saison et ils doivent se serrer la ceinture sans brider leurs ambitions de retrouver la plus grande des comp\u00e9titions de clubs en fin d\u2019exercice.<\/p>\n<\/p><\/div>\n<div class=\"intext\"> Valse \u00e0 12\u00a0t\u00eates<br \/>\n               <br \/>sur les bancs de Ligue\u00a01\n              <\/div>\n<div class=\"paragraph\">\n<p>Globalement, les deux tiers de la Ligue\u00a01 plongent dans l\u2019inconnu puisque douze clubs sur dix-huit ont chang\u00e9 leur entra\u00eeneur durant l\u2019intersaison. Olivier Pantaloni est pass\u00e9 de Lorient \u00e0 Nice, Bruno Genesio de Lille \u00e0 Marseille et des techniciens \u00e9trangers vont d\u00e9couvrir le championnat. Dino Toppm\u00f6ller arrive \u00e0 Lens alors que le Norv\u00e9gien Jens Berthel Askou d\u00e9barque \u00e0 Toulouse, en provenance de Motherwell (\u00c9cosse). N\u2019oublions pas Brest, tout le club \u00e9tant orphelin d\u2019Eric Roy, parti trop t\u00f4t. Son humanit\u00e9 et sa passion du football manqueront, son ancien adjoint, Julien Lachuer, a la lourde t\u00e2che de prendre la suite.<\/p>\n<p>En bas de tableau, la peur flotte au-dessus de certaines t\u00eates. Les promus Troyes et Le\u00a0Mans sont ambitieux et ont bien l\u2019intention de conserver leur place dans l\u2019\u00e9lite du football fran\u00e7ais. Un peloton d\u2019\u00e9quipes pourrait donc se battre pour ne pas retomber en Ligue\u00a02. Auxerre et Nice l\u2019ont \u00e9chapp\u00e9 belle l\u2019an pass\u00e9 et sont attendus \u00e0 un niveau plus \u00e9lev\u00e9, Le\u00a0Havre et Angers seront sans doute de cette bataille et Brest tentera de ne pas l\u2019\u00eatre. Peu importe l\u2019ambition, ce nouvel \u00e9pisode de la ligue des talents s\u2019annonce palpitant de haut en bas.<\/p>\n<\/p><\/div>\n","protected":false},"excerpt":{"rendered":"Qui d&rsquo;autre, finalement&nbsp;? Si l&rsquo;on demande &agrave; 100&nbsp;personnes qui remportera la Ligue&nbsp;1 en fin de saison, ils sont sans doute&nbsp;99 &agrave; r&eacute;pondre le Paris Saint-Germain. L&rsquo;&eacute;vidence est nette, &#8230;","protected":false},"author":1,"featured_media":39831,"comment_status":"open","ping_status":"open","sticky":false,"template":"","format":"standard","meta":{"footnotes":""},"categories":[3926,3925,7],"tags":[13,572,1153,14],"news-destination":[3944],"news-source":[475],"is_homepage":[],"ta_other":[],"class_list":["post-39830","post","type-post","status-publish","format-standard","has-post-thumbnail","hentry","category-accueil-merge","category-accueil-third","category-sports","tag-football","tag-france","tag-ligue-1","tag-om","news-destination-homepage","news-source-website"],"_links":{"self":[{"href":"https:\/\/euapp01.newsmemory.com\/lamarseillaise\/news\/wp-json\/wp\/v2\/posts\/39830","targetHints":{"allow":["GET"]}}],"collection":[{"href":"https:\/\/euapp01.newsmemory.com\/lamarseillaise\/news\/wp-json\/wp\/v2\/posts"}],"about":[{"href":"https:\/\/euapp01.newsmemory.com\/lamarseillaise\/news\/wp-json\/wp\/v2\/types\/post"}],"author":[{"embeddable":true,"href":"https:\/\/euapp01.newsmemory.com\/lamarseillaise\/news\/wp-json\/wp\/v2\/users\/1"}],"replies":[{"embeddable":true,"href":"https:\/\/euapp01.newsmemory.com\/lamarseillaise\/news\/wp-json\/wp\/v2\/comments?post=39830"}],"version-history":[{"count":1,"href":"https:\/\/euapp01.newsmemory.com\/lamarseillaise\/news\/wp-json\/wp\/v2\/posts\/39830\/revisions"}],"predecessor-version":[{"id":39832,"href":"https:\/\/euapp01.newsmemory.com\/lamarseillaise\/news\/wp-json\/wp\/v2\/posts\/39830\/revisions\/39832"}],"wp:featuredmedia":[{"embeddable":true,"href":"https:\/\/euapp01.newsmemory.com\/lamarseillaise\/news\/wp-json\/wp\/v2\/media\/39831"}],"wp:attachment":[{"href":"https:\/\/euapp01.newsmemory.com\/lamarseillaise\/news\/wp-json\/wp\/v2\/media?parent=39830"}],"wp:term":[{"taxonomy":"category","embeddable":true,"href":"https:\/\/euapp01.newsmemory.com\/lamarseillaise\/news\/wp-json\/wp\/v2\/categories?post=39830"},{"taxonomy":"post_tag","embeddable":true,"href":"https:\/\/euapp01.newsmemory.com\/lamarseillaise\/news\/wp-json\/wp\/v2\/tags?post=39830"},{"taxonomy":"news-destination","embeddable":true,"href":"https:\/\/euapp01.newsmemory.com\/lamarseillaise\/news\/wp-json\/wp\/v2\/news-destination?post=39830"},{"taxonomy":"news-source","embeddable":true,"href":"https:\/\/euapp01.newsmemory.com\/lamarseillaise\/news\/wp-json\/wp\/v2\/news-source?post=39830"},{"taxonomy":"is_homepage","embeddable":true,"href":"https:\/\/euapp01.newsmemory.com\/lamarseillaise\/news\/wp-json\/wp\/v2\/is_homepage?post=39830"},{"taxonomy":"ta_other","embeddable":true,"href":"https:\/\/euapp01.newsmemory.com\/lamarseillaise\/news\/wp-json\/wp\/v2\/ta_other?post=39830"}],"curies":[{"name":"wp","href":"https:\/\/api.w.org\/{rel}","templated":true}]}}