{"id":39827,"date":"2026-08-21T08:06:00","date_gmt":"2026-08-21T06:06:00","guid":{"rendered":"https:\/\/euapp01.newsmemory.com\/lamarseillaise\/news\/?p=39827"},"modified":"2026-08-25T11:06:14","modified_gmt":"2026-08-25T09:06:14","slug":"jai-vu-plus-de-coherence-que-lannee-derniere","status":"publish","type":"post","link":"https:\/\/euapp01.newsmemory.com\/lamarseillaise\/news\/2026\/08\/21\/jai-vu-plus-de-coherence-que-lannee-derniere\/","title":{"rendered":"[Entretien] \u00ab J\u2019ai vu plus de coh\u00e9rence que l\u2019ann\u00e9e derni\u00e8re&nbsp;\u00bb"},"content":{"rendered":"<div class=\"paragraph\">\n<p><b>La Marseillaise :<\/b> <b>Comment avez-vous suivi la pr\u00e9paration de la saison qui s\u2019annonce<\/b><b>\u00a0<\/b><b>? <\/b><\/p>\n<p>Jacques Bayle\u00a0: J\u2019ai observ\u00e9 avec int\u00e9r\u00eat tout ce qui s\u2019est d\u00e9roul\u00e9. Je dois admettre que je pensais que pour l\u2019OM, cette p\u00e9riode serait moins compliqu\u00e9e. Il y a des ventes et un all\u00e8gement rapide de la masse salariale. Et l\u00e0, je commence \u00e0 me poser des questions.<\/p>\n<p><b>Est-ce que les matches de pr\u00e9paration vous ont rassur\u00e9.<\/b><\/p>\n<p>J.B. : Ils ont \u00e9t\u00e9 rassurants. Je dois reconna\u00eetre que jusqu\u2019\u00e0 pr\u00e9sent, j\u2019ai vu plus de coh\u00e9rence que l\u2019ann\u00e9e derni\u00e8re. Avec Angel Gomes et Pierre-Emile H\u00f8jbjerg que je trouve m\u00e9tamorphos\u00e9s. Et je vois aussi des choses qui me font plaisir r\u00e9alis\u00e9es par Himade Abdelli. Maintenant, j\u2019ai besoin de voir des rempla\u00e7ants \u00e0 la hauteur et comment ce groupe, s\u2019il reste en l\u2019\u00e9tat, va supporter les rendez-vous qui vont s\u2019ajouter, \u00e0 savoir la coupe d\u2019Europe, puis la coupe de France. Pour jouer sur ces trois tableaux, il faut un effectif avec des rempla\u00e7ants qui font progresser l\u2019\u00e9quipe, ou du moins n\u2019en r\u00e9duisent pas le niveau g\u00e9n\u00e9ral, lorsque le coach fait appel \u00e0 eux.<\/p>\n<p><b>Comprenez-vous la politique actuelle de l\u2019OM<\/b><b>\u00a0<\/b><b>? <\/b><\/p>\n<p>J.B. : Il y avait une urgence, faire partir les gros salaires pour que l\u2019OM soit libre d\u2019un poids trop lourd et de joueurs qui ne justifiaient pas forc\u00e9ment ces revenus hors normes. Maintenant, il faut laisser du temps \u00e0 Bruno Genesio afin qu\u2019il mette en place son plan de jeu. Dans le football, il n\u2019y a pas que le physique qui permet de construire une \u00e9quipe qui tienne la route. Un entra\u00eeneur doit r\u00e9fl\u00e9chir \u00e0 plusieurs tactiques pour que son \u00e9quipe puisse toujours surprendre son adversaire. Pour y parvenir, il a besoin de joueurs ayant les capacit\u00e9s de s\u2019adapter \u00e0 toutes les circonstances. Il arrive apr\u00e8s un Roberto De Zerbi qui avait des id\u00e9es bien arr\u00eat\u00e9es, mais je dois admettre que je n\u2019ai pas du tout adh\u00e9r\u00e9 \u00e0 sa vision du football.<\/p>\n<p><b>\u00cates-vous confiant ou inquiet avec l\u2019OM dans cette configuration<\/b><b>\u00a0<\/b><b>? <\/b><\/p>\n<p>J.B. : Je suis comme tous ceux qui aiment ce club. Ce qui s\u2019est pass\u00e9, jusque-l\u00e0, a de quoi alimenter mes inqui\u00e9tudes. Maintenant, j\u2019ai h\u00e2te d\u2019\u00eatre au 31\u00a0ao\u00fbt, lorsque le mercato fermera ses portes. C\u2019est \u00e0 ce moment-l\u00e0 que nous saurons o\u00f9 l\u2019OM en est et s\u2019il peut avoir des ambitions en championnat, mais aussi en coupe d\u2019Europe et en coupe de France. Ce n\u2019est qu\u2019\u00e0 partir du 1<sup>er<\/sup>\u00a0septembre que nous saurons s\u2019il faut esp\u00e9rer quelque chose de cette saison. Ou si elle risque de devenir celle de toutes les peurs.<\/p>\n<\/p><\/div>\n","protected":false},"excerpt":{"rendered":"La Marseillaise : Comment avez-vous suivi la pr&eacute;paration de la saison qui s&rsquo;annonce&nbsp;?","protected":false},"author":1,"featured_media":39828,"comment_status":"open","ping_status":"open","sticky":false,"template":"","format":"standard","meta":{"footnotes":""},"categories":[3926,3925,7],"tags":[10,13,1153,16,14],"news-destination":[3944],"news-source":[475],"is_homepage":[],"ta_other":[],"class_list":["post-39827","post","type-post","status-publish","format-standard","has-post-thumbnail","hentry","category-accueil-merge","category-accueil-third","category-sports","tag-bouches-du-rhone","tag-football","tag-ligue-1","tag-marseille","tag-om","news-destination-homepage","news-source-website"],"_links":{"self":[{"href":"https:\/\/euapp01.newsmemory.com\/lamarseillaise\/news\/wp-json\/wp\/v2\/posts\/39827","targetHints":{"allow":["GET"]}}],"collection":[{"href":"https:\/\/euapp01.newsmemory.com\/lamarseillaise\/news\/wp-json\/wp\/v2\/posts"}],"about":[{"href":"https:\/\/euapp01.newsmemory.com\/lamarseillaise\/news\/wp-json\/wp\/v2\/types\/post"}],"author":[{"embeddable":true,"href":"https:\/\/euapp01.newsmemory.com\/lamarseillaise\/news\/wp-json\/wp\/v2\/users\/1"}],"replies":[{"embeddable":true,"href":"https:\/\/euapp01.newsmemory.com\/lamarseillaise\/news\/wp-json\/wp\/v2\/comments?post=39827"}],"version-history":[{"count":2,"href":"https:\/\/euapp01.newsmemory.com\/lamarseillaise\/news\/wp-json\/wp\/v2\/posts\/39827\/revisions"}],"predecessor-version":[{"id":39878,"href":"https:\/\/euapp01.newsmemory.com\/lamarseillaise\/news\/wp-json\/wp\/v2\/posts\/39827\/revisions\/39878"}],"wp:featuredmedia":[{"embeddable":true,"href":"https:\/\/euapp01.newsmemory.com\/lamarseillaise\/news\/wp-json\/wp\/v2\/media\/39828"}],"wp:attachment":[{"href":"https:\/\/euapp01.newsmemory.com\/lamarseillaise\/news\/wp-json\/wp\/v2\/media?parent=39827"}],"wp:term":[{"taxonomy":"category","embeddable":true,"href":"https:\/\/euapp01.newsmemory.com\/lamarseillaise\/news\/wp-json\/wp\/v2\/categories?post=39827"},{"taxonomy":"post_tag","embeddable":true,"href":"https:\/\/euapp01.newsmemory.com\/lamarseillaise\/news\/wp-json\/wp\/v2\/tags?post=39827"},{"taxonomy":"news-destination","embeddable":true,"href":"https:\/\/euapp01.newsmemory.com\/lamarseillaise\/news\/wp-json\/wp\/v2\/news-destination?post=39827"},{"taxonomy":"news-source","embeddable":true,"href":"https:\/\/euapp01.newsmemory.com\/lamarseillaise\/news\/wp-json\/wp\/v2\/news-source?post=39827"},{"taxonomy":"is_homepage","embeddable":true,"href":"https:\/\/euapp01.newsmemory.com\/lamarseillaise\/news\/wp-json\/wp\/v2\/is_homepage?post=39827"},{"taxonomy":"ta_other","embeddable":true,"href":"https:\/\/euapp01.newsmemory.com\/lamarseillaise\/news\/wp-json\/wp\/v2\/ta_other?post=39827"}],"curies":[{"name":"wp","href":"https:\/\/api.w.org\/{rel}","templated":true}]}}