{"id":39824,"date":"2026-08-21T07:12:00","date_gmt":"2026-08-21T05:12:00","guid":{"rendered":"https:\/\/euapp01.newsmemory.com\/lamarseillaise\/news\/?p=39824"},"modified":"2026-08-25T08:54:18","modified_gmt":"2026-08-25T06:54:18","slug":"une-nouvelle-ere-pour-lom","status":"publish","type":"post","link":"https:\/\/euapp01.newsmemory.com\/lamarseillaise\/news\/2026\/08\/21\/une-nouvelle-ere-pour-lom\/","title":{"rendered":"Une nouvelle \u00e8re pour l\u2019OM"},"content":{"rendered":"<div class=\"paragraph\">\n<p>Nouvelles tenues, nouveau partenaire, la CEPAC, pour le V\u00e9lodrome, nouveau staff et nouveau pr\u00e9sident.<\/p>\n<p>L\u2019intersaison a \u00e9t\u00e9 synonyme de changements \u00e0 presque tous les \u00e9tages dans la maison OM. Presque, car il y a en un, celui de l\u2019effectif o\u00f9 si des modifications ont \u00e9t\u00e9 enregistr\u00e9es, c\u2019est, jusque-l\u00e0, \u00e0 sens unique. Et c\u2019est donc avec un groupe sans renfort que Bruno Genesio va vivre son bapt\u00eame, cette fois \u00ab\u00a0<i>du bon c\u00f4t\u00e9 du terrain<\/i><i>\u00a0<\/i>\u00bb avait-il plaisant\u00e9, lors de sa premi\u00e8re prise de parole.<\/p>\n<p>Celui qui a accept\u00e9 de relever le gant, tout en sachant qu\u2019il aurait \u00e0 faire face \u00e0 d\u2019\u00e9normes contraintes, confesse son impatience \u00ab\u00a0<i>apr\u00e8s sept semaines de pr\u00e9paration, retrouver le public est un plaisir<\/i><i>\u00a0<\/i>\u00bb. Il a pu humer l\u2019atmosph\u00e8re, lors des deux matches de gala contre l\u2019Athletic Bilbao et l\u2019Atl\u00e9tico de Madrid. Mais cette fois, il y aura les groupes de supporters.<\/p>\n<p>Leurs repr\u00e9sentants ont eu une rencontre avec Bruno Genesio, en d\u00e9but de semaine. Les \u00e9changes ont \u00e9t\u00e9 tendus, montrant que ces derniers \u00e9taient en col\u00e8re vis-\u00e0-vis d\u2019un mercato jusque-l\u00e0 cantonn\u00e9 aux d\u00e9parts, estimant que Franck McCourt ne s\u2019investissait plus suffisamment dans le club.<\/p>\n<p>Malgr\u00e9 ces tensions, Bruno Genesio clame son envie d\u2019entrer dans le vif du sujet. \u00ab\u00a0<i>Comme chaque d\u00e9but de saison, nous sommes devant une page blanche avec ses incertitudes<\/i><i>\u00a0<\/i>\u00bb. Tentant de faire abstraction d\u2019un contexte particuli\u00e8rement anxiog\u00e8ne. Avec une double sanction de la DNCG et l\u2019UEFA qui a r\u00e9duit la marge de man\u0153uvre sur le mercato.<\/p>\n<p>Il s\u2019est donc concentr\u00e9 sur le sportif. Avalant au passage quelques couleuvres, notamment un changement de capitaine impos\u00e9 par sa direction. Et s\u2019il ne veut pas \u00e9voquer les r\u00e9sultats des matches de pr\u00e9paration, pour lui, \u00ab\u00a0<i>ce qui compte, c\u2019est la progression que j\u2019ai constat\u00e9e dans nos sept semaines de pr\u00e9paration avec des joueurs qui ont compris ce que j\u2019attends d\u2019eux<\/i><i>\u00a0<\/i>\u00bb. Le moment est donc venu de valider ces acquis. Et Strasbourg est la premi\u00e8re \u00e9preuve pour y parvenir. Face \u00e0 un adversaire qui conna\u00eet lui aussi un \u00e9t\u00e9 compliqu\u00e9, l\u2019OM a peut-\u00eatre l\u2019opportunit\u00e9 de se lancer sereinement, apr\u00e8s une saison 2025\/2026 qui a vir\u00e9 au fiasco.<\/p>\n<p>\u00ab\u00a0<i>C\u2019est le moment de montrer nos forces. De respecter le football face \u00e0 un adversaire ambitieux<\/i><i>\u00a0<\/i>\u00bb, commente Timothy Weah. Celui qui est d\u00e9sormais capitaine n\u2019affiche pas d\u2019inqui\u00e9tude quant \u00e0 la situation compliqu\u00e9e que vit le club. \u00ab\u00a0<i>Notre groupe m\u00e9rite beaucoup de choses et surtout de gagner des matches<\/i><i>\u00a0<\/i>\u00bb. \u00c0 commencer par celui de ce soir. La mani\u00e8re dont l\u2019OM se comportera pourrait \u00eatre un bon tremplin pour la suite.<\/p>\n<\/p><\/div>\n<div class=\"paragraph\">\n<p>\u00ab Nous sommes devant une page blanche avec ses incertitudes \u00bb<\/p>\n<\/p><\/div>\n","protected":false},"excerpt":{"rendered":"Nouvelles tenues, nouveau partenaire, la CEPAC, pour le V&eacute;lodrome, nouveau staff et nouveau pr&eacute;sident.","protected":false},"author":1,"featured_media":39825,"comment_status":"open","ping_status":"open","sticky":false,"template":"","format":"standard","meta":{"footnotes":""},"categories":[3926,3925,7],"tags":[10,13,1153,16,14],"news-destination":[3944],"news-source":[475],"is_homepage":[],"ta_other":[],"class_list":["post-39824","post","type-post","status-publish","format-standard","has-post-thumbnail","hentry","category-accueil-merge","category-accueil-third","category-sports","tag-bouches-du-rhone","tag-football","tag-ligue-1","tag-marseille","tag-om","news-destination-homepage","news-source-website"],"_links":{"self":[{"href":"https:\/\/euapp01.newsmemory.com\/lamarseillaise\/news\/wp-json\/wp\/v2\/posts\/39824","targetHints":{"allow":["GET"]}}],"collection":[{"href":"https:\/\/euapp01.newsmemory.com\/lamarseillaise\/news\/wp-json\/wp\/v2\/posts"}],"about":[{"href":"https:\/\/euapp01.newsmemory.com\/lamarseillaise\/news\/wp-json\/wp\/v2\/types\/post"}],"author":[{"embeddable":true,"href":"https:\/\/euapp01.newsmemory.com\/lamarseillaise\/news\/wp-json\/wp\/v2\/users\/1"}],"replies":[{"embeddable":true,"href":"https:\/\/euapp01.newsmemory.com\/lamarseillaise\/news\/wp-json\/wp\/v2\/comments?post=39824"}],"version-history":[{"count":1,"href":"https:\/\/euapp01.newsmemory.com\/lamarseillaise\/news\/wp-json\/wp\/v2\/posts\/39824\/revisions"}],"predecessor-version":[{"id":39826,"href":"https:\/\/euapp01.newsmemory.com\/lamarseillaise\/news\/wp-json\/wp\/v2\/posts\/39824\/revisions\/39826"}],"wp:featuredmedia":[{"embeddable":true,"href":"https:\/\/euapp01.newsmemory.com\/lamarseillaise\/news\/wp-json\/wp\/v2\/media\/39825"}],"wp:attachment":[{"href":"https:\/\/euapp01.newsmemory.com\/lamarseillaise\/news\/wp-json\/wp\/v2\/media?parent=39824"}],"wp:term":[{"taxonomy":"category","embeddable":true,"href":"https:\/\/euapp01.newsmemory.com\/lamarseillaise\/news\/wp-json\/wp\/v2\/categories?post=39824"},{"taxonomy":"post_tag","embeddable":true,"href":"https:\/\/euapp01.newsmemory.com\/lamarseillaise\/news\/wp-json\/wp\/v2\/tags?post=39824"},{"taxonomy":"news-destination","embeddable":true,"href":"https:\/\/euapp01.newsmemory.com\/lamarseillaise\/news\/wp-json\/wp\/v2\/news-destination?post=39824"},{"taxonomy":"news-source","embeddable":true,"href":"https:\/\/euapp01.newsmemory.com\/lamarseillaise\/news\/wp-json\/wp\/v2\/news-source?post=39824"},{"taxonomy":"is_homepage","embeddable":true,"href":"https:\/\/euapp01.newsmemory.com\/lamarseillaise\/news\/wp-json\/wp\/v2\/is_homepage?post=39824"},{"taxonomy":"ta_other","embeddable":true,"href":"https:\/\/euapp01.newsmemory.com\/lamarseillaise\/news\/wp-json\/wp\/v2\/ta_other?post=39824"}],"curies":[{"name":"wp","href":"https:\/\/api.w.org\/{rel}","templated":true}]}}