{"id":39821,"date":"2026-08-21T07:21:00","date_gmt":"2026-08-21T05:21:00","guid":{"rendered":"https:\/\/euapp01.newsmemory.com\/lamarseillaise\/news\/?p=39821"},"modified":"2026-08-21T10:06:37","modified_gmt":"2026-08-21T08:06:37","slug":"la-force-du-collectif","status":"publish","type":"post","link":"https:\/\/euapp01.newsmemory.com\/lamarseillaise\/news\/2026\/08\/21\/la-force-du-collectif\/","title":{"rendered":"La force du collectif"},"content":{"rendered":"<div class=\"paragraph\">\n<p>L\u2019\u00e9pilogue de la pr\u00e9c\u00e9dente saison de l\u2019OM a eu lieu sur les pelouses de la Coupe du Monde. Le seul joueur de l\u2019effectif 2025-2026 \u00e0 faire partie de l\u2019\u00e9quipe de France \u00e9tait&#8230; le milieu de terrain Adrien Rabiot. Celui qui quelques semaines apr\u00e8s le d\u00e9but de la saison avait \u00e9t\u00e9 pri\u00e9 de quitter le club suite \u00e0 une rocambolesque \u00ab\u00a0altercation\u00a0\u00bb avec Jonathan Rowe&#8230; L\u2019OM en a pay\u00e9 l\u2019addition comme on paye les musiciens \u00e0 la fin du bal. Avec une deuxi\u00e8me partie de saison catastrophique, en roue libre, un avion sans pilote qui naviguait \u00e0 vue, au fil des matches, en trottinant, parfois m\u00eame pas. Jusqu\u2019\u00e0 l\u2019entra\u00eeneur, en l\u2019occurrence Roberto De Zerbi qui en arrive \u00e0 jeter l\u2019\u00e9ponge. \u00ab\u00a0Vivement que \u00e7a se finisse\u00a0!\u00a0\u00bb, \u00e9tait la phrase la plus r\u00e9currente et la plus entendue durant ce chemin de croix.<\/p>\n<p>Renverser<br \/>la table<\/p>\n<p>Alors qu\u2019attendre <br \/>de la nouvelle \u00e9quipe dirigeante de l\u2019Olympique de Marseille\u00a0? Tout\u00a0! \u00c9videmment. Que le club retrouve des couleurs et avec lui ses supporters. Que ce nouveau d\u00e9part, qui rabat beaucoup de cartes, permette de souder un collectif, qui \u00e0 l\u2019instar de Lens contre le PSG lors du troph\u00e9e des Champions, soit en capacit\u00e9 de renverser la table dans n\u2019importe quel match. L\u00e0 encore, les difficult\u00e9s financi\u00e8res de l\u2019OM rendent assez improbable l\u2019arriv\u00e9e d\u2019une pl\u00e9thore de joueurs de premier plan d\u2019ici le 1<sup>er<\/sup>\u00a0septembre. Mais ce n\u2019est peut-\u00eatre pas plus mal d\u2019\u00eatre accul\u00e9 \u00e0 devoir se serrer les coudes, \u00e0 mouiller <br \/>le maillot et \u00e0 compter les uns sur les autres plut\u00f4t que dans une \u00ab\u00a0individualit\u00e9\u00a0\u00bb qui ferait la diff\u00e9rence \u00e0 <br \/>tous les coups. <br \/>S\u2019il y a un chemin \u00e0 suivre, c\u2019est celui du collectif, dont la force est parfois insoup\u00e7onnable.<\/p>\n<\/p><\/div>\n","protected":false},"excerpt":{"rendered":"L&rsquo;&eacute;pilogue de la pr&eacute;c&eacute;dente saison de l&rsquo;OM a eu lieu sur les pelouses de la Coupe du Monde. Le seul joueur de l&rsquo;effectif 2025-2026 &agrave; faire partie de l&rsquo;&eacute;quipe de France &eacute;tait&#8230; le &#8230;","protected":false},"author":1,"featured_media":39822,"comment_status":"open","ping_status":"open","sticky":false,"template":"","format":"standard","meta":{"footnotes":""},"categories":[332],"tags":[16,900,1215,1211,3480],"news-destination":[],"news-source":[475],"is_homepage":[],"ta_other":[],"class_list":["post-39821","post","type-post","status-publish","format-standard","has-post-thumbnail","hentry","category-edito","tag-marseille","tag-match","tag-olympique-de-marseille","tag-saison","tag-stade-velodrome","news-source-website"],"_links":{"self":[{"href":"https:\/\/euapp01.newsmemory.com\/lamarseillaise\/news\/wp-json\/wp\/v2\/posts\/39821","targetHints":{"allow":["GET"]}}],"collection":[{"href":"https:\/\/euapp01.newsmemory.com\/lamarseillaise\/news\/wp-json\/wp\/v2\/posts"}],"about":[{"href":"https:\/\/euapp01.newsmemory.com\/lamarseillaise\/news\/wp-json\/wp\/v2\/types\/post"}],"author":[{"embeddable":true,"href":"https:\/\/euapp01.newsmemory.com\/lamarseillaise\/news\/wp-json\/wp\/v2\/users\/1"}],"replies":[{"embeddable":true,"href":"https:\/\/euapp01.newsmemory.com\/lamarseillaise\/news\/wp-json\/wp\/v2\/comments?post=39821"}],"version-history":[{"count":1,"href":"https:\/\/euapp01.newsmemory.com\/lamarseillaise\/news\/wp-json\/wp\/v2\/posts\/39821\/revisions"}],"predecessor-version":[{"id":39823,"href":"https:\/\/euapp01.newsmemory.com\/lamarseillaise\/news\/wp-json\/wp\/v2\/posts\/39821\/revisions\/39823"}],"wp:featuredmedia":[{"embeddable":true,"href":"https:\/\/euapp01.newsmemory.com\/lamarseillaise\/news\/wp-json\/wp\/v2\/media\/39822"}],"wp:attachment":[{"href":"https:\/\/euapp01.newsmemory.com\/lamarseillaise\/news\/wp-json\/wp\/v2\/media?parent=39821"}],"wp:term":[{"taxonomy":"category","embeddable":true,"href":"https:\/\/euapp01.newsmemory.com\/lamarseillaise\/news\/wp-json\/wp\/v2\/categories?post=39821"},{"taxonomy":"post_tag","embeddable":true,"href":"https:\/\/euapp01.newsmemory.com\/lamarseillaise\/news\/wp-json\/wp\/v2\/tags?post=39821"},{"taxonomy":"news-destination","embeddable":true,"href":"https:\/\/euapp01.newsmemory.com\/lamarseillaise\/news\/wp-json\/wp\/v2\/news-destination?post=39821"},{"taxonomy":"news-source","embeddable":true,"href":"https:\/\/euapp01.newsmemory.com\/lamarseillaise\/news\/wp-json\/wp\/v2\/news-source?post=39821"},{"taxonomy":"is_homepage","embeddable":true,"href":"https:\/\/euapp01.newsmemory.com\/lamarseillaise\/news\/wp-json\/wp\/v2\/is_homepage?post=39821"},{"taxonomy":"ta_other","embeddable":true,"href":"https:\/\/euapp01.newsmemory.com\/lamarseillaise\/news\/wp-json\/wp\/v2\/ta_other?post=39821"}],"curies":[{"name":"wp","href":"https:\/\/api.w.org\/{rel}","templated":true}]}}