{"id":39818,"date":"2026-08-21T07:31:00","date_gmt":"2026-08-21T05:31:00","guid":{"rendered":"https:\/\/euapp01.newsmemory.com\/lamarseillaise\/news\/?p=39818"},"modified":"2026-08-25T09:08:03","modified_gmt":"2026-08-25T07:08:03","slug":"narcotrafic-des-educateurs-marseillais-en-formation-en-italie","status":"publish","type":"post","link":"https:\/\/euapp01.newsmemory.com\/lamarseillaise\/news\/2026\/08\/21\/narcotrafic-des-educateurs-marseillais-en-formation-en-italie\/","title":{"rendered":"Narcotrafic&nbsp;: des \u00e9ducateurs marseillais en formation en Italie"},"content":{"rendered":"<div class=\"paragraph\">\n<p>Un programme Erasmus particulier&#8230; Financ\u00e9 par l\u2019Europe, le projet port\u00e9 par l\u2019association Crim\u2019Halt, va cette ann\u00e9e embarquer trois \u00e9ducateurs marseillais pour repr\u00e9senter la France et participer \u00e0 un \u00ab\u00a0<i>\u00e9change de bonnes pratiques<\/i>\u00a0\u00bb explique Fabrice Rizzoli, son pr\u00e9sident.<\/p>\n<p>Une vingtaine de jeunes travailleurs, \u00ab\u00a0<i>en rapport avec la protection de la jeunesse<\/i>\u00a0\u00bb, pr\u00e9cise-t-il, venus aussi de Roumanie, Bulgarie, Serbie et Lituanie sont attendus ce samedi 21\u00a0ao\u00fbt pour un stage d\u2019une semaine \u00e0 la coop\u00e9rative sociale \u00ab\u00a0Al di l\u00e0 dei sogni\u00a0\u00bb, litt\u00e9ralement \u00ab\u00a0au-del\u00e0 des r\u00eaves\u00a0\u00bb, dont Crim\u2019Halt est partenaire. Situ\u00e9e \u00e0 Maiano di Sessa Aurunca, \u00e0 la fronti\u00e8re entre Campanie et Latium, au Nord de Naples, c\u2019est un lieu \u00e0 \u00ab\u00a0<i>la forte dimension symbolique<\/i>\u00a0\u00bb estime Fabrice Rizzoli. D\u2019abord \u00ab\u00a0<i>parce que c\u2019est <\/i><i>en Italie, pays de la mafia et l\u2019anti-mafia<\/i><i>\u00a0<\/i>\u00bb mais parce qu\u2019il s\u2019agit aussi d\u2019une propri\u00e9t\u00e9 de 17\u00a0hectares confisqu\u00e9e \u00e0 la Camorra, baptis\u00e9e \u00ab\u00a0Alberto Varone\u00a0\u00bb, du nom d\u2019un petit entrepreneur local qui a os\u00e9 s\u2019opposer aux extorsions du clan des \u00ab\u00a0Muzzoni\u00a0\u00bb, affili\u00e9 \u00e0 la Nuova Famiglia de la camorra campanienne, explique le minist\u00e8re de l\u2019Int\u00e9rieur italien. Il le paiera de sa vie le 24\u00a0juillet 1991, abattu \u00e0 bout portant par un commando.<\/p>\n<p>Pour Crim\u2019Halt, qui travaille depuis\u00a02015 \u00e0 l\u2019engagement des citoyens face \u00e0 la criminalit\u00e9, cette semaine s\u2019inscrit dans la continuit\u00e9.<\/p>\n<\/p><\/div>\n<div class=\"intext\"> Gagner du temps\n              <\/div>\n<div class=\"paragraph\">\n<p>Collectif des familles de victimes, bailleurs sociaux&#8230; \u00ab\u00a0<i>Nous avons emmen\u00e9 des personnes diff\u00e9rentes, en<\/i><i>\u00a0<\/i><i>2019 et<\/i><i>\u00a0<\/i><i>2020 qui ont pu voir des outils qui fonctionnent en Italie, cela nous a aid\u00e9s \u00e0 pousser pour obtenir la loi d\u2019usage social des biens confisqu\u00e9s en France en 2021<\/i>\u00a0\u00bb, pr\u00e9cise Fabrice Rizzoli. La connexion avec Amine Kessaci, militant \u00e9cologiste, mobilis\u00e9 contre le narcotrafic apr\u00e8s l\u2019assassinat de deux de ses fr\u00e8res, et devenu adjoint \u00e0 la Jeunesse et \u00e0 la Citoyennet\u00e9 \u00e0 la mairie de Marseille, s\u2019est faite \u00e0 ce moment-l\u00e0.<\/p>\n<p>\u00ab\u00a0<i>Je l\u2019ai connu lorsque j\u2019\u00e9tais \u00e0 la t\u00eate de Conscience [association qui soutient les familles victimes du narcotrafic, Ndlr], je connais d\u00e9j\u00e0 un peu le syst\u00e8me italien que j\u2019estime le plus avanc\u00e9 en mati\u00e8re de lutte contre le crime organis\u00e9. J\u2019\u00e9tais notamment all\u00e9 \u00e0 Palerme rencontrer la famille de Peppino Impastato, un journaliste assassin\u00e9 par la mafia parce qu\u2019il avait une radio locale de quartier, o\u00f9 il d\u00e9non\u00e7ait leurs agissements<\/i>\u00a0\u00bb, raconte l\u2019\u00e9lu. Il a propos\u00e9 d\u2019envoyer une agente de son service pr\u00e9vention de la d\u00e9linquance. \u00ab\u00a0<i>On peut comparer, s\u2019inspirer, voir ce qui fonctionne ou pas, et puis \u00e7a fait aussi gagner un temps fou<\/i>\u00a0\u00bb, consid\u00e8re Amine Kessaci qui a aussi pens\u00e9 \u00e0 <a href=\"https:\/\/www.lamarseillaise.fr\/societe\/a-bel-horizon-les-ados-revent-d-ailleurs-NA20578270\">Mohamed Benmeddour, de l\u2019association Apis, et son bus nomade qui va \u00e0 la rencontre des ados dans les cit\u00e9s<\/a>.<\/p>\n<p>\u00ab\u00a0<i>Pour moi, c\u2019est une premi\u00e8re, j\u2019esp\u00e8re \u00e9changer sur nos m\u00e9thodes, savoir ce qui se fait de l\u2019autre c\u00f4t\u00e9 de la fronti\u00e8re, voir comme ils traitent ce rapport de la jeunesse \u00e0 la d\u00e9linquance et aussi apporter mon exp\u00e9rience<\/i><i>\u00a0<\/i>\u00bb\u00a0; nous confie ce dernier avant le d\u00e9part. Du c\u00f4t\u00e9 de Crim\u2019Halt, on se pr\u00e9pare \u00e9galement \u00e0 lancer une vaste enqu\u00eate sociologique sur les raisons qui poussent \u00ab\u00a0<i>les jeunes \u00e0 entrer dans le crime organis\u00e9<\/i><i>\u00a0<\/i>\u00bb, ajoute Fabrice Rizzoli. Il entend aussi d\u00e9fendre \u00ab<i>\u00a0<\/i><i>le concept de la victime innocente o\u00f9 on va faire en sorte de renforcer, d\u00e9fendre la m\u00e9moire des victimes qui n\u2019\u00e9taient pas impliqu\u00e9es<\/i>\u00a0\u00bb, les \u00ab\u00a0<i>grandes oubli\u00e9es des journalistes, du grand public, focalis\u00e9s sur l\u2019auteur de l\u2019infraction<\/i>\u00a0\u00bb.<\/p>\n<\/p><\/div>\n","protected":false},"excerpt":{"rendered":"Un programme Erasmus particulier&#8230; Financ&eacute; par l&rsquo;Europe, le projet port&eacute; par l&rsquo;association Crim&rsquo;Halt, va cette ann&eacute;e embarquer trois &eacute;ducateurs marseillais pour repr&eacute;senter la France et &#8230;","protected":false},"author":1,"featured_media":39819,"comment_status":"open","ping_status":"open","sticky":false,"template":"","format":"standard","meta":{"footnotes":""},"categories":[3926,3925,20],"tags":[2343,3783,510,10,797,511,102,3763,3040,2220,1753,4109,1210,58,754,505,59,3496,1443,16,520,268,431,1968,197,1941],"news-destination":[3944],"news-source":[475],"is_homepage":[],"ta_other":[],"class_list":["post-39818","post","type-post","status-publish","format-standard","has-post-thumbnail","hentry","category-accueil-merge","category-accueil-third","category-societe","tag-amine-kessaci","tag-assassine","tag-bailleurs-sociaux","tag-bouches-du-rhone","tag-citoyennete","tag-citoyens","tag-collectif","tag-conscience","tag-cooperative","tag-delinquance","tag-educateurs","tag-erasmus","tag-experience","tag-famille","tag-familles","tag-formation","tag-jeunes","tag-mafia","tag-mairie-de-marseille","tag-marseille","tag-ministere","tag-narcotrafic","tag-prevention","tag-protection-de-la-jeunesse","tag-travailleurs-sociaux","tag-victimes","news-destination-homepage","news-source-website"],"_links":{"self":[{"href":"https:\/\/euapp01.newsmemory.com\/lamarseillaise\/news\/wp-json\/wp\/v2\/posts\/39818","targetHints":{"allow":["GET"]}}],"collection":[{"href":"https:\/\/euapp01.newsmemory.com\/lamarseillaise\/news\/wp-json\/wp\/v2\/posts"}],"about":[{"href":"https:\/\/euapp01.newsmemory.com\/lamarseillaise\/news\/wp-json\/wp\/v2\/types\/post"}],"author":[{"embeddable":true,"href":"https:\/\/euapp01.newsmemory.com\/lamarseillaise\/news\/wp-json\/wp\/v2\/users\/1"}],"replies":[{"embeddable":true,"href":"https:\/\/euapp01.newsmemory.com\/lamarseillaise\/news\/wp-json\/wp\/v2\/comments?post=39818"}],"version-history":[{"count":1,"href":"https:\/\/euapp01.newsmemory.com\/lamarseillaise\/news\/wp-json\/wp\/v2\/posts\/39818\/revisions"}],"predecessor-version":[{"id":39820,"href":"https:\/\/euapp01.newsmemory.com\/lamarseillaise\/news\/wp-json\/wp\/v2\/posts\/39818\/revisions\/39820"}],"wp:featuredmedia":[{"embeddable":true,"href":"https:\/\/euapp01.newsmemory.com\/lamarseillaise\/news\/wp-json\/wp\/v2\/media\/39819"}],"wp:attachment":[{"href":"https:\/\/euapp01.newsmemory.com\/lamarseillaise\/news\/wp-json\/wp\/v2\/media?parent=39818"}],"wp:term":[{"taxonomy":"category","embeddable":true,"href":"https:\/\/euapp01.newsmemory.com\/lamarseillaise\/news\/wp-json\/wp\/v2\/categories?post=39818"},{"taxonomy":"post_tag","embeddable":true,"href":"https:\/\/euapp01.newsmemory.com\/lamarseillaise\/news\/wp-json\/wp\/v2\/tags?post=39818"},{"taxonomy":"news-destination","embeddable":true,"href":"https:\/\/euapp01.newsmemory.com\/lamarseillaise\/news\/wp-json\/wp\/v2\/news-destination?post=39818"},{"taxonomy":"news-source","embeddable":true,"href":"https:\/\/euapp01.newsmemory.com\/lamarseillaise\/news\/wp-json\/wp\/v2\/news-source?post=39818"},{"taxonomy":"is_homepage","embeddable":true,"href":"https:\/\/euapp01.newsmemory.com\/lamarseillaise\/news\/wp-json\/wp\/v2\/is_homepage?post=39818"},{"taxonomy":"ta_other","embeddable":true,"href":"https:\/\/euapp01.newsmemory.com\/lamarseillaise\/news\/wp-json\/wp\/v2\/ta_other?post=39818"}],"curies":[{"name":"wp","href":"https:\/\/api.w.org\/{rel}","templated":true}]}}