{"id":39815,"date":"2026-08-21T09:48:00","date_gmt":"2026-08-21T07:48:00","guid":{"rendered":"https:\/\/euapp01.newsmemory.com\/lamarseillaise\/news\/?p=39815"},"modified":"2026-08-26T08:13:21","modified_gmt":"2026-08-26T06:13:21","slug":"treize-habitat-relance-la-chaise-a-porteurs","status":"publish","type":"post","link":"https:\/\/euapp01.newsmemory.com\/lamarseillaise\/news\/2026\/08\/21\/treize-habitat-relance-la-chaise-a-porteurs\/","title":{"rendered":"\u00c0 Marseille Treize Habitat relance la chaise \u00e0 porteurs"},"content":{"rendered":"<div class=\"paragraph\">\n<p>Dans le hall du b\u00e2timent\u00a031, un p\u00e8re et ses deux enfants s\u2019appr\u00eatent \u00e0 grimper les escaliers pour rejoindre leur appartement au 10<sup>e<\/sup>\u00a0\u00e9tage. \u00ab\u00a0<i>C\u2019est comme \u00e7a depuis 8<\/i><i>\u00a0<\/i><i>mois<\/i><i>\u00a0<\/i>\u00bb, confie-t-il avec lassitude et une pens\u00e9e \u00ab\u00a0<i>pour ceux du 13<\/i><i><sup>e<\/sup><\/i>\u00a0\u00bb.<\/p>\n<p>Les locataires du b\u00e2timent\u00a031 de cette cit\u00e9 du 15<sup>e<\/sup>\u00a0arrondissement de Marseille, sont victimes d\u2019une panne d\u2019ascenseur suite \u00e0 un incendie criminel. \u00ab\u00a0<i>13<\/i><i>\u00a0<\/i><i>Habitat exp\u00e9rimente un nouveau dispositif de mobilit\u00e9 verticale pour ses locataires et met en place d\u00e8s ce jeudi 20<\/i><i>\u00a0<\/i><i>ao\u00fbt, une exp\u00e9rimentation destin\u00e9e \u00e0 accompagner les locataires \u00e0 mobilit\u00e9 r\u00e9duite du b\u00e2timent<\/i><i>\u00a0<\/i><i>31<\/i>\u00a0\u00bb, explique le bailleur social dans un communiqu\u00e9. Pr\u00e9cisant\u00a0: \u00ab\u00a0<i>Ce dispositif sera maintenu tant que l\u2019ascenseur sera hors service<\/i>\u00a0\u00bb.<\/p>\n<p>Les d\u00e9lais de remise en service de l\u2019appareil s\u2019allongent, \u00ab\u00a0<i>relevant \u00e0 la fois de l\u2019approvisionnement des pi\u00e8ces n\u00e9cessaires et \u00e9galement de l\u2019intervention d\u2019Enedis<\/i>\u00a0\u00bb, selon 13\u00a0Habitat qui n\u2019\u00e9tait pas joignable ce jeudi. Il a fait appel \u00e0 la soci\u00e9t\u00e9 SAMV pour un service de portage \u00e0 la demande pour les personnes \u00e0 mobilit\u00e9 r\u00e9duite ne pouvant pas monter ou descendre seules les escaliers. Ce dispositif leur permet de b\u00e9n\u00e9ficier d\u2019un<i> <\/i>\u00ab\u00a0<i>accompagnement s\u00e9curis\u00e9 dans leurs d\u00e9placements avec un num\u00e9ro d\u2019astreinte, disponible 24h\/24 et 7j\/7 pour une intervention dans un d\u00e9lai maximum de deux heures<\/i>\u00a0\u00bb. Une exp\u00e9rimentation qui permettra \u00ab\u00a0<i>d\u2019\u00e9valuer le dispositif et d\u2019en mesurer concr\u00e8tement l\u2019utilisation. Ces retours permettront d\u2019identifier les am\u00e9liorations \u00e0 apporter et, le cas \u00e9ch\u00e9ant, d\u2019\u00e9largir le p\u00e9rim\u00e8tre du service \u00e0 d\u2019autres situations ou d\u2019autres usages rencontr\u00e9s sur le d\u00e9partement<\/i>\u00a0\u00bb. Et si on r\u00e9glait la probl\u00e9matique des pi\u00e8ces et de la r\u00e9paration\u00a0?<\/p>\n<\/p><\/div>\n","protected":false},"excerpt":{"rendered":"Dans le hall du b&acirc;timent&nbsp;31, un p&egrave;re et ses deux enfants s&rsquo;appr&ecirc;tent &agrave; grimper les escaliers pour rejoindre leur appartement au 10e&nbsp;&eacute;tage. &laquo;&nbsp;C&rsquo;est comme &ccedil;a depuis &#8230;","protected":false},"author":1,"featured_media":39816,"comment_status":"open","ping_status":"open","sticky":false,"template":"","format":"standard","meta":{"footnotes":""},"categories":[3926,3925,20],"tags":[10,52,16],"news-destination":[3944],"news-source":[475],"is_homepage":[],"ta_other":[],"class_list":["post-39815","post","type-post","status-publish","format-standard","has-post-thumbnail","hentry","category-accueil-merge","category-accueil-third","category-societe","tag-bouches-du-rhone","tag-logement-social","tag-marseille","news-destination-homepage","news-source-website"],"_links":{"self":[{"href":"https:\/\/euapp01.newsmemory.com\/lamarseillaise\/news\/wp-json\/wp\/v2\/posts\/39815","targetHints":{"allow":["GET"]}}],"collection":[{"href":"https:\/\/euapp01.newsmemory.com\/lamarseillaise\/news\/wp-json\/wp\/v2\/posts"}],"about":[{"href":"https:\/\/euapp01.newsmemory.com\/lamarseillaise\/news\/wp-json\/wp\/v2\/types\/post"}],"author":[{"embeddable":true,"href":"https:\/\/euapp01.newsmemory.com\/lamarseillaise\/news\/wp-json\/wp\/v2\/users\/1"}],"replies":[{"embeddable":true,"href":"https:\/\/euapp01.newsmemory.com\/lamarseillaise\/news\/wp-json\/wp\/v2\/comments?post=39815"}],"version-history":[{"count":2,"href":"https:\/\/euapp01.newsmemory.com\/lamarseillaise\/news\/wp-json\/wp\/v2\/posts\/39815\/revisions"}],"predecessor-version":[{"id":39898,"href":"https:\/\/euapp01.newsmemory.com\/lamarseillaise\/news\/wp-json\/wp\/v2\/posts\/39815\/revisions\/39898"}],"wp:featuredmedia":[{"embeddable":true,"href":"https:\/\/euapp01.newsmemory.com\/lamarseillaise\/news\/wp-json\/wp\/v2\/media\/39816"}],"wp:attachment":[{"href":"https:\/\/euapp01.newsmemory.com\/lamarseillaise\/news\/wp-json\/wp\/v2\/media?parent=39815"}],"wp:term":[{"taxonomy":"category","embeddable":true,"href":"https:\/\/euapp01.newsmemory.com\/lamarseillaise\/news\/wp-json\/wp\/v2\/categories?post=39815"},{"taxonomy":"post_tag","embeddable":true,"href":"https:\/\/euapp01.newsmemory.com\/lamarseillaise\/news\/wp-json\/wp\/v2\/tags?post=39815"},{"taxonomy":"news-destination","embeddable":true,"href":"https:\/\/euapp01.newsmemory.com\/lamarseillaise\/news\/wp-json\/wp\/v2\/news-destination?post=39815"},{"taxonomy":"news-source","embeddable":true,"href":"https:\/\/euapp01.newsmemory.com\/lamarseillaise\/news\/wp-json\/wp\/v2\/news-source?post=39815"},{"taxonomy":"is_homepage","embeddable":true,"href":"https:\/\/euapp01.newsmemory.com\/lamarseillaise\/news\/wp-json\/wp\/v2\/is_homepage?post=39815"},{"taxonomy":"ta_other","embeddable":true,"href":"https:\/\/euapp01.newsmemory.com\/lamarseillaise\/news\/wp-json\/wp\/v2\/ta_other?post=39815"}],"curies":[{"name":"wp","href":"https:\/\/api.w.org\/{rel}","templated":true}]}}