{"id":39812,"date":"2026-08-21T11:59:00","date_gmt":"2026-08-21T09:59:00","guid":{"rendered":"https:\/\/euapp01.newsmemory.com\/lamarseillaise\/news\/?p=39812"},"modified":"2026-08-26T08:24:34","modified_gmt":"2026-08-26T06:24:34","slug":"les-supporters-entre-inquietude-et-espoir","status":"publish","type":"post","link":"https:\/\/euapp01.newsmemory.com\/lamarseillaise\/news\/2026\/08\/21\/les-supporters-entre-inquietude-et-espoir\/","title":{"rendered":"Les supporters entre inqui\u00e9tude et espoir"},"content":{"rendered":"<div class=\"paragraph\">\n<p>Tic-tac. Une trentaine de supporters attendent devant le centre d\u2019entra\u00eenement de l\u2019Olympique de Marseille, ce mercredi, sous un soleil br\u00fblant. Ils esp\u00e8rent rencontrer les joueurs, une fois leur s\u00e9ance termin\u00e9e, pour leur demander autographe et photo. \u00ab\u00a0<i>Kondogbia m\u2019a donn\u00e9 son maillot il y a trois ans<\/i>\u00a0\u00bb, se vante un jeune homme, arborant fi\u00e8rement le drapeau de la Centrafrique, pays d\u2019origine du milieu de terrain olympien. D\u2019autres supporters patientent \u00e0 l\u2019ombre, assis ou adoss\u00e9s contre un mur tagu\u00e9 aux couleurs de l\u2019OM. Mais ce qu\u2019attendent surtout ces fans, venus des quatre coins de la France, c\u2019est la reprise de l\u2019OM en Ligue\u00a01. Le club phoc\u00e9en d\u00e9bute le championnat ce vendredi \u00e0 20h45 contre Strasbourg. Apr\u00e8s \u00ab\u00a0<i>une saison catastrophe<\/i>\u00a0\u00bb, les attentes pour la saison prochaine sont grandes. \u00ab\u00a0<i>J\u2019aimerais qu\u2019on se qualifie en Europe<\/i>\u00a0\u00bb<i>, <\/i>exprime Angelo, 12\u00a0ans, v\u00eatu d\u2019un maillot de l\u2019OM, lunettes de vitesse bleues sur le nez et casquette jaune fluo viss\u00e9e sur la t\u00eate.<\/p>\n<p>Les imp\u00e9ratifs raisonnent aussi dans les discussions et sur les r\u00e9seaux sociaux. \u00ab\u00a0<i>Je pense que cette \u00e9quipe va agr\u00e9ablement nous surprendre. Dans l\u2019histoire du club, il y a rarement eu deux mauvaises saisons cons\u00e9cutives. Nous venons d\u2019en vivre une<\/i>\u00a0\u00bb, souligne Gilbert Deukmedjian, ancien membre du Club Central des Supporters, la plus ancienne association de supporters de l\u2019OM, qui n\u2019est plus un groupe officiel depuis\u00a02016. \u00ab\u00a0<i>Pour le moment, c\u2019est la grande expectative. <\/i>ajoute de son c\u00f4t\u00e9 l\u2019ultra marseillais Thierry Mode, plus connu sous le nom de Titi c\u2019est toi le boss. <i>Les r\u00e9sultats vont d\u00e9pendre du groupe qui va rester. S\u2019il reste en l\u2019\u00e9tat, je pense que cela peut tenir la route en Ligue<\/i><i>\u00a0<\/i><i>1<\/i>\u00a0\u00bb, consid\u00e8re-t-il. \u00ab\u00a0<i>Comme \u00e0 chaque inter-saison, je ne lis pas et n\u2019\u00e9coute pas ce qui se passe \u00e0 l\u2019OM. Mais cette fois, je dois reconna\u00eetre que je m\u2019inqui\u00e8te un peu. Il n\u2019y a pas eu le moindre recrutement<\/i>\u00a0\u00bb, se d\u00e9sole Gilles, supporter de la Vieille Garde Ultra, premier groupe d\u2019ultras fran\u00e7ais.<\/p>\n<\/p><\/div>\n<div class=\"intext\"> L\u2019absence de recrue inqui\u00e8te\n              <\/div>\n<div class=\"paragraph\">\n<p>\u00c0 dix jours de la fin du mercato, qui se cl\u00f4ture le 1<sup>er<\/sup>\u00a0septembre, l\u2019Olympique de Marseille n\u2019a en effet recrut\u00e9 aucun joueur. Une premi\u00e8re dans l\u2019histoire du club, qui inqui\u00e8te les supporters. \u00ab\u00a0<i>J\u2019ai peur de la saison qui arrive. On vend tout le monde, on ach\u00e8te personne. Il y a un probl\u00e8me<\/i>\u00a0\u00bb, regrette Adonis, 14\u00a0ans, devant les grilles de la Commanderie, pour qui son meilleur souvenir restera une victoire contre l\u2019OL, il y a deux ans. De son c\u00f4t\u00e9, Soraya, 50\u00a0ans, supportrice de l\u2019OM \u00ab\u00a0<i>depuis toujours<\/i>\u00a0\u00bb, relativise. \u00ab\u00a0<i>Faisons avec l\u2019\u00e9quipe qu\u2019on a. N\u2019essayons pas encore d\u2019acheter pour acheter et derri\u00e8re, creuser la dette. Essayons d\u2019\u00eatre \u00e0 l\u2019\u00e9quilibre et apr\u00e8s on verra<\/i>\u00a0\u00bb, soutient celle qui se souvient encore des papinades de Jean-Pierre Papin.<\/p>\n<p>L\u2019attente s\u2019\u00e9ternisant, deux petits gar\u00e7ons en surv\u00eatement du club se r\u00e9fugient sous l\u2019ombre du seul palmier de l\u2019entr\u00e9e du centre d\u2019entra\u00eenement. \u00ab\u00a0Weah, Weah\u00a0!\u00a0\u00bb s\u2019\u00e9crient les supporters. La voiture du d\u00e9fenseur phoc\u00e9en passe mais ne s\u2019arr\u00eate pas. Seuls Ange Lago, attaquant r\u00e9serviste et Jelle Van Neck, deuxi\u00e8me gardien, s\u2019arr\u00eatent pour passer un moment avec leurs supporters.<\/p>\n<\/p><\/div>\n<div class=\"intext\"> Genesio inspire confiance\n              <\/div>\n<div class=\"paragraph\">\n<p>Cette saison marque aussi l\u2019arriv\u00e9e de Bruno Genesio sur le banc phoc\u00e9en. Et il a d\u00e9j\u00e0 gagn\u00e9 le c\u0153ur de certains supporters. \u00ab\u00a0<i>J\u2019ai confiance en Genesio. Il va faire du bon travail, si les dirigeants lui laissent le temps. Cette saison, l\u2019OM paye les erreurs de l\u2019ancienne direction. Il faut faire avec et laisser Genesio travailler<\/i>\u00a0\u00bb, assure Gilbert Deukmedjian. Un sentiment partag\u00e9 par Thierry Mode. \u00ab\u00a0<i>C\u2019est un tr\u00e8s bon entra\u00eeneur, qui a d\u00e9j\u00e0 r\u00e9alis\u00e9 de bonnes choses avec Rennes et Lille.<\/i>\u00a0\u00bb Mais il est aussi attendu au tournant par certains. \u00ab\u00a0<i>Je dois avouer que j\u2019ai du mal avec Genesio. J\u2019ai le sentiment que l\u2019OM passe d\u2019un extr\u00eame \u00e0 l\u2019autre. J\u2019attends de voir ce que cela peut donner<\/i>\u00a0\u00bb, avance Gilles, de la Vieille Garde Ultra. Malgr\u00e9 une saison \u00ab\u00a0<i>tr\u00e8s difficile<\/i>\u00a0\u00bb l\u2019an dernier, la passion demeure chez les supporters. \u00ab\u00a0<i>En 1993, la ville s\u2019est transform\u00e9e, elle \u00e9tait bleu et blanc. Il y a un petit bout de tout \u00e7a qui est toujours l\u00e0. C\u2019est aussi pour \u00e7a qu\u2019on continue \u00e0 supporter l\u2019OM, cette ferveur existe toujours<\/i>\u00a0\u00bb, s\u2019\u00e9merveille Soraya qui a v\u00e9cu le sacre europ\u00e9en \u00e0 Marseille.<\/p>\n<\/p><\/div>\n<div class=\"paragraph\">\n<p>\u00ab\u00a0Je pense que cette \u00e9quipe va agr\u00e9ablement nous surprendre\u00a0\u00bb<\/p>\n<\/p><\/div>\n","protected":false},"excerpt":{"rendered":"Tic-tac. Une trentaine de supporters attendent devant le centre d&rsquo;entra&icirc;nement de l&rsquo;Olympique de Marseille, ce mercredi, sous un soleil br&ucirc;lant. Ils esp&egrave;rent rencontrer les joueurs, une fois leur s&eacute;ance &#8230;","protected":false},"author":1,"featured_media":39813,"comment_status":"open","ping_status":"open","sticky":false,"template":"","format":"standard","meta":{"footnotes":""},"categories":[3926,3925,20,7],"tags":[10,13,1140,15,1196,1153,2070,1215,1034,1843],"news-destination":[3944],"news-source":[475],"is_homepage":[],"ta_other":[],"class_list":["post-39812","post","type-post","status-publish","format-standard","has-post-thumbnail","hentry","category-accueil-merge","category-accueil-third","category-societe","category-sports","tag-bouches-du-rhone","tag-football","tag-groupe","tag-joueur","tag-joueurs","tag-ligue-1","tag-maillot","tag-olympique-de-marseille","tag-reportage","tag-velodrome","news-destination-homepage","news-source-website"],"_links":{"self":[{"href":"https:\/\/euapp01.newsmemory.com\/lamarseillaise\/news\/wp-json\/wp\/v2\/posts\/39812","targetHints":{"allow":["GET"]}}],"collection":[{"href":"https:\/\/euapp01.newsmemory.com\/lamarseillaise\/news\/wp-json\/wp\/v2\/posts"}],"about":[{"href":"https:\/\/euapp01.newsmemory.com\/lamarseillaise\/news\/wp-json\/wp\/v2\/types\/post"}],"author":[{"embeddable":true,"href":"https:\/\/euapp01.newsmemory.com\/lamarseillaise\/news\/wp-json\/wp\/v2\/users\/1"}],"replies":[{"embeddable":true,"href":"https:\/\/euapp01.newsmemory.com\/lamarseillaise\/news\/wp-json\/wp\/v2\/comments?post=39812"}],"version-history":[{"count":1,"href":"https:\/\/euapp01.newsmemory.com\/lamarseillaise\/news\/wp-json\/wp\/v2\/posts\/39812\/revisions"}],"predecessor-version":[{"id":39814,"href":"https:\/\/euapp01.newsmemory.com\/lamarseillaise\/news\/wp-json\/wp\/v2\/posts\/39812\/revisions\/39814"}],"wp:featuredmedia":[{"embeddable":true,"href":"https:\/\/euapp01.newsmemory.com\/lamarseillaise\/news\/wp-json\/wp\/v2\/media\/39813"}],"wp:attachment":[{"href":"https:\/\/euapp01.newsmemory.com\/lamarseillaise\/news\/wp-json\/wp\/v2\/media?parent=39812"}],"wp:term":[{"taxonomy":"category","embeddable":true,"href":"https:\/\/euapp01.newsmemory.com\/lamarseillaise\/news\/wp-json\/wp\/v2\/categories?post=39812"},{"taxonomy":"post_tag","embeddable":true,"href":"https:\/\/euapp01.newsmemory.com\/lamarseillaise\/news\/wp-json\/wp\/v2\/tags?post=39812"},{"taxonomy":"news-destination","embeddable":true,"href":"https:\/\/euapp01.newsmemory.com\/lamarseillaise\/news\/wp-json\/wp\/v2\/news-destination?post=39812"},{"taxonomy":"news-source","embeddable":true,"href":"https:\/\/euapp01.newsmemory.com\/lamarseillaise\/news\/wp-json\/wp\/v2\/news-source?post=39812"},{"taxonomy":"is_homepage","embeddable":true,"href":"https:\/\/euapp01.newsmemory.com\/lamarseillaise\/news\/wp-json\/wp\/v2\/is_homepage?post=39812"},{"taxonomy":"ta_other","embeddable":true,"href":"https:\/\/euapp01.newsmemory.com\/lamarseillaise\/news\/wp-json\/wp\/v2\/ta_other?post=39812"}],"curies":[{"name":"wp","href":"https:\/\/api.w.org\/{rel}","templated":true}]}}