{"id":39807,"date":"2026-08-20T07:33:00","date_gmt":"2026-08-20T05:33:00","guid":{"rendered":"https:\/\/euapp01.newsmemory.com\/lamarseillaise\/news\/?p=39807"},"modified":"2026-08-24T09:50:29","modified_gmt":"2026-08-24T07:50:29","slug":"pendant-deux-jours-embrun-vit-a-lheure-medievale","status":"publish","type":"post","link":"https:\/\/euapp01.newsmemory.com\/lamarseillaise\/news\/2026\/08\/20\/pendant-deux-jours-embrun-vit-a-lheure-medievale\/","title":{"rendered":"Pendant deux jours, Embrun vit \u00e0 l\u2019heure m\u00e9di\u00e9vale"},"content":{"rendered":"<div class=\"paragraph\">\n<p>Du matin au soir, ce jeudi et vendredi, les rues d\u2019Embrun prennent des airs de cit\u00e9 m\u00e9di\u00e9vale. De 10 \u00e0 22h, c\u2019est presque chaque demi-heure qu\u2019a lieu une nouvelle animation. Bien s\u00fbr, il y a toujours les habituels temps forts de la f\u00eate, avec le march\u00e9 m\u00e9di\u00e9val, qui r\u00e9unit plus de 40\u00a0exposants sur la place Dosse et la rue Clovis Hugues, de 10h \u00e0 19h les deux jours, et en nocturne jusqu\u2019\u00e0 22h le jeudi. Sur la place Barthelon et la place aux Herbes, l\u2019Ost des temps jadis, en armure rutilante, propose des d\u00e9monstrations d\u2019escrime et des initiations au tissage, travail du cuir et tir \u00e0 l\u2019arc.<\/p>\n<p>\u00c0 l\u2019occasion du projet europ\u00e9en Alcotra entre les r\u00e9gions italiennes et fran\u00e7aises, une quinzaine de lanceurs de drapeaux et musiciens italiens animeront les rues. La compagnie El Giullari Del Diavolo propose, elle, des spectacles fixes et d\u00e9ambulatoires de com\u00e9die, jonglage, magie, acrobaties, performances de feu, musique et danse. De son c\u00f4t\u00e9, la compagnie Les Joyeux Tourdions invite durant les deux jours \u00e0 des initiations aux danses m\u00e9di\u00e9vales.<\/p>\n<\/p><\/div>\n<div class=\"intext\"> Le soir, d\u00e9fil\u00e9 costum\u00e9<br \/>\n               <br \/>et jongleries\n              <\/div>\n<div class=\"paragraph\">\n<p>La nuit tomb\u00e9e, \u00e0 l\u2019\u00e9mulation s\u2019ajoute la f\u00e9erie. Le jeudi \u00e0 20h30 s\u2019\u00e9lancera le d\u00e9fil\u00e9 costum\u00e9 avec musiciens et jongleurs depuis la place Saint-Marcellin, tandis qu\u2019\u00e0 21h15 l\u2019Ost des temps jadis d\u00e9livre un conte m\u00e9di\u00e9val, anim\u00e9 de jonglerie, \u00e9p\u00e9es et b\u00e2tons de feu sur la place Barthelon. Le vendredi soir, apr\u00e8s le banquet m\u00e9di\u00e9val au jardin du roc, de 20h30 \u00e0 22h, les compagnies El Giullari del Diavolo, Vidofnir et Kazan proposeront successivement des spectacles de danse, jonglerie et musique. Les festivit\u00e9s, nombreuses, ont de quoi faire tourner la t\u00eate.<\/p>\n<\/p><\/div>\n<div class=\"paragraph\">\n<p><i>Le programme complet <br \/>est \u00e0 retrouver sur le site <br \/>de la ville d\u2019embrun<\/i><\/p>\n<\/p><\/div>\n","protected":false},"excerpt":{"rendered":"Du matin au soir, ce jeudi et vendredi, les rues d&rsquo;Embrun prennent des airs de cit&eacute; m&eacute;di&eacute;vale. De 10 &agrave; 22h, c&rsquo;est presque chaque demi-heure qu&rsquo;a lieu une nouvelle animation. Bien s&ucirc;r, il y a &#8230;","protected":false},"author":1,"featured_media":39808,"comment_status":"open","ping_status":"open","sticky":false,"template":"","format":"standard","meta":{"footnotes":""},"categories":[3926,3925,1866],"tags":[4768,1307,466,4468,2372,529],"news-destination":[3944],"news-source":[475],"is_homepage":[],"ta_other":[],"class_list":["post-39807","post","type-post","status-publish","format-standard","has-post-thumbnail","hentry","category-accueil-merge","category-accueil-third","category-loisirs","tag-alpes","tag-animation","tag-fete","tag-hautes-alpes","tag-moyen-age","tag-spectacle","news-destination-homepage","news-source-website"],"_links":{"self":[{"href":"https:\/\/euapp01.newsmemory.com\/lamarseillaise\/news\/wp-json\/wp\/v2\/posts\/39807","targetHints":{"allow":["GET"]}}],"collection":[{"href":"https:\/\/euapp01.newsmemory.com\/lamarseillaise\/news\/wp-json\/wp\/v2\/posts"}],"about":[{"href":"https:\/\/euapp01.newsmemory.com\/lamarseillaise\/news\/wp-json\/wp\/v2\/types\/post"}],"author":[{"embeddable":true,"href":"https:\/\/euapp01.newsmemory.com\/lamarseillaise\/news\/wp-json\/wp\/v2\/users\/1"}],"replies":[{"embeddable":true,"href":"https:\/\/euapp01.newsmemory.com\/lamarseillaise\/news\/wp-json\/wp\/v2\/comments?post=39807"}],"version-history":[{"count":1,"href":"https:\/\/euapp01.newsmemory.com\/lamarseillaise\/news\/wp-json\/wp\/v2\/posts\/39807\/revisions"}],"predecessor-version":[{"id":39809,"href":"https:\/\/euapp01.newsmemory.com\/lamarseillaise\/news\/wp-json\/wp\/v2\/posts\/39807\/revisions\/39809"}],"wp:featuredmedia":[{"embeddable":true,"href":"https:\/\/euapp01.newsmemory.com\/lamarseillaise\/news\/wp-json\/wp\/v2\/media\/39808"}],"wp:attachment":[{"href":"https:\/\/euapp01.newsmemory.com\/lamarseillaise\/news\/wp-json\/wp\/v2\/media?parent=39807"}],"wp:term":[{"taxonomy":"category","embeddable":true,"href":"https:\/\/euapp01.newsmemory.com\/lamarseillaise\/news\/wp-json\/wp\/v2\/categories?post=39807"},{"taxonomy":"post_tag","embeddable":true,"href":"https:\/\/euapp01.newsmemory.com\/lamarseillaise\/news\/wp-json\/wp\/v2\/tags?post=39807"},{"taxonomy":"news-destination","embeddable":true,"href":"https:\/\/euapp01.newsmemory.com\/lamarseillaise\/news\/wp-json\/wp\/v2\/news-destination?post=39807"},{"taxonomy":"news-source","embeddable":true,"href":"https:\/\/euapp01.newsmemory.com\/lamarseillaise\/news\/wp-json\/wp\/v2\/news-source?post=39807"},{"taxonomy":"is_homepage","embeddable":true,"href":"https:\/\/euapp01.newsmemory.com\/lamarseillaise\/news\/wp-json\/wp\/v2\/is_homepage?post=39807"},{"taxonomy":"ta_other","embeddable":true,"href":"https:\/\/euapp01.newsmemory.com\/lamarseillaise\/news\/wp-json\/wp\/v2\/ta_other?post=39807"}],"curies":[{"name":"wp","href":"https:\/\/api.w.org\/{rel}","templated":true}]}}